
{"id":767,"date":"2010-10-19T18:44:42","date_gmt":"2010-10-19T16:44:42","guid":{"rendered":"http:\/\/passent.blog.polityka.pl\/?p=767"},"modified":"2010-10-19T18:44:42","modified_gmt":"2010-10-19T16:44:42","slug":"zbrodnia-wisiala-w-powietrzu","status":"publish","type":"post","link":"https:\/\/blog.polityka.pl\/passent\/2010\/10\/19\/zbrodnia-wisiala-w-powietrzu\/","title":{"rendered":"Zbrodnia wisia\u0142a w powietrzu"},"content":{"rendered":"<p>Trudno dobra\u0107 s\u0142owa i powstrzyma\u0107 my\u015bli (nie zawsze najm\u0105drzejsze), aby skomentowa\u0107 zbrodniczy atak na siedzib\u0119, czy biuro poselskie,  pos\u0142a PiS w \u0141odzi. <\/p>\n<p>Pierwsza reakcja, to smutek, \u017cal i wsp\u00f3\u0142czucie dla wszystkich bliskich z powodu \u015bmierci Pana Marka Rosiaka i ci\u0119\u017cko rannego asystenta pos\u0142a Jagie\u0142\u0142y.<\/p>\n<p>Jedna z pierwszych my\u015bli jest taka,  \u017ce ta zbrodnia wisia\u0142a w powietrzu. Od pewnego czasu, przynajmniej od katastrofy pod Smole\u0144skiem, konfrontacja polityczna w Polsce uleg\u0142a dalszemu zaostrzeniu, by\u0142a celowo podsycana m\u00f3wieniem o zbrodni, o krwi na r\u0119kach, o spisku, o Targowicy, o koniecznym wyeliminowaniu na zawsze z polityki, o dziadku z Wehrmachtu i o zwiastunach faszyzmu, o moralnej i politycznej odpowiedzialno\u015bci \u2013 najpierw za katastrof\u0119, a teraz za morderstwo w \u0141odzi. Nawet, je\u017celi sprawc\u0105 morderstwa jest szaleniec, to wpisuje si\u0119 ono w klimat polityczny ostatnich miesi\u0119cy \u2013 katastrofa, bitwa o krzy\u017c, a przedtem kilkuletnia batalia, w kt\u00f3rej pada\u0142y oskar\u017cenia o chamstwo i antykultur\u0119 lewicy w Sejmie, o ZOMO, o \u0142\u017ce-elit\u0119, o mutacj\u0119 KPP, mod\u0142y o przywr\u00f3cenie wolnej Polski, o przywr\u00f3cenie demokracji. Ta zbrodnia wisia\u0142a w powietrzu.<\/p>\n<p>Dzisiaj nie pora, \u017ceby wraca\u0107 do oskar\u017ce\u0144. Nie s\u0105dz\u0119, \u017ceby s\u0142usznie robi\u0142 Jaros\u0142aw Kaczy\u0144ski, kt\u00f3ry ju\u017c w pierwszym wyst\u0105pieniu win\u0119 moraln\u0105 za zbrodni\u0119 przypisa\u0142 Platformie, rz\u0105dowi i osobi\u015bcie Tuskowi, kt\u00f3rego nazwisko wymienia\u0142 kilka razy (to samo robi Marek Migalski). Ca\u0142e to gadanie o \u201emoralnej odpowiedzialno\u015bci\u201d mo\u017cna r\u00f3wnie dobrze skierowa\u0107 w drug\u0105 stron\u0119, kt\u00f3ra przemawia innym j\u0119zykiem ni\u017c PSL i SLD, od lat dolewa oliwy do ognia pod polskim kot\u0142em politycznym. Pojawienie si\u0119 pochodni nie wr\u00f3\u017cy\u0142o niczego dobrego. Krewcy politycy s\u0105 po obu stronach. Chyba nikt nie jest w stanie zdoby\u0107 si\u0119 na bezstronno\u015b\u0107 i sprawiedliwo\u015b\u0107 w tym sporze. Jaros\u0142aw Kaczy\u0144ski posun\u0105\u0142 si\u0119 dzisiaj do szanta\u017cu m\u00f3wi\u0105c, \u017ce od tej chwili ka\u017cde s\u0142owo krytyki pod adresem jego partii i polityk\u00f3w b\u0119dzie uznawane za pod\u017ceganie do zab\u00f3jstwa. My\u015bl\u0119, \u017ce lepiej by by\u0142o zachowa\u0107 umiar i powag\u0119 w tej tragicznej godzinie.<\/p>\n<p>Pomi\u0119dzy zachowaniem szale\u0144ca, a tym, kto i co popchn\u0119\u0142o go do zbrodni, jest daleka droga. Za naszych czas\u00f3w zamordowany zosta\u0142 prezydent John Kennedy, a tak\u017ce premier Szwecji, Olaf Palme, a motywy zab\u00f3jstw nigdy nie zosta\u0142y potwierdzone. Amerykanie i Szwedzi mieli jednak na tyle kultury, \u017ce nie zacz\u0119li si\u0119 wzajemnie  oskar\u017ca\u0107 o zbrodni\u0119. W latach 20. w Cz\u0119stochowie, pewien ob\u0142\u0105kaniec, wtargn\u0105\u0142 do lokalu Kasy Chorych (kt\u00f3ra wtedy by\u0142a w r\u0119kach PPS) i zabi\u0142 kilka os\u00f3b. By\u0142o to w\u00f3wczas wykorzystane do cel\u00f3w politycznych. Szkoda, \u017ce historia si\u0119 powtarza. Czy ta \u015bmier\u0107 nie p\u00f3jdzie na marne? Obawiam si\u0119, \u017ce i tym razem nie sko\u0144czy si\u0119 na smutku i \u017calu. Apeluj\u0119 o umiar w s\u0105dach, tak\u017ce na naszym blogu.  <\/p>\n","protected":false},"excerpt":{"rendered":"<p>Trudno dobra\u0107 s\u0142owa i powstrzyma\u0107 my\u015bli (nie zawsze najm\u0105drzejsze), aby skomentowa\u0107 zbrodniczy atak na siedzib\u0119, czy biuro poselskie, pos\u0142a PiS w \u0141odzi. Pierwsza reakcja, to smutek, \u017cal i wsp\u00f3\u0142czucie dla wszystkich bliskich z powodu \u015bmierci Pana Marka Rosiaka i ci\u0119\u017cko rannego asystenta pos\u0142a Jagie\u0142\u0142y. Jedna z pierwszych my\u015bli jest taka, \u017ce ta zbrodnia wisia\u0142a w [&hellip;]<\/p>\n","protected":false},"author":4,"featured_media":0,"comment_status":"open","ping_status":"open","sticky":false,"template":"","format":"standard","meta":{"footnotes":""},"categories":[1],"tags":[],"_links":{"self":[{"href":"https:\/\/blog.polityka.pl\/passent\/wp-json\/wp\/v2\/posts\/767"}],"collection":[{"href":"https:\/\/blog.polityka.pl\/passent\/wp-json\/wp\/v2\/posts"}],"about":[{"href":"https:\/\/blog.polityka.pl\/passent\/wp-json\/wp\/v2\/types\/post"}],"author":[{"embeddable":true,"href":"https:\/\/blog.polityka.pl\/passent\/wp-json\/wp\/v2\/users\/4"}],"replies":[{"embeddable":true,"href":"https:\/\/blog.polityka.pl\/passent\/wp-json\/wp\/v2\/comments?post=767"}],"version-history":[{"count":0,"href":"https:\/\/blog.polityka.pl\/passent\/wp-json\/wp\/v2\/posts\/767\/revisions"}],"wp:attachment":[{"href":"https:\/\/blog.polityka.pl\/passent\/wp-json\/wp\/v2\/media?parent=767"}],"wp:term":[{"taxonomy":"category","embeddable":true,"href":"https:\/\/blog.polityka.pl\/passent\/wp-json\/wp\/v2\/categories?post=767"},{"taxonomy":"post_tag","embeddable":true,"href":"https:\/\/blog.polityka.pl\/passent\/wp-json\/wp\/v2\/tags?post=767"}],"curies":[{"name":"wp","href":"https:\/\/api.w.org\/{rel}","templated":true}]}}