
{"id":77,"date":"2006-06-30T10:24:13","date_gmt":"2006-06-30T08:24:13","guid":{"rendered":"http:\/\/passent.blog.polityka.pl\/?p=77"},"modified":"2006-06-30T11:56:15","modified_gmt":"2006-06-30T09:56:15","slug":"wzruszenie-odbiera-glos","status":"publish","type":"post","link":"https:\/\/blog.polityka.pl\/passent\/2006\/06\/30\/wzruszenie-odbiera-glos\/","title":{"rendered":"Wzruszenie odbiera g\u0142os"},"content":{"rendered":"<p>Wzruszenie odbiera\u00a0 g\u0142os, kiedy\u00a0 premier Marcinkiewicz, kt\u00f3ry kilka dni temu przyj\u0105\u0142 dymisj\u0119 Zyty Gilowskiej, teraz wo\u0142a: Zyto \u2013 wr\u00f3\u0107! \u201eZapraszam dzi\u015b, jutro, pojutrze, w ka\u017cdym momencie!\u201d<\/p>\n<p>Wzruszenie odbiera\u00a0 g\u0142os, kiedy szef rz\u0105du PiS nagle i nieoczekiwanie\u00a0 zaapelowa\u0142, \u201eaby\u00a0 nikt nie manipulowa\u0142 ju\u017c wi\u0119cej. Wystarczy tego! Po prostu dosy\u0107. To co jest, to jest dra\u0144stwo.\u201d\u00a0<\/p>\n<p>Ocieram \u0142zy wzruszenia, kiedy czytam komentarz wp\u0142ywowego pos\u0142a PiS,\u00a0Tadeusza Cyma\u0144skiego: \u201e Dociec prawdy \u2013 tak trzeba, ale tylko w atmosferze szlachetnego zatroskania, a nie wzajemnych atak\u00f3w i oskar\u017ce\u0144.\u201d Gdzie by\u0142o szlachetne zatroskanie, kiedy lustracyjni egzekutorzy stawiali pod \u015bcian\u0105 jednego ksi\u0119dza za drugim, kiedy nawiedzeni historycy wyci\u0105gali\u00a0jak z r\u0119kawa jedno nazwisko po drugim, kiedy medialni szakale pisali\u00a0 per \u201ekapusie\u201d \u2013 bez prawa do obrony, bez wyroku niezawis\u0142ego s\u0105du, tylko na podstawie samos\u0105du, a wszystko pod has\u0142em \u201ePrawda nas wyzwoli\u201d.<\/p>\n<p>Wzruszenie zapiera dech, kiedy cz\u0142owiek widzi, \u017ce wczorajsi \u201ekapusie\u201d mog\u0105 nagle okaza\u0107 si\u0119 lud\u017ami skrzywdzonymi, napi\u0119tnowanymi do ko\u0144ca \u017cycia.<\/p>\n<p>Trudno si\u0119 nie wzruszy\u0107 czytaj\u0105c opini\u0119 sekretarza klubu poselskiego PiS, Zbigniewa Girzy\u0144skiego,\u00a0 \u017ce to, co ogl\u0105damy, to \u201ezemsta WSI czy te\u017c by\u0142ych esbek\u00f3w\u201d. A dotychczas si\u0119 nie m\u015bcili? Czy tylko oni i tylko na pani profesor Gilowskiej si\u0119 mszcz\u0105?<\/p>\n<p>Wzruszenie nie pozwala zapyta\u0107, dlaczego prof. Zyta Gilowska otrzyma\u0142a w ko\u0144cu prawo do procesu lustracyjnego (i dobrze!), a dziesi\u0105tki tysi\u0119cy ludzi, kt\u00f3rzy pojawili si\u0119 na r\u00f3\u017cnych listach esbek\u00f3w, maj\u0105 latami dowodzi\u0107, \u017ce nie s\u0105 wielb\u0142\u0105dami?<\/p>\n<p>Prawdziwe rozczulenie ogarnia\u00a0 na my\u015bl o tym, \u017ce niezale\u017cna prokuratura wszcz\u0119\u0142a \u015bledztwo w\u00a0 sprawie fa\u0142szerstwa w teczce J.K. i w sprawie szanta\u017cowania Z.G., ale poza tym mo\u017cna polega\u0107\u00a0 na notatkach i zeznaniach funkcjonariuszy SB, bo przecie\u017c \u201ebezpieka nie ok\u0142amywa\u0142a samej siebie\u201d.<\/p>\n<p>Z prawdziwym uznaniem czytam, \u017ce dokumenty, na podstawie kt\u00f3rych by\u0142y wojewoda nowos\u0105decki Wiktor Sowa zosta\u0142 uznany za agenta &#8211; by\u0142y sfa\u0142szowane, co przyzna\u0142 w s\u0105dzie nawet oficer SB \u2013 ich tw\u00f3rca. \u201ePrze\u017cy\u0142em p\u00f3\u0142 roku moralnego linczu\u201d, m\u00f3wi Wiktor Sowa. Czy tylko on?<\/p>\n<p>Mam nadziej\u0119, \u017ce Szanowni Blogowicze b\u0119d\u0105 mogli przez weekend zastanowi\u0107 si\u0119 i odpowiedzie\u0107 na pytanie: Co si\u0119 sta\u0142o? Co si\u0119 sta\u0142o, \u017ce nagle pan premier zmieni\u0142 zdanie na temat lustracji pani profesor? \u017be nieoczekiwanie pana premiera ruszy\u0142o sumienie i \u201ema do\u015b\u0107 zabijania ludzi\u201d. Sk\u0105d nagle tyle dobroci, \u017ce prezes Kaczy\u0144ski przyje\u017cd\u017ca do Zyty Gilowskiej po jej przes\u0142uchaniu w Sejmie? Dlaczego nagle zacz\u0119to zastanawia\u0107 si\u0119 nad tym, jakie s\u0105 motywy lustrator\u00f3w i czym kierowa\u0142 si\u0119 Rzecznik Interesu Publicznego, przekazuj\u0105c\u00a0spraw\u0119 Z.G. do s\u0105du lustracyjnego? Dlaczego Rzecznik zacz\u0105\u0142 m\u00f3wi\u0107, \u017ce spraw\u0119 prowadzi\u0142 nie on, tylko jego zast\u0119pca Jerzy Rodzik? Dlaczego zacz\u0119to grzeba\u0107 w przesz\u0142o\u015bci s\u0119dziego, \u017ceby go skompromitowa\u0107 i wyci\u0105ga\u0107, \u017ce by\u0142 s\u0119dzi\u0105 wojskowym? Dlaczego zacz\u0119to snu\u0107 domys\u0142y, \u017ce to \u201euk\u0142ad\u201d manipuluje teczkami i podsy\u0142a dokumenty? Jak to si\u0119 sta\u0142o, \u017ce teraz na cenzurowanym znale\u017ali si\u0119 lustruj\u0105cy, a nie lustrowani? Czy\u017cby co\u015b by\u0142o nie w porz\u0105dku z dotychczasow\u0105 lustracj\u0105? Co si\u0119 w Polsce sta\u0142o? Czy nie jest tak, \u017ce niekt\u00f3rzy si\u0119 obudzili, poniewa\u017c lustracja uderzy\u0142a w samo serce ich rz\u0105du?<\/p>\n","protected":false},"excerpt":{"rendered":"<p>Wzruszenie odbiera\u00a0 g\u0142os, kiedy\u00a0 premier Marcinkiewicz, kt\u00f3ry kilka dni temu przyj\u0105\u0142 dymisj\u0119 Zyty Gilowskiej, teraz wo\u0142a: Zyto \u2013 wr\u00f3\u0107! \u201eZapraszam dzi\u015b, jutro, pojutrze, w ka\u017cdym momencie!\u201d Wzruszenie odbiera\u00a0 g\u0142os, kiedy szef rz\u0105du PiS nagle i nieoczekiwanie\u00a0 zaapelowa\u0142, \u201eaby\u00a0 nikt nie manipulowa\u0142 ju\u017c wi\u0119cej. Wystarczy tego! Po prostu dosy\u0107. To co jest, to jest dra\u0144stwo.\u201d\u00a0 Ocieram [&hellip;]<\/p>\n","protected":false},"author":4,"featured_media":0,"comment_status":"open","ping_status":"open","sticky":false,"template":"","format":"standard","meta":{"footnotes":""},"categories":[1],"tags":[],"_links":{"self":[{"href":"https:\/\/blog.polityka.pl\/passent\/wp-json\/wp\/v2\/posts\/77"}],"collection":[{"href":"https:\/\/blog.polityka.pl\/passent\/wp-json\/wp\/v2\/posts"}],"about":[{"href":"https:\/\/blog.polityka.pl\/passent\/wp-json\/wp\/v2\/types\/post"}],"author":[{"embeddable":true,"href":"https:\/\/blog.polityka.pl\/passent\/wp-json\/wp\/v2\/users\/4"}],"replies":[{"embeddable":true,"href":"https:\/\/blog.polityka.pl\/passent\/wp-json\/wp\/v2\/comments?post=77"}],"version-history":[{"count":0,"href":"https:\/\/blog.polityka.pl\/passent\/wp-json\/wp\/v2\/posts\/77\/revisions"}],"wp:attachment":[{"href":"https:\/\/blog.polityka.pl\/passent\/wp-json\/wp\/v2\/media?parent=77"}],"wp:term":[{"taxonomy":"category","embeddable":true,"href":"https:\/\/blog.polityka.pl\/passent\/wp-json\/wp\/v2\/categories?post=77"},{"taxonomy":"post_tag","embeddable":true,"href":"https:\/\/blog.polityka.pl\/passent\/wp-json\/wp\/v2\/tags?post=77"}],"curies":[{"name":"wp","href":"https:\/\/api.w.org\/{rel}","templated":true}]}}