
{"id":771,"date":"2010-10-28T17:48:03","date_gmt":"2010-10-28T15:48:03","guid":{"rendered":"http:\/\/passent.blog.polityka.pl\/?p=771"},"modified":"2010-10-28T17:48:03","modified_gmt":"2010-10-28T15:48:03","slug":"stracona-okazja","status":"publish","type":"post","link":"https:\/\/blog.polityka.pl\/passent\/2010\/10\/28\/stracona-okazja\/","title":{"rendered":"Stracona okazja"},"content":{"rendered":"<p>Pogrzeb Marka Rosiaka m\u00f3g\u0142 si\u0119 sta\u0107 krokiem w kierunku pojednania, ale nie u nas, nie w Polsce A.D. 2010. Trzy czwarte respondent\u00f3w w badaniach opinii publicznej nie wierzy w rych\u0142e pojednanie i ma racj\u0119. Podczas nabo\u017ce\u0144stwa w katedrze, prezes Kaczy\u0144ski m\u00f3wi\u0142, \u017ce agresja w naszym \u017cyciu spo\u0142ecznym zosta\u0142a \u201eskierowana przeciwko PiS\u201d. Zaapelowa\u0142, \u017ceby ten \u201espos\u00f3b rz\u0105dzenia\u201d zosta\u0142 odrzucony, a poniewa\u017c rz\u0105dzi Platforma, to s\u0142owa te skierowane by\u0142y przeciwko niej. Wysz\u0142o na to, \u017ce to Platforma zamordowa\u0142a Marka Rosiaka (po tym, jak zamordowa\u0142a prezydenta Lecha Kaczy\u0144skiego i 95 innych osobisto\u015bci). Co prawda nikt nie jest bez winy, przyczyny obu nieszcz\u0119\u015b\u0107 s\u0105 rozmaite, ale prezes Kaczy\u0144ski opowiada banialuki. <\/p>\n<p>Agresja w III RP nie zacz\u0119\u0142a si\u0119 od powstania PiS, ma ca\u0142kiem bogate tradycje, \u017ce wspomn\u0119 tylko agresj\u0119 przeciwko Wa\u0142\u0119sie, Jaruzelskiemu, Michnikowi, i wielu innym. Jeszcze PiS i Platforma nie istnia\u0142y, a Jaros\u0142aw Kaczy\u0144ski i Antoni Macierewicz urz\u0105dzali awantury i parli do konfliktu. Obecna agresja nie jest skierowana tylko przeciwko PiS, jest raczej jak bumerang, kt\u00f3ry do PiS powr\u00f3ci\u0142. Dla zbyt krewkich polityk\u00f3w w obozie Platformy (i popieraj\u0105cych j\u0105 dziennikarzy) nie ma usprawiedliwienia, Palikot wyrz\u0105dzi\u0142 wielka przys\u0142ug\u0119 PiS-owi, m\u00f3g\u0142 by\u0107 bardziej oszcz\u0119dny w s\u0142owach marsza\u0142ek Niesio\u0142owski ale nie ma w tej dziedzinie \u017cadnej symetrii PO &#8211; PiS. G\u0142\u00f3wnym \u017ar\u00f3d\u0142em agresji jest prezes Kaczy\u0144ski i jego partia.  <\/p>\n<p>Tak\u017ce europose\u0142 Janusz Wojciechowski (dawniej PSL, obecnie PiS) nie ugryz\u0142 si\u0119 w j\u0119zyk w katedrze, tylko m\u00f3wi\u0142, \u017ce zabrak\u0142o s\u0142\u00f3w \u201eprzepraszam\u201d i \u201e\u017ca\u0142uj\u0119\u201d, \u017ce bez tych dw\u00f3ch s\u0142\u00f3w wszelkie gesty znacz\u0105 niewiele. Poniewa\u017c gesty, jeden pod drugim i wsp\u00f3lnie, wykonuj\u0105 Komorowski, Tusk i Schetyna, wi\u0119c wiadomo, do kogo pije J.W. Zreszt\u0105, wystarczy zajrze\u0107 na jego bloga, \u017ceby si\u0119 naczyta\u0107 o \u201ezabijaniu PIS-u\u201d przez z\u0142odziei i agent\u00f3w.<\/p>\n<p>Pogrzeb jest z natury rzeczy wydarzeniem smutnym, morderstwo jest zbrodni\u0105, po co s\u0105czy\u0107 do tego jeszcze jad i polityczna propagand\u0119?<\/p>\n","protected":false},"excerpt":{"rendered":"<p>Pogrzeb Marka Rosiaka m\u00f3g\u0142 si\u0119 sta\u0107 krokiem w kierunku pojednania, ale nie u nas, nie w Polsce A.D. 2010. Trzy czwarte respondent\u00f3w w badaniach opinii publicznej nie wierzy w rych\u0142e pojednanie i ma racj\u0119. Podczas nabo\u017ce\u0144stwa w katedrze, prezes Kaczy\u0144ski m\u00f3wi\u0142, \u017ce agresja w naszym \u017cyciu spo\u0142ecznym zosta\u0142a \u201eskierowana przeciwko PiS\u201d. Zaapelowa\u0142, \u017ceby ten \u201espos\u00f3b [&hellip;]<\/p>\n","protected":false},"author":4,"featured_media":0,"comment_status":"open","ping_status":"open","sticky":false,"template":"","format":"standard","meta":{"footnotes":""},"categories":[1],"tags":[],"_links":{"self":[{"href":"https:\/\/blog.polityka.pl\/passent\/wp-json\/wp\/v2\/posts\/771"}],"collection":[{"href":"https:\/\/blog.polityka.pl\/passent\/wp-json\/wp\/v2\/posts"}],"about":[{"href":"https:\/\/blog.polityka.pl\/passent\/wp-json\/wp\/v2\/types\/post"}],"author":[{"embeddable":true,"href":"https:\/\/blog.polityka.pl\/passent\/wp-json\/wp\/v2\/users\/4"}],"replies":[{"embeddable":true,"href":"https:\/\/blog.polityka.pl\/passent\/wp-json\/wp\/v2\/comments?post=771"}],"version-history":[{"count":0,"href":"https:\/\/blog.polityka.pl\/passent\/wp-json\/wp\/v2\/posts\/771\/revisions"}],"wp:attachment":[{"href":"https:\/\/blog.polityka.pl\/passent\/wp-json\/wp\/v2\/media?parent=771"}],"wp:term":[{"taxonomy":"category","embeddable":true,"href":"https:\/\/blog.polityka.pl\/passent\/wp-json\/wp\/v2\/categories?post=771"},{"taxonomy":"post_tag","embeddable":true,"href":"https:\/\/blog.polityka.pl\/passent\/wp-json\/wp\/v2\/tags?post=771"}],"curies":[{"name":"wp","href":"https:\/\/api.w.org\/{rel}","templated":true}]}}