
{"id":773,"date":"2010-11-04T23:27:20","date_gmt":"2010-11-04T22:27:20","guid":{"rendered":"http:\/\/passent.blog.polityka.pl\/?p=773"},"modified":"2010-11-04T23:27:20","modified_gmt":"2010-11-04T22:27:20","slug":"koniec-wieku-ideologii-w-polsce","status":"publish","type":"post","link":"https:\/\/blog.polityka.pl\/passent\/2010\/11\/04\/koniec-wieku-ideologii-w-polsce\/","title":{"rendered":"Koniec wieku ideologii (w Polsce)"},"content":{"rendered":"<p>W  Stanach Zjednoczonych od dw\u00f3ch lat rz\u0105dzi lewicuj\u0105cy i kolorowy prezydent Obama, wi\u0119c jak gdyby w reakcji na to, narodzi\u0142 si\u0119 radykalnie konserwatywny i prawicowy ruch \u201eherbaciany\u201d Tea Party. Nie lubi\u0119  wojen ideologicznych, ale w Stanach przynajmniej wiadomo o co chodzi \u2013 o powszechne ubezpieczenie, o reformy socjalne w duchu \u201epa\u0144stwa dobrobytu\u201d, o podatki dla najbogatszych, o sprawy czytelne ideologicznie. U nas Donald Tusk jest bardziej ostro\u017cny ni\u017c Barack Obama \u2013 nie forsuje reform, kt\u00f3re by mu grozi\u0142y utrat\u0105 w\u0142adzy i trudno mu to mie\u0107 za z\u0142e, cho\u0107 ekonomi\u015bci si\u0119 krzywi\u0105 i oskar\u017caj\u0105 premiera o brak odwagi. Ale ekonomi\u015bci, podobnie jak dziennikarze, s\u0105 w bardzo wygodnej sytuacji \u2013 za nasze b\u0142\u0119dy nie ponosimy \u017cadnej odpowiedzialno\u015bci. Przynajmniej w kr\u00f3tkim okresie, a w d\u0142u\u017cszym okresie \u2013 wszyscy umrzemy, jak mawia\u0142 John Maynard Keynes. Pan prof. Rybi\u0144ski, najg\u0142o\u015bniejszy krytyk Tuska i Rostowskiego  \u2013 przy ca\u0142ym szacunku \u2013 mo\u017ce m\u00f3wi\u0107 co chce, i to bezkarnie. <\/p>\n<p>W odr\u00f3\u017cnieniu od tego, co dzieje si\u0119 w USA, w naszym kraju  panuje zast\u00f3j ideowo \u2013 programowy. Rz\u0105dzi partia centro-prawicowa, umiarkowanie konserwatywna i zdecydowanie pragmatyczna. Jej posuni\u0119cia, takie jak obni\u017cenie wieku szkolnego, budowa \u2018orlik\u00f3w\u2019,  dogadywanie si\u0119 z s\u0105siadami, umiarkowane reformy emerytalne \u2013 nie budzi wi\u0119kszych kontrowersji. To partia bez ambicji ideologicznych. <\/p>\n<p>Druga, opozycyjna,  partia prawicowa, mia\u0142a projekt ideologiczny, \u2018czwart\u0105 RP\u2019, ale leg\u0142 on w gruzach i trudno by\u0142oby go odgrza\u0107, trudno b\u0119dzie wr\u00f3ci\u0107 do walki z post-komun\u0105, kt\u00f3ra jeszcze niedawno prezes Kaczy\u0144ski uwa\u017ca\u0142 za najwi\u0119ksze zagro\u017cenie dla Polski. Zamiast tego, PiS skupi\u0142 si\u0119 na katastrofie smole\u0144skiej, kt\u00f3ra \u2013 poprzez zdemaskowanie i ukaranie \u2018winnych\u2019 (Tuska, Komorowskiego, Klicha, Arabskiego) &#8211; ma  doprowadzi\u0107 Jaros\u0142awa Kaczy\u0144skiego do w\u0142adzy. Cokolwiek powiemy,  nie jest to \u017caden projekt ideologiczny, raczej fantastyczny. Trudno sobie wyobrazi\u0107, \u017ceby wyborcy do tego stopnia przej\u0119li si\u0119 wyja\u015bnianiem najbardziej nawet tragicznej katastrofy, \u017ceby uczyni\u0107 z tego g\u0142\u00f3wne kryterium oceny w\u0142adzy. Tym bardziej, \u017ce wszystkie znaki na niebie i na ziemi wskazuj\u0105, i\u017c przyczyn katastrofy by\u0142o wiele i nie wszystkie obci\u0105\u017caj\u0105 rz\u0105d Platformy. Jej koalicjant, PSL, te\u017c jest do b\u00f3lu pragmatyczny i nie kieruje si\u0119 \u017cadn\u0105 ideologi\u0105, poza ochron\u0105 ludno\u015bci rolniczej. Przesta\u0142 by\u0107 parti\u0105 ch\u0142opsk\u0105 i kusi nawet dysydent\u00f3w-libera\u0142\u00f3w z PiS, byle tylko pozosta\u0107 w Sejmie. Tak wi\u0119c na prawicy mamy zast\u00f3j ideologiczny, w kategoriach \u015bwiatopogl\u0105dowych my\u015bl\u0105 dzi\u015b tylko niekt\u00f3rzy biskupi oraz publicy\u015bci, natomiast politycy trzymaj\u0105 si\u0119 od ideologii daleko. Niewielu jest w\u015br\u00f3d nich ludzi, takich jak Jaros\u0142aw Gowin, po kt\u00f3rych wiadomo, czego mo\u017cna si\u0119 spodziewa\u0107.<\/p>\n<p>Lewica z SLD tak\u017ce  nie potrafi wykrzesa\u0107 z siebie g\u0142\u0119bszej my\u015bli programowej. Podchwyci\u0142a kwesti\u0119 in vitro, wypowiedzia\u0142a si\u0119 w sprawie obecno\u015bci krzy\u017ca w sferze publicznej, ale nie wiele wi\u0119cej. Nie walczy o swoj\u0105 wyk\u0142adni\u0119 historii, nie wiele publikuje, ma\u0142o dyskutuje, w sferze my\u015bli programowej jest s\u0142abo widoczna. <\/p>\n<p>W sumie okazuje si\u0119, \u017ce Fukuyama, kt\u00f3ry z czasem wycofa\u0142 si\u0119 ze swojej tezy o ko\u0144cu wieku ideologii, w odniesieniu do Polski mia\u0142 racj\u0119. Mo\u017ce to i dobrze, bo przynajmniej podzia\u0142y w naszym kraju nie s\u0105 tak g\u0142\u0119bokie jak w dalekich Stanach i na pobliskich W\u0119grzech.     <\/p>\n","protected":false},"excerpt":{"rendered":"<p>W Stanach Zjednoczonych od dw\u00f3ch lat rz\u0105dzi lewicuj\u0105cy i kolorowy prezydent Obama, wi\u0119c jak gdyby w reakcji na to, narodzi\u0142 si\u0119 radykalnie konserwatywny i prawicowy ruch \u201eherbaciany\u201d Tea Party. Nie lubi\u0119 wojen ideologicznych, ale w Stanach przynajmniej wiadomo o co chodzi \u2013 o powszechne ubezpieczenie, o reformy socjalne w duchu \u201epa\u0144stwa dobrobytu\u201d, o podatki dla [&hellip;]<\/p>\n","protected":false},"author":4,"featured_media":0,"comment_status":"open","ping_status":"open","sticky":false,"template":"","format":"standard","meta":{"footnotes":""},"categories":[1],"tags":[],"_links":{"self":[{"href":"https:\/\/blog.polityka.pl\/passent\/wp-json\/wp\/v2\/posts\/773"}],"collection":[{"href":"https:\/\/blog.polityka.pl\/passent\/wp-json\/wp\/v2\/posts"}],"about":[{"href":"https:\/\/blog.polityka.pl\/passent\/wp-json\/wp\/v2\/types\/post"}],"author":[{"embeddable":true,"href":"https:\/\/blog.polityka.pl\/passent\/wp-json\/wp\/v2\/users\/4"}],"replies":[{"embeddable":true,"href":"https:\/\/blog.polityka.pl\/passent\/wp-json\/wp\/v2\/comments?post=773"}],"version-history":[{"count":0,"href":"https:\/\/blog.polityka.pl\/passent\/wp-json\/wp\/v2\/posts\/773\/revisions"}],"wp:attachment":[{"href":"https:\/\/blog.polityka.pl\/passent\/wp-json\/wp\/v2\/media?parent=773"}],"wp:term":[{"taxonomy":"category","embeddable":true,"href":"https:\/\/blog.polityka.pl\/passent\/wp-json\/wp\/v2\/categories?post=773"},{"taxonomy":"post_tag","embeddable":true,"href":"https:\/\/blog.polityka.pl\/passent\/wp-json\/wp\/v2\/tags?post=773"}],"curies":[{"name":"wp","href":"https:\/\/api.w.org\/{rel}","templated":true}]}}