
{"id":774,"date":"2010-11-07T09:49:59","date_gmt":"2010-11-07T08:49:59","guid":{"rendered":"http:\/\/passent.blog.polityka.pl\/?p=774"},"modified":"2010-11-07T09:49:59","modified_gmt":"2010-11-07T08:49:59","slug":"noc-dlugich-nozy","status":"publish","type":"post","link":"https:\/\/blog.polityka.pl\/passent\/2010\/11\/07\/noc-dlugich-nozy\/","title":{"rendered":"Noc d\u0142ugich no\u017cy"},"content":{"rendered":"<p>Atmosfera na dworze Jaros\u0142awa Kaczy\u0144skiego coraz bardziej przypomina atmosfer\u0119 na Kremlu w czasach \u201ewielkiego j\u0119zykoznawcy\u201d. Nikt nie jest pewien swojej przysz\u0142o\u015bci. \u017beby nie wiem jak \u0142asi\u0107 si\u0119 do prezesa \u2013 wystarczy, \u017ce wska\u017ce kciukiem do do\u0142u, a delikwent ju\u017c wylatuje z partii. Wdzi\u0119czno\u015b\u0107 za \u015bwietnie poprowadzona kampani\u0119? \u2013 Jaka wdzi\u0119czno\u015b\u0107? Prezes  nie kieruje si\u0119 tym uczuciem. Przyja\u017a\u0144? Jeszcze  nie tak dawno publicznie ca\u0142owa\u0142 si\u0119 z Joann\u0105 Kluzik-Rostkowsk\u0105, z kt\u00f3r\u0105 znaj\u0105 si\u0119 od lat i s\u0105 po imieniu, a teraz ona dowiaduje si\u0119 z SMS, \u017ce jest poza parti\u0105. Wdzi\u0119czno\u015b\u0107 wobec El\u017cbiety Jakubiak za to, \u017ce do ostatniej chwili broni\u0142a prezesa, skaka\u0142a sobie do oczu z Niesio\u0142owskim w obronie swojego idola, by\u0142a najwierniejsz\u0105 z wiernych w Kancelarii Prezydenta Kaczy\u0144skiego \u2013 i co z tego? Kciuk do do\u0142u i \u201eprecz z mego domu\u201d. <\/p>\n<p>Jak na Kremlu \u2013 wszystkie decyzje Biuro Polityczne podejmuje jednomy\u015blnie. Jak za tamtych czas\u00f3w, kiedy pose\u0142 Stanis\u0142aw Stomma potrafi\u0142 jako jedyny w Sejmie PRL podnie\u015b\u0107 r\u0119k\u0119 \u201eprzeciw\u201d. Jak to jest mo\u017cliwe, \u017ceby w Komitecie Politycznym, w gronie ludzi my\u015bl\u0105cych,  ani jedna osoba nie odwa\u017cy\u0142a si\u0119 g\u0142osowa\u0107 przeciw usuni\u0119ciu? Strach, strach i jeszcze raz strach. Si\u0142a prezesa polega na tym, \u017ce jego plany s\u0105 nieodgadnione. Raz wysy\u0142a na zes\u0142anie, kiedy indziej przywo\u0142uje i awansuje, \u017ceby potem wyrzuci\u0107. Nie ma jednej miary, nie ma jednolitych kryteri\u00f3w. Jeste\u015b zes\u0142any do Brukseli, jak Ziobro, \u017ceby nauczy\u0107 si\u0119 j\u0119zyka? \u2013 Jutro mo\u017cesz powr\u00f3ci\u0107 do \u0142ask, a nawet by\u0107 zwyci\u0119zc\u0105 w konflikcie z libera\u0142ami. By\u0142a\u015b zaufana ukochanego brata? \u2013 To si\u0119 dzi\u015b nie liczy. Nie wolno pra\u0107 partyjnych brud\u00f3w publicznie? Ziobro zacz\u0105\u0142 pra\u0107 pierwszy i w\u0142os z g\u0142owy mu nie spad\u0142. A Kluzik-Rostkowska i Jakubiak z tego w\u0142a\u015bnie paragrafu polecia\u0142y. Poduszkowy, woreczkowy, jeden z drugim wpatrzeni w prezesa, zabiegaj\u0105 o jego wzgl\u0119dy. A \u0142aska prezesa na pstrym koniu je\u017adzi.<\/p>\n<p>Jak \u0142atwo zosta\u0107 bohaterk\u0105, jak \u0142atwo zosta\u0107 \u201elibera\u0142em\u201d. Dzisiaj obie panie chodz\u0105 w aureoli pokrzywdzonych, w aureoli ofiar, ale w du\u017cym stopniu same sobie s\u0105 winne. Przecie\u017c znaczna wi\u0119kszo\u015b\u0107 medi\u00f3w i polityk\u00f3w (poza PiS) ostrzega\u0142a, \u017ce wizerunek \u0142agodnego, dobrotliwego prezesa, kt\u00f3ry ko\u0144czy wojn\u0119 polsko-polsk\u0105 jest fa\u0142szywy, to k\u0142amstwo i mistyfikacja \u2013 wskazywa\u0142 Waldemar Kuczy\u0144ski i wielu innych. Je\u017celi obie panie do ko\u0144ca trwa\u0142y przy prezesie, i dzi\u015b nawet, ju\u017c wyrzucone, trzymaj\u0105 kciuki za 32 tys. kandydat\u00f3w PiS, to znaczy, \u017ce ich wyb\u00f3r by\u0142 i jest \u015bwiadomy. Wiedzia\u0142y, w co si\u0119 pakuj\u0105. <\/p>\n<p>Prezes rz\u0105dzi w spos\u00f3b zab\u00f3jczy dla \u017cycia politycznego w kraju, poniewa\u017c gdyby \u2013 odpuka\u0107!! \u2013 mia\u0142 otrzyma\u0107 w\u0142adz\u0119 w kraju, to rz\u0105dzi\u0142by tak, jak rz\u0105dzi swoj\u0105 parti\u0105. Polska J. Kaczy\u0144skiego i Ziobro to by\u0142by PiS do kwadratu, zreszt\u0105 mieli\u015bmy tego pr\u00f3bk\u0119 w IV RP.<br \/>\nPowstaje pytanie, czy taktyka prezesa b\u0119dzie skuteczna? Czy partia prawicowo-populistyczna, kt\u00f3rej celem b\u0119dzie zamykanie z\u0142odziei, karanie zab\u00f3jc\u00f3w Lecha Kaczy\u0144skiego, obrona krzy\u017ca, usuwanie antychrysta Komorowskiego i zbrodniarzy spod znaku Tuska \u2013 czy taka partia mo\u017ce wygra\u0107 wybory do parlamentu? Musia\u0142by spa\u015b\u0107 kolejny samolot (wystarczy jeden szaleniec), pogorszy\u0107 si\u0119 koniunktura gospodarcza, albo zosta\u0107 ujawniona afera na du\u017ca skal\u0119. Tego wszystkiego wykluczy\u0107 nie mo\u017cna. Jedyna pociecha: Nawet w razie udanych wybor\u00f3w, PiS nie ma zdolno\u015bci koalicyjnej i b\u0119dzie skazany na pozostanie  w opozycji. Usuni\u0119cie obu pa\u0144 ma swoj\u0105 dobr\u0105 stron\u0119 \u2013 im gorzej dla PiS, tym wi\u0119ksze szanse na normaln\u0105, merytoryczn\u0105 opozycj\u0119.<\/p>\n<p>El\u017cbieta Jakubiak ma chyba racj\u0119 \u2013 prezes odda\u0142 ju\u017c parti\u0119 Ziobrze i S-ka. PP. O\u0142dakowski, Poncyljusz, Kowal i paru (podobno a\u017c 30!) libera\u0142\u00f3w (?), \u201ena dzie\u0144 dzisiejszy\u201d (\u201ena t\u0119 chwil\u0119\u201d)  jeszcze w partii pozostaj\u0105, ale s\u0105 przegrani. Dzisiaj do \u201elibera\u0142\u00f3w\u201d zaliczani s\u0105  nawet Micha\u0142 Kami\u0144ski i Adam Bielan. Dzisiaj g\u00f3r\u0105 s\u0105 Ziobro, B\u0142aszczak, Brudzi\u0144ski, Macierewicz. Ale noc d\u0142ugich no\u017cy jeszcze si\u0119 nie sko\u0144czy\u0142a. Do \u015bwitu daleko.<\/p>\n<p>PS:   Ciekawy jest sp\u00f3r wok\u00f3\u0142 Orderu Or\u0142a Bia\u0142ego. Faworyci Lecha Kaczy\u0144skiego (Andrzej Gwiazda i Bogus\u0142aw Nizie\u0144ski) ust\u0105pili z kapitu\u0142y. To mnie nie martwi, je\u015bli nowa kapitu\u0142a b\u0119dzie bardziej pluralistyczna od dotychczasowej. Natomiast spo\u015br\u00f3d czw\u00f3rki, kt\u00f3ra ma zosta\u0107 odznaczona  &#8211; PP. J.K. Bielecki, A. Hall, A. Orszulik i Adam Michnik \u2013  ten ostatni wydaje mi si\u0119 najbardziej zas\u0142ugiwa\u0107 i dlatego budzi tak\u0105 z\u0142o\u015b\u0107 swoich wrog\u00f3w. Gdyby oni mieli taki \u017cyciorys jak on, byli by mniej zawzi\u0119ci.<\/p>\n<p>PS.PS.<\/p>\n<p>ZOSIE\u0143KA \u2013 zgadzam si\u0119, \u017ce szef Naczelnej Izby Lekarskiej, dr Hermankiewicz paln\u0105\u0142 g\u0142upstwo m\u00f3wi\u0105c, \u017ce termin \u201elekarz\u201d zamiast \u201edoktor\u201d jest dziedzictwem sowieckiego s\u0142owa \u201ewracz\u201d. Po niemiecku te\u017c m\u00f3wimy \u201eArzt\u201d. Po angielsku \u201ephysician\u201d. Pan doktor chyba przesadza. Wszak w aptece do sprzedawczyni tak\u017ce coraz rzadziej zwracamy si\u0119 per \u201epani magister\u201d, coraz cz\u0119\u015bciej m\u00f3wi si\u0119 per \u201epani\u201d. Nie rozumiem dra Hermankiewicza.<\/p>\n<p>\u201eA\u201d \u2013 wyrazy uznania za obszerny, \u201ezagraniczny\u201d, spis katastrof  samolot\u00f3w z oficjelami na pok\u0142adzie.<\/p>\n<p>ZYKS \u2013 Prosz\u0119 mi przypomnie\u0107, co takiego napisa\u0142em o Serbach i o Chorwatach, \u017ce powinienem to odwo\u0142a\u0107, bo nie pami\u0119tam.<\/p>\n<p>NEMER \u2013 Ja te\u017c nie lubi\u0119 pouczania innych, kiedy samemu ma si\u0119 na sumieniu areszty wydobywcze, wi\u0119zienie CIA i zabitych  cywil\u00f3w w Afganistanie, ale trzeba przyzna\u0107, \u017ce w dziedzinie praw cz\u0142owieka Chiny maj\u0105 du\u017co do zrobienia, cho\u0107by zniesienie kary \u015bmierci.<\/p>\n<p>ARTUR i inni \u2013 Przepraszam za u\u017cycie s\u0142owa \u201ekolorowy\u201d.. <\/p>\n<p>STAN &#8211; Termin \u201estarozakonny\u201d  nie jest dla mnie obra\u017aliwy.  <\/p>\n<p>ZEZOWATY \u2013 Dzi\u0119ki za dobre s\u0142owo. To, \u017ce mam wrog\u00f3w \u2013 rozumiem. To, \u017ce s\u0105 tacy pracowici i pojawiaj\u0105 si\u0119 na blogu, to \u015bwiadczy jak s\u0105 zajadli i jaka tolerancyjna jest moderacja. <\/p>\n<p>CZES\u0141AW \u2013 Nie mog\u0119 si\u0119 zgodzi\u0107, \u017ce by\u0142a tylko jedna przyczyna katastrofy i by\u0142 ni\u0105 prezydent Lech Kaczy\u0144ski. Od samego pocz\u0105tku pisa\u0142em, \u017ce przyczyn by\u0142o wiele i to si\u0119 potwierdza. <\/p>\n","protected":false},"excerpt":{"rendered":"<p>Atmosfera na dworze Jaros\u0142awa Kaczy\u0144skiego coraz bardziej przypomina atmosfer\u0119 na Kremlu w czasach \u201ewielkiego j\u0119zykoznawcy\u201d. Nikt nie jest pewien swojej przysz\u0142o\u015bci. \u017beby nie wiem jak \u0142asi\u0107 si\u0119 do prezesa \u2013 wystarczy, \u017ce wska\u017ce kciukiem do do\u0142u, a delikwent ju\u017c wylatuje z partii. Wdzi\u0119czno\u015b\u0107 za \u015bwietnie poprowadzona kampani\u0119? \u2013 Jaka wdzi\u0119czno\u015b\u0107? Prezes nie kieruje si\u0119 tym [&hellip;]<\/p>\n","protected":false},"author":4,"featured_media":0,"comment_status":"open","ping_status":"open","sticky":false,"template":"","format":"standard","meta":{"footnotes":""},"categories":[1],"tags":[],"_links":{"self":[{"href":"https:\/\/blog.polityka.pl\/passent\/wp-json\/wp\/v2\/posts\/774"}],"collection":[{"href":"https:\/\/blog.polityka.pl\/passent\/wp-json\/wp\/v2\/posts"}],"about":[{"href":"https:\/\/blog.polityka.pl\/passent\/wp-json\/wp\/v2\/types\/post"}],"author":[{"embeddable":true,"href":"https:\/\/blog.polityka.pl\/passent\/wp-json\/wp\/v2\/users\/4"}],"replies":[{"embeddable":true,"href":"https:\/\/blog.polityka.pl\/passent\/wp-json\/wp\/v2\/comments?post=774"}],"version-history":[{"count":0,"href":"https:\/\/blog.polityka.pl\/passent\/wp-json\/wp\/v2\/posts\/774\/revisions"}],"wp:attachment":[{"href":"https:\/\/blog.polityka.pl\/passent\/wp-json\/wp\/v2\/media?parent=774"}],"wp:term":[{"taxonomy":"category","embeddable":true,"href":"https:\/\/blog.polityka.pl\/passent\/wp-json\/wp\/v2\/categories?post=774"},{"taxonomy":"post_tag","embeddable":true,"href":"https:\/\/blog.polityka.pl\/passent\/wp-json\/wp\/v2\/tags?post=774"}],"curies":[{"name":"wp","href":"https:\/\/api.w.org\/{rel}","templated":true}]}}