
{"id":775,"date":"2010-11-09T23:36:43","date_gmt":"2010-11-09T22:36:43","guid":{"rendered":"http:\/\/passent.blog.polityka.pl\/?p=775"},"modified":"2010-11-09T23:36:43","modified_gmt":"2010-11-09T22:36:43","slug":"sezon-w-pelni","status":"publish","type":"post","link":"https:\/\/blog.polityka.pl\/passent\/2010\/11\/09\/sezon-w-pelni\/","title":{"rendered":"Sezon w pe\u0142ni"},"content":{"rendered":"<p>Mam dobr\u0105 wiadomo\u015b\u0107: w  niedziel\u0119, 7 bm., widzia\u0142em Grzegorza Napieralskiego z rodzin\u0105 w Filharmonii Narodowej na koncercie symfonicznym dla dzieci. To mi si\u0119 podoba, bo politycy rzadko bywaj\u0105 w FN (najcz\u0119\u015bciej Marek Borowski). Oczywi\u015bcie, samo bywanie na koncercie to nie jest alibi (cz\u0119stym go\u015bciem jest prof. \u017baryn z IPN) na ka\u017cd\u0105 okoliczno\u015b\u0107, ale dla mnie to przynajmniej okoliczno\u015b\u0107 \u0142agodz\u0105ca. W dodatku Napieralski nie rozdawa\u0142 jab\u0142ek, a mimo to sala by\u0142a pe\u0142na, bo sezon w pe\u0142ni.<\/p>\n<p>Niestety, chamstwo podnosi g\u0142ow\u0119. Tym razem jest to g\u0142owa asystenta ministra Sikorskiego w he\u0142mie, na kt\u00f3ry naci\u0105gni\u0119te by\u0142y stringi, i to w dodatku podczas podr\u00f3\u017cy s\u0142u\u017cbowej w Afganistanie. NIEWIARYGODNE!!! A jednak prawdziwe, bo w TVN pokazali tego szczeniaka z imienia i z nazwiska. Jak mo\u017cna takiego b\u0119cwa\u0142a mie\u0107 za asystenta? Nawet je\u017celi si\u0119 dotychczas zachowywa\u0142 poprawnie, to chyba pan minister powinien mie\u0107 jakiego\u015b \u201enosa do ludzi\u201d. Ju\u017c zatrudnienie panny Rostowskiej (c\u00f3rki sk\u0105din\u0105d lubianego i cenionego ministra Finans\u00f3w) dlatego, \u017ce uko\u0144czy\u0142a \u015bwietn\u0105 uczelni\u0119 i znakomicie w\u0142ada angielskim, wydaje mi si\u0119 ryzykowne. Wystarczy przyj\u015b\u0107 na spotkanie w klubie Harvardczyk\u00f3w (pan Minister Sikorski zaszczyci\u0142 nas dwukrotnie), \u017ceby przekona\u0107 si\u0119, jak wiele jest os\u00f3b dwuj\u0119zycznych i znakomicie wykszta\u0142conych. A co do skompromitowanego asystenta, to mam nadziej\u0119, \u017ce wylecia\u0142 ju\u017c z hukiem.<\/p>\n<p>Dziwi\u0142o mnie, kiedy w rozmowie z Monik\u0105 Olejnik, minister Obrony, p. Klich, pytany o wyg\u0142up asystenta z MSZ, kluczy\u0142 i wykr\u0119ca\u0142 si\u0119 od odpowiedzi czy ten osobnik nadal powinien by\u0107 zatrudniony. Panie Ministrze \u2013 odwagi! Takich ludzi powinno si\u0119 okre\u015bla\u0107 dosadnie, nawet je\u015bli s\u0105 asystentami kolegi \u2013 ministra.  Nie jest to sprawa wa\u017cna, ale jednak o czym\u015b \u015bwiadczy \u2013 je\u017celi asystent ministra nie zdaje sobie sprawy gdzie jest, to czego wymaga\u0107 od \u017co\u0142nierzy? Jedyne co usprawiedliwia ogl\u0119dno\u015b\u0107 (\u017ale poj\u0119t\u0105 solidarno\u015b\u0107) ministra Klicha, to \u017ce sam ma na g\u0142owie niez\u0142y pasztet. Wychodz\u0105 na jaw ponure afery, takie jak fa\u0142szowanie szkole\u0144, i to w lotnictwie. Minister to wszystko znosi ze stoickim spokojem, dowodzi, \u017ce to by\u0142o dawno, \u017ce by\u0142y wyroki, \u017ce jest \u201epost\u0119powanie\u201d, \u017ce  prokuratura etc., ale wra\u017cenie pozostaje przygn\u0119biaj\u0105ce. Mo\u017ce pomog\u0142aby jaka\u015b szersza wypowied\u017a ministra, w kt\u00f3rej pochwali si\u0119, co zrobi\u0142. Bo niby wszystko jest w porz\u0105dku, a wpadki s\u0105.   <\/p>\n<p>Chamstwo, o kt\u00f3rym pisa\u0142em nieco powy\u017cej,  nie ogranicza si\u0119 do m\u0142odzie\u017cy, kwitnie tak\u017ce w\u015br\u00f3d polityk\u00f3w i dziennikarzy. Do \u015bcis\u0142ej czo\u0142\u00f3wki nale\u017cy od lat Jaros\u0142aw Kaczy\u0144ski. To, co ten cz\u0142owiek wyprawia wobec prezydenta mo\u017cna por\u00f3wna\u0107 tylko do wybryk\u00f3w Janusza Palikota. Ten ostatni znajduje si\u0119 ju\u017c jednak na marginesie, a Kaczy\u0144ski nadal w centrum uwagi, nadal szaleje. Na szcz\u0119\u015bcie cz\u0119\u015b\u0107 ludzi go opuszcza, mam nadziej\u0119, \u017ce za nimi p\u00f3jd\u0105 inni \u2013 jak nie dzi\u015b, to jutro. Nowy list prezesa PiS do aktywu partyjnego, to kolejne kuriozum. Genialny strateg odkry\u0142 kolejny  w swojej parti atak wspierany od wewn\u0105trz. Zdemaskowa\u0142 Kluzik-Rostkowsk\u0105 , El\u017cbiet\u0119 Jakubiak i Paw\u0142a Poncyljusza, kt\u00f3rych ja zreszt\u0105 nie \u017ca\u0142uj\u0119 (sk\u0105din\u0105d mili ludzie, ale brali udzia\u0142 w wielkim oszustwie \u2013 jak s\u0142usznie zauwa\u017cy\u0142 Waldemar Kuczy\u0144ski), a teraz pakuje manatki pose\u0142 O\u0142dakowski, intelektualista Marek Cichocki i inni. Nie utworz\u0105 oni jeszcze \u017cadnej partii, bo mimo wszystko PiS jest nadal mocno na prawicy osadzony, ale dobrze, \u017ce obok potakiewicz\u00f3w, jak p. B\u0142aszczak, pojawiaj\u0105  si\u0119 dysydenci. Niestety, najbardziej korzysta na tym Zbigniew Ziobro, kt\u00f3ry nie oznacza dla PiS niczego lepszego. To nie jest nawet Kaczy\u0144ski light \u2013 raczej Kaczy\u0144ski bis. Bardzo jestem ciekaw wynik\u00f3w sonda\u017cy, kt\u00f3re maj\u0105 zosta\u0107 og\u0142oszone lada dzie\u0144.<\/p>\n<p>PS.<\/p>\n<p>Chamstwo dotar\u0142o i do naszego bloga.  LEWY POLAK (2010-11-09) zwr\u00f3ci\u0142 si\u0119 do MAMONY  w spos\u00f3b obrzydliwy. Wypraszam sobie takie chamstwo na blogu, ubolewam, \u017ce si\u0119 przedosta\u0142o.<\/p>\n<p>RADO \u2013 przepraszam, \u017ce pomyli\u0142em Pana z inna osob\u0105.<br \/>\nMGR \u2013 Herpes \u2013 przepraszam, za \u201esprzedawc\u00f3w\u201d zamiast \u201emagistr\u00f3w farmacji\u201d, ale o ile wiem, to nie wszyscy farmaceuci s\u0105 magistrami. Ma Pan(i) jednak racj\u0119 \u2013 b\u0119d\u0119 dba\u0142 o formy.<br \/>\nSPOKOJNY \u2013 Zgoda w sprawie  monarchii z Jezusem Chrystusem jako Kr\u00f3lem Polski. Amen. <\/p>\n","protected":false},"excerpt":{"rendered":"<p>Mam dobr\u0105 wiadomo\u015b\u0107: w niedziel\u0119, 7 bm., widzia\u0142em Grzegorza Napieralskiego z rodzin\u0105 w Filharmonii Narodowej na koncercie symfonicznym dla dzieci. To mi si\u0119 podoba, bo politycy rzadko bywaj\u0105 w FN (najcz\u0119\u015bciej Marek Borowski). Oczywi\u015bcie, samo bywanie na koncercie to nie jest alibi (cz\u0119stym go\u015bciem jest prof. \u017baryn z IPN) na ka\u017cd\u0105 okoliczno\u015b\u0107, ale dla mnie [&hellip;]<\/p>\n","protected":false},"author":4,"featured_media":0,"comment_status":"open","ping_status":"open","sticky":false,"template":"","format":"standard","meta":{"footnotes":""},"categories":[1],"tags":[],"_links":{"self":[{"href":"https:\/\/blog.polityka.pl\/passent\/wp-json\/wp\/v2\/posts\/775"}],"collection":[{"href":"https:\/\/blog.polityka.pl\/passent\/wp-json\/wp\/v2\/posts"}],"about":[{"href":"https:\/\/blog.polityka.pl\/passent\/wp-json\/wp\/v2\/types\/post"}],"author":[{"embeddable":true,"href":"https:\/\/blog.polityka.pl\/passent\/wp-json\/wp\/v2\/users\/4"}],"replies":[{"embeddable":true,"href":"https:\/\/blog.polityka.pl\/passent\/wp-json\/wp\/v2\/comments?post=775"}],"version-history":[{"count":0,"href":"https:\/\/blog.polityka.pl\/passent\/wp-json\/wp\/v2\/posts\/775\/revisions"}],"wp:attachment":[{"href":"https:\/\/blog.polityka.pl\/passent\/wp-json\/wp\/v2\/media?parent=775"}],"wp:term":[{"taxonomy":"category","embeddable":true,"href":"https:\/\/blog.polityka.pl\/passent\/wp-json\/wp\/v2\/categories?post=775"},{"taxonomy":"post_tag","embeddable":true,"href":"https:\/\/blog.polityka.pl\/passent\/wp-json\/wp\/v2\/tags?post=775"}],"curies":[{"name":"wp","href":"https:\/\/api.w.org\/{rel}","templated":true}]}}