
{"id":776,"date":"2010-11-12T11:38:06","date_gmt":"2010-11-12T10:38:06","guid":{"rendered":"http:\/\/passent.blog.polityka.pl\/?p=776"},"modified":"2010-11-12T11:49:07","modified_gmt":"2010-11-12T10:49:07","slug":"lektury-nieobowiazkowe","status":"publish","type":"post","link":"https:\/\/blog.polityka.pl\/passent\/2010\/11\/12\/lektury-nieobowiazkowe\/","title":{"rendered":"Lektury nieobowi\u0105zkowe"},"content":{"rendered":"<p><strong>Moje zainteresowania i upodobania daleko odbiegaj\u0105 od tego, czego oczekuj\u0105 blogowicze<\/strong>.<\/p>\n<p>To, co mnie si\u0119 podoba, np. chodzenie do filharmonii \u2013 dla cz\u0119\u015bci komentator\u00f3w jest tylko snobizmem, niewygod\u0105 (lepiej s\u0142ucha\u0107 w domu, w kapciach) i o niczym nie \u015bwiadczy. To, co mnie si\u0119 nie podoba, np. zak\u0142adanie w podr\u00f3\u017cy s\u0142u\u017cbowej przez asystenta ministra string\u00f3w na he\u0142m, nie jest zdaniem wielu blogowicz\u00f3w niczym wartym oburzenia, w ko\u0144cu to m\u0142ody cz\u0142owiek, dooko\u0142a \u017co\u0142nierze robi\u0105 gorsze rzeczy itd. To, \u017ce o czym\u015b nie pisz\u0119 codziennie (\u201ePiS si\u0119 wali, a pan o stringach\u2026\u201d), te\u017c si\u0119 nie podoba, bo cz\u0119\u015b\u0107 blogowicz\u00f3w chce, \u017ceby wali\u0107 w parti\u0119 Kaczy\u0144skiego bez przerwy, a inni maj\u0105 z kolei za z\u0142e, \u017ce ja ci\u0105gle o PiS-ie, a tak ma\u0142o o rz\u0105dzie, o Tusku i innych.<\/p>\n<p>Faktycznie, powa\u017cnych temat\u00f3w nie brak. PiS \u2013 ku mojej rado\u015bci \u2013 si\u0119 sypie, i mam nadziej\u0119, \u017ce w ko\u0144cu si\u0119 rozsypie do reszty i Zbigniew Ziobro nie b\u0119dzie mia\u0142 do czego wraca\u0107. Przy okazji: Jak \u0142atwo sta\u0107 si\u0119 bohaterem pozytywnym. Micha\u0142 Kami\u0144ski, do niedawna znany jako wielbiciel Pinocheta, gorliwy wyznawca prezesa Kaczy\u0144skiego \u2013 nagle sta\u0142 si\u0119 bohaterem. Ba, nawet prezes Jaros\u0142aw Kaczy\u0144ski nie jest najgorszy, przeciwnie &#8211; jest mniejszym z\u0142em, bo Ziobro jest jeszcze gorszy.<\/p>\n<p>Drugi temat powa\u017cny, to manifestacje w Warszawie, w tym starcie narodowc\u00f3w z antyfaszystami. Jestem ca\u0142ym sercem po stronie tych ostatnich, gor\u0105co pozdrawiam Pana Macieja Wieczorkowskiego, kt\u00f3ry w TVN 24 star\u0142 si\u0119 z Arturem Zawisz\u0105. Z demonstracj\u0105 narodowc\u00f3w \u015bwietnie wsp\u00f3\u0142graj\u0105 dzisiejsze wyczyny prezesa PiS i jego ludzi, to ca\u0142e gadanie, \u017ce s\u0142owo \u201enar\u00f3d\u201d jest znienawidzone, te \u015bpiewy \u201eOjczyzn\u0119 woln\u0105 racz nam zwr\u00f3ci\u0107, Panie!\u201d, to ca\u0142e bojkotowanie uroczysto\u015bci oficjalnych i sytuowanie si\u0119 jako szef pa\u0144stwa na emigracji, lub pa\u0144stwa r\u00f3wnoleg\u0142ego \u2013 smutne i \u017ca\u0142osne. Mam nadziej\u0119, \u017ce wyborcy wygoni\u0105 ludzi prezesa z Sejmu i tym samym JK zostanie szefem rz\u0105du na wygnaniu. Ale nie b\u0119d\u0119 si\u0119 na ten temat rozpisywa\u0142, ci\u0105gle m\u0142\u00f3ci\u0142 tego samego tematu, bo chcia\u0142bym jeszcze odpowiedzie\u0107 na pytanie <strong>Telegraphic Observera<\/strong>, co ostatnio czyta\u0142em.<\/p>\n<p>Ostatnio czyta\u0142em ksi\u0105\u017ck\u0119 Tadeusza Olsza\u0144skiego \u201eStanis\u0142aw\u00f3w jednak \u017cyje\u201d. Sam jestem ze Stanis\u0142awowa, wi\u0119c temat mi bliski, a i Autor nale\u017cy do moich przyjaci\u00f3\u0142, pracowali\u015bmy w \u201eSztandarze M\u0142odych\u201d w latach 1956-58 (Tadzio jeszcze d\u0142u\u017cej) i nadal jeste\u015bmy w \u201ePolityce\u201d. Olsza\u0144ski to \u015bwietny dziennikarz (przede wszystkim sportowy), hungarysta i t\u0142umacz (by\u0142 dyrektorem Instytutu Polskiego w Budapeszcie), a w ostatnich latach przede wszystkim historyk i gaw\u0119dziarz kresowy. Jego poprzednia ksi\u0105\u017cka (2004) \u201eKresy Kres\u00f3w. Stanis\u0142aw\u00f3w\u201d, by\u0142a rewelacyjna. C\u00f3\u017c to by\u0142o za miasto, w latach 30. zamieszka\u0142e w 40 proc. przez \u017byd\u00f3w, w 30 proc. przez Polak\u00f3w, a poza tym Rusin\u00f3w, Niemc\u00f3w i innych. Wspomnienia Olsza\u0144skiego, dzieje jego rodziny i wielu innych rodzin \u2013 rewelacja. Wywo\u0142a\u0142y taki odzew, tyle list\u00f3w, dokument\u00f3w, opowie\u015bci, \u017ce powsta\u0142a nowa, bardzo sympatyczna ksi\u0105\u017cka.<\/p>\n<p>Przeczyta\u0142em Marka Radziwona \u015bwietn\u0105 biografi\u0119 polityczn\u0105 Jaros\u0142awa Iwaszkiewicza, kt\u00f3r\u0105 ju\u017c na tym blogu chwali\u0142em. Kompetentna, sprawiedliwa, miejscami krytyczna, ale wyrozumia\u0142a \u2013 doskona\u0142a robota.<\/p>\n<p>Czyta\u0142em Marcina Kr\u00f3la \u201eCzego nas uczy Leszek Ko\u0142akowski\u201d, ale w po\u0142owie odpad\u0142em i si\u0119gn\u0105\u0142em po rozmowy Cezarego Michalskiego z prof. Jadwig\u0105 Staniszkis, \u201e\u017bycie umys\u0142owe i uczuciowe\u201d. Cho\u0107 oboje nie s\u0105 z mojej parafii, to przyznaj\u0119, \u017ce ksi\u0105\u017cka ciekawa, zw\u0142aszcza to, czego mo\u017cna si\u0119 dowiedzie\u0107 o \u201ewczesnej Staniszkis\u201d, sprzed 1980 roku.<\/p>\n<p>Ko\u0144cz\u0119 czyta\u0107 ksi\u0105\u017ck\u0119 szpiegowsk\u0105 \u201eAgent Zigzak\u201d. Ben Macintyre przedstawia dzieje s\u0142ynnego podw\u00f3jnego agenta (brytyjskiego i niemieckiego) Eddiego Chapmana. Ksi\u0105\u017ck\u0119 t\u0119 czytam troch\u0119 przypadkowo, mianowicie przygotowa\u0142em j\u0105 sobie na kr\u00f3tki urlop, kt\u00f3ry zaczynam jutro, a przeczyta\u0142em wcze\u015bniej. Na urlop zabieram pot\u0119\u017cn\u0105 ksi\u0119g\u0119 Alberta Speera, \u201eDzienniki ze Spandau\u201d. Ciekawe, co mia\u0142 do napisania nadworny architekt Hitlera i jego minister uzbrojenia, skazany w Norymberdze na 20 lat. Podobno znakomite.<\/p>\n<p>Do zobaczenia na blogu!<\/p>\n","protected":false},"excerpt":{"rendered":"<p>Moje zainteresowania i upodobania daleko odbiegaj\u0105 od tego, czego oczekuj\u0105 blogowicze. To, co mnie si\u0119 podoba, np. chodzenie do filharmonii \u2013 dla cz\u0119\u015bci komentator\u00f3w jest tylko snobizmem, niewygod\u0105 (lepiej s\u0142ucha\u0107 w domu, w kapciach) i o niczym nie \u015bwiadczy. To, co mnie si\u0119 nie podoba, np. zak\u0142adanie w podr\u00f3\u017cy s\u0142u\u017cbowej przez asystenta ministra string\u00f3w na [&hellip;]<\/p>\n","protected":false},"author":4,"featured_media":0,"comment_status":"open","ping_status":"open","sticky":false,"template":"","format":"standard","meta":{"footnotes":""},"categories":[1],"tags":[],"_links":{"self":[{"href":"https:\/\/blog.polityka.pl\/passent\/wp-json\/wp\/v2\/posts\/776"}],"collection":[{"href":"https:\/\/blog.polityka.pl\/passent\/wp-json\/wp\/v2\/posts"}],"about":[{"href":"https:\/\/blog.polityka.pl\/passent\/wp-json\/wp\/v2\/types\/post"}],"author":[{"embeddable":true,"href":"https:\/\/blog.polityka.pl\/passent\/wp-json\/wp\/v2\/users\/4"}],"replies":[{"embeddable":true,"href":"https:\/\/blog.polityka.pl\/passent\/wp-json\/wp\/v2\/comments?post=776"}],"version-history":[{"count":0,"href":"https:\/\/blog.polityka.pl\/passent\/wp-json\/wp\/v2\/posts\/776\/revisions"}],"wp:attachment":[{"href":"https:\/\/blog.polityka.pl\/passent\/wp-json\/wp\/v2\/media?parent=776"}],"wp:term":[{"taxonomy":"category","embeddable":true,"href":"https:\/\/blog.polityka.pl\/passent\/wp-json\/wp\/v2\/categories?post=776"},{"taxonomy":"post_tag","embeddable":true,"href":"https:\/\/blog.polityka.pl\/passent\/wp-json\/wp\/v2\/tags?post=776"}],"curies":[{"name":"wp","href":"https:\/\/api.w.org\/{rel}","templated":true}]}}