
{"id":78,"date":"2006-07-03T07:27:18","date_gmt":"2006-07-03T05:27:18","guid":{"rendered":"http:\/\/passent.blog.polityka.pl\/?p=78"},"modified":"2006-07-03T11:42:19","modified_gmt":"2006-07-03T09:42:19","slug":"gora-nasi","status":"publish","type":"post","link":"https:\/\/blog.polityka.pl\/passent\/2006\/07\/03\/gora-nasi\/","title":{"rendered":"G\u00f3r\u0105 nasi"},"content":{"rendered":"<p>Ca\u0142e szcz\u0119\u015bcie, \u017ce nasi ju\u017c odpadli z mistrzostw \u015bwiata w pi\u0142ce no\u017cnej, bo przynajmniej mo\u017ce si\u0119 toczy\u0107 mecz na \u015bmier\u0107 i \u017cycie z \u201euk\u0142adem\u201d.\u00a0 Trenerem naszej dru\u017cyny jest genialny strateg, Jaros\u0142aw Kaczy\u0144ski, kt\u00f3ry przygotowywa\u0142 polski zesp\u00f3\u0142\u00a0 do tej rozgrywki przez 15 lat. Do decyduj\u0105cego spotkania, w barwach IV RP,\u00a0trener wystawi\u0142\u00a0 najlepszych zawodnik\u00f3w: w bramce Wassermanna, w obronie wysokiego\u00a0 Dorna,\u00a0masywnego Bielana i postawnego Micha\u0142a Kami\u0144skiego, w pomocy pracowitego Gosiewskiego,\u00a0 agresywnego Mariusza Kami\u0144skiego, w ataku Cyma\u0144skiego i\u00a0 Marcinkiewicza (cho\u0107 ostatnio\u00a0w meczu o puchar Zyty Gilowskiej strzeli\u0142 samob\u00f3ja) oraz wsz\u0119dobylskich skrzyd\u0142owych \u2013 bramkostrzelnego Jacka Kurskiego i Artura Zawisz\u0119.<\/p>\n<p>Kiedy jednak nasi pojechali na Mundial i zobaczyli, \u017ce przed ka\u017cdym meczem trzeba pozowa\u0107 do fotografii z transparentem \u201ePrecz z rasizmem\u201d, wzi\u0119li to za aluzj\u0119 organizator\u00f3w do wiceprezesa TVP Farfa\u0142a oraz Wszechpolak\u00f3w. Postanowili przegra\u0107 z Ekwadorem i jak najpr\u0119dzej wraca\u0107 do kraju, w czym walnie pomogli nasi rodacy graj\u0105cy w barwach Niemiec \u2013 Borowski, Podolski i Klose. \u201eZ Borowskim nie b\u0119dziemy grali, to zawodnik z uk\u0142adu, powinien siedzie\u0107 (na \u0142awce rezerwowych)\u201d \u2013 powiedzia\u0142 trener naszej reprezentacji na odjezdne. Na lotnisku Ok\u0119cie reprezentacj\u0119 w imieniu bokser\u00f3w powita\u0142 wicepremier Andrzej Lepper, kt\u00f3ry pochwali\u0142 naszych reprezentant\u00f3w za patriotyczn\u0105 postaw\u0119 w Niemczech.<\/p>\n<p>Pi\u0142ka no\u017cna to\u00a0 gra niewini\u0105tek. Niby wszyscy wierz\u0105 w fair play, ale wystarczy popatrze\u0107 na mundial, \u017ceby zobaczy\u0107 do czego zdolni s\u0105 najwi\u0119ksi,\u00a0 na czele w Anglikiem Rooneyem, kt\u00f3ry kopn\u0105\u0142 le\u017c\u0105cego zawodnika portugalskiego w krocze.\u00a0 &#8211; Je\u017celi tak kopie Anglik, z kraju d\u017centelmen\u00f3w i z ojczyzny futbolu, to jak kopie reprezentant Ghany? \u2013 pytali nasi swojego trenera i na wszelki wypadek wybrali powr\u00f3t do kraju.<\/p>\n<p>Pi\u0142karze z regu\u0142y udaj\u0105 niewini\u0105tka. Przy wej\u015bciu na boisko obowi\u0105zkowo si\u0119 \u017cegnaj\u0105, ale gdy znajd\u0105 si\u0119 ju\u017c na murawie \u2013 fauluj\u0105 jak poganie. Kiedy s\u0119dzia zagwi\u017cd\u017ce \u2013 nie wiedz\u0105 o co chodzi. Patrz\u0105\u00a0 zdziwieni, jak gdyby gwizdek wyrwa\u0142 ich ze snu. Bez\u0142adnie rozk\u0142adaj\u0105 r\u0119ce, unosz\u0105 wzrok ku niebu, zaskoczeni patrz\u0105 na s\u0119dziego, ze zdumienia \u0142api\u0105 si\u0119 za g\u0142ow\u0119.<\/p>\n<p>Ch\u0119tnie wal\u0105 si\u0119 na ziemi\u0119, symuluj\u0105c przejmuj\u0105cy b\u00f3l. Graj\u0105 te\u017c \u201ena faul\u201d, to znaczy &#8211; \u017ceby sprowokowa\u0107 przeciwnika. Padaj\u0105 jak podci\u0119ci, \u017ceby wzbudzi\u0107 lito\u015b\u0107 s\u0119dziego, albo wr\u0119cz\u00a0prawo do strzelenia rzutu karnego. Potrafi\u0105 le\u017ce\u0107 i wy\u0107 z b\u00f3lu, jednocze\u015bnie \u0142ypi\u0105c okiem na arbitra, \u017ceby zobaczy\u0107, czy uda\u0142o si\u0119 wymusi\u0107 odpowiedni\u0105 decyzj\u0119. Kiedy trzeba \u2013 potrafi\u0105 wsta\u0107 z martwych i rzuci\u0107 si\u0119 do boju. Gdy s\u0119dzia pokazuje im \u017c\u00f3\u0142t\u0105 kartk\u0119, rzadko kiedy wiedz\u0105 o co chodzi. Wszystko to niewini\u0105tka.\u00a0\u00a0<\/p>\n<p>Dooko\u0142a nich zgromadzone s\u0105 ogromne pieni\u0105dze, o kt\u00f3re graj\u0105, udaj\u0105c, \u017ce cierpi\u0105 za ojczyzn\u0119. Kiedy tysi\u0105ce kibic\u00f3w na trybunach, b\u0119d\u0105c cz\u0119sto w stanie wskazuj\u0105cym na u\u017cycie,\u00a0realizuj\u0105 recept\u0119 Giertycha (wi\u0119cej hymnu!), pi\u0142karze my\u015bl\u0105 wr\u0119cz przeciwnie &#8211;\u00a0 \u017ceby rodzimy klub sprzeda\u0142 ich za granic\u0119, bo tam lepiej p\u0142ac\u0105. Cho\u0107by na Ukrain\u0119, kt\u00f3rej pi\u0142karze dostali po 350 tys. dolar\u00f3w na g\u0142\u00f3wk\u0119.<\/p>\n<p>Do tego wszystkiego dorobiona jest legenda i teoria. Legenda, \u017ce Albert Camus powiedzia\u0142: \u201eWszystko, co wiem o moralno\u015bci, wiem z pi\u0142ki no\u017cnej\u201d. Legenda, \u017ce skoro kibicami s\u0105 Tadeusz Konwicki i Gustaw Holoubek, to musi to by\u0107\u00a0 sport d\u017centelmen\u00f3w. Teoria,\u00a0 \u017ce sport to szko\u0142a charakter\u00f3w. \u017be pi\u0142ka \u0142\u0105czy ludzi i narody, \u017ce system 4-4-2 jest lepszy od systemu 3-4-3, i \u017ce 15 lat temu na stadionie w Lyonie wygrali\u015bmy o w\u0142os, a w Hamburgu byli\u015bmy o w\u0142os od zwyci\u0119stwa. Ca\u0142kowicie niepotrzebne\u00a0 wiadomo\u015bci, kt\u00f3rymi przeci\u0105\u017cone s\u0105 niezbyt pojemne m\u00f3zgi kibic\u00f3w i komentator\u00f3w. Do tego dochodz\u0105 epokowe odkrycia, w rodzaju: \u201ePi\u0142ka jest okr\u0105g\u0142a, a bramki s\u0105 dwie\u201d, albo \u201eTak si\u0119 gra, jak przeciwnik pozwala\u201d.<\/p>\n<p>Pi\u0142ka no\u017cna uchodzi u nas za spraw\u0119 wagi pa\u0144stwowej. Imprezy sportowe zaszczyca\u0142 ju\u017c Aleksander Kwa\u015bniewski. Na meczu z Niemcami obecny by\u0142 prezydent Kaczy\u0144ski,\u00a0przed meczem z Ekwadorem\u00a0do szatni naszej dru\u017cyny uda\u0142 si\u0119\u00a0 premier Marcinkiewicz, a po jej powrocie wita\u0142 j\u0105 na lotnisku wicepremier Lepper.\u00a0 Rz\u0105d zabiera si\u0119 teraz do roboty \u2013 zapowiada okr\u0105g\u0142y st\u00f3\u0142 w sprawie pi\u0142ki no\u017cnej (cho\u0107 okr\u0105g\u0142y st\u00f3\u0142\u00a0 budzi dzi\u015b najgorsze skojarzenia, a na temat pi\u0142ki no\u017cnej powiedziano ju\u017c wszystko) i nasy\u0142a kontrole na zwi\u0105zek pi\u0142ki no\u017cnej. Po odzyskaniu MSZ, Prawo i Sprawiedliwo\u015b\u0107 zamierza odzyska\u0107 PZPN. Organizacja ta nie ma dobrej reputacji, to fakt, ale jest nadzieja, \u017ce jak na jej czele stanie kto\u015b niezale\u017cny z PiS, to nasi zaczn\u0105 wygrywa\u0107. Tylko czeka\u0107, a\u017c Andrzej Lepper za\u017c\u0105da przynajmniej jednego pomocnika i jednego skrzyd\u0142owego dla Samoobrony.<\/p>\n<p>Pi\u0142ka no\u017cna w obecnym wydaniu przypomina nasz\u0105 polityk\u0119 &#8211;\u00a0 to szko\u0142a niewini\u0105tek, kt\u00f3re kopi\u0105 w kostk\u0119, szko\u0142a\u00a0\u017ale poj\u0119tego patriotyzmu polityk\u00f3w i medi\u00f3w,\u00a0szko\u0142a fanatyzmu kibic\u00f3w,\u00a0demoralizuj\u0105ce widowisko, z kt\u00f3rego wszyscy s\u0105 zadowoleni, bo wiadomo, co jest grane i (prawie) ka\u017cdy lubi na to popatrze\u0107, bo mecz to jedyny niezale\u017cny program w telewizji.<\/p>\n","protected":false},"excerpt":{"rendered":"<p>Ca\u0142e szcz\u0119\u015bcie, \u017ce nasi ju\u017c odpadli z mistrzostw \u015bwiata w pi\u0142ce no\u017cnej, bo przynajmniej mo\u017ce si\u0119 toczy\u0107 mecz na \u015bmier\u0107 i \u017cycie z \u201euk\u0142adem\u201d.\u00a0 Trenerem naszej dru\u017cyny jest genialny strateg, Jaros\u0142aw Kaczy\u0144ski, kt\u00f3ry przygotowywa\u0142 polski zesp\u00f3\u0142\u00a0 do tej rozgrywki przez 15 lat. Do decyduj\u0105cego spotkania, w barwach IV RP,\u00a0trener wystawi\u0142\u00a0 najlepszych zawodnik\u00f3w: w bramce Wassermanna, [&hellip;]<\/p>\n","protected":false},"author":4,"featured_media":0,"comment_status":"open","ping_status":"open","sticky":false,"template":"","format":"standard","meta":{"footnotes":""},"categories":[1],"tags":[],"_links":{"self":[{"href":"https:\/\/blog.polityka.pl\/passent\/wp-json\/wp\/v2\/posts\/78"}],"collection":[{"href":"https:\/\/blog.polityka.pl\/passent\/wp-json\/wp\/v2\/posts"}],"about":[{"href":"https:\/\/blog.polityka.pl\/passent\/wp-json\/wp\/v2\/types\/post"}],"author":[{"embeddable":true,"href":"https:\/\/blog.polityka.pl\/passent\/wp-json\/wp\/v2\/users\/4"}],"replies":[{"embeddable":true,"href":"https:\/\/blog.polityka.pl\/passent\/wp-json\/wp\/v2\/comments?post=78"}],"version-history":[{"count":0,"href":"https:\/\/blog.polityka.pl\/passent\/wp-json\/wp\/v2\/posts\/78\/revisions"}],"wp:attachment":[{"href":"https:\/\/blog.polityka.pl\/passent\/wp-json\/wp\/v2\/media?parent=78"}],"wp:term":[{"taxonomy":"category","embeddable":true,"href":"https:\/\/blog.polityka.pl\/passent\/wp-json\/wp\/v2\/categories?post=78"},{"taxonomy":"post_tag","embeddable":true,"href":"https:\/\/blog.polityka.pl\/passent\/wp-json\/wp\/v2\/tags?post=78"}],"curies":[{"name":"wp","href":"https:\/\/api.w.org\/{rel}","templated":true}]}}