
{"id":781,"date":"2010-12-02T23:27:34","date_gmt":"2010-12-02T22:27:34","guid":{"rendered":"http:\/\/passent.blog.polityka.pl\/?p=781"},"modified":"2010-12-03T15:33:00","modified_gmt":"2010-12-03T14:33:00","slug":"wicek-i-wacek","status":"publish","type":"post","link":"https:\/\/blog.polityka.pl\/passent\/2010\/12\/02\/wicek-i-wacek\/","title":{"rendered":"Wicek i Wacek"},"content":{"rendered":"<p>W TVN 24 pokazano rozmow\u0119 red. Rymanowskiego z Jadwig\u0105 Staniszkis i Markiem Migalskim. Pierwsze, co rzuci\u0142o mi si\u0119 w oczy \u2013 to temat. Chocia\u017c dzieje si\u0119 du\u017co: jeste\u015bmy w przeddzie\u0144 drugiej tury wybor\u00f3w samorz\u0105dowych i w przeddzie\u0144 wizyty Miedwiediewa, trwa zamieszanie wok\u00f3\u0142 OFE, wyniki gospodarcze w III kwartale zaskoczy\u0142y nawet optymist\u00f3w, tymczasem rozmowa dotyczy\u0142a kryzysu w partii Kaczy\u0144skiego, secesji grupy PJN, stosunk\u00f3w Ziobro \u2013 prezes, czyli dooko\u0142a (PiS) Wojtek. <\/p>\n<p>Mo\u017ce to zreszt\u0105 i lepiej, bo nieco wcze\u015bniej, w tej\u017ce telewizji, u Anity Werner,  pose\u0142 Girzy\u0144ski, w rozmowie z pos\u0142em Gowinem twierdzi\u0142, \u017ce wizyta prezydenta Rosji to formalno\u015b\u0107 bez znaczenia. Z g\u00f3ry uwa\u017ca\u0142, \u017ce nie warto sobie tym zawraca\u0107 g\u0142owy,  bo gdyby Rosji rzeczywi\u015bcie zale\u017ca\u0142o na poprawie stosunk\u00f3w z Polsk\u0105, to przede wszystkim wycofa\u0142aby si\u0119 z Gazoci\u0105gu P\u00f3\u0142nocnego. (Dwa pozosta\u0142e warunki by\u0142y bardziej do rzeczy: pe\u0142na lista ofiar zbrodni katy\u0144skiej i przyspieszenie rosyjskiego \u015bledztwa  w sprawie katastrofy smole\u0144skiej, cho\u0107 moim zdaniem nie tyle chodzi o szybko\u015b\u0107, co o jako\u015b\u0107 \u015bledztwa). Wi\u0119kszej g\u0142upoty ni\u017c ta z gazoci\u0105giem dawno nie s\u0142ysza\u0142em. Tak bardzo zawy\u017ca si\u0119 oczekiwania wobec Miedwiediewa, \u017ceby jego wizyta by\u0142a fiaskiem, bo przecie\u017c wiadomo, \u017ce Gazoci\u0105g P\u00f3\u0142nocny to kluczowa inwestycja w stosunkach Rosja \u2013 Niemcy \u2013 Unia i nikt si\u0119 z tego nie wycofa.  Brednie m\u00f3wi si\u0119 u nas z ca\u0142kowit\u0105 powag\u0105.<\/p>\n<p>Drugie spostrze\u017cenie jakie mia\u0142em dotyczy rozmowy Staniszkis \u2013 Migalski, oboje m\u00f3wili o by\u0142ych lub  obecnych dzia\u0142aczy PiS po imieniu. Pani profesor m\u00f3wi\u0142a np. o Dornie per \u201eLucek\u201d, a Migalski m\u00f3wi\u0142 per \u201eAsia\u201d (Kluzik-Rostkowska), \u201eJacek\u201d (Kurski) i \u201eZbyszek\u201d (Ziobro). Dla mnie to jaki\u015b grajdo\u0142, prowincja. Mia\u0142em wra\u017cenie, jak gdyby rzecz dzia\u0142a si\u0119 w piaskownicy, kto ma najwi\u0119cej zabawek, kto komu zabra\u0142 wiaderko i \u0142opatk\u0119, a kto komu sypn\u0105\u0142 piaskiem w oczy. Podobno (jak zapewnia dr Migalski) w ci\u0105gu najbli\u017cszych \u201egodzin\u201d PJN ods\u0142oni sw\u00f3j program. Bardzo jestem ciekaw, bo jak dotychczas trudno si\u0119 domy\u015ble\u0107 czym \u2013 poza stylem \u2013 ta grupa ma si\u0119 r\u00f3\u017cni\u0107 od PiS. Pawe\u0142 Kowal m\u00f3wi, \u017ce to jest grupa konserwatywna w sprawach \u015bwiatopogl\u0105dowych, mo\u017ce nawet bardziej ni\u017c PiS, \u201eAsia\u201d Kluzik-Rostkowska pomstuje na Jaruzelskiego, kt\u00f3ry wys\u0142a\u0142 czo\u0142gi przeciwko Solidarno\u015bci  \u2013 to wszystko mogli m\u00f3wi\u0107 i wcze\u015bniej, bez zabierania swoich zabawek, wiaderka i \u0142opatki z piaskownicy prezesa Kaczy\u0144skiego. Troch\u0119 trudno uwierzy\u0107, \u017ceby tylko na r\u00f3\u017cnicy stylu mo\u017cna by\u0142o zbudowa\u0107 parti\u0119 polityczn\u0105.  <\/p>\n<p>Wbrew temu, co si\u0119 s\u0105dzi, \u017ce PiS = PO, to r\u00f3\u017cnice mi\u0119dzy tymi partiami s\u0105 du\u017ce. Wystarczy obserwowa\u0107  wizyt\u0119 Miedwiediewa, zauwa\u017cy\u0107 likwidacj\u0119 Komisji Maj\u0105tkowej, czy  nawet zaproszenie Jaruzelskiego przez Komorowskiego. Komu\u015b mo\u017ce si\u0119 to nie podoba\u0107, ale przynajmniej nie chodzi tylko o \u0142opatk\u0119 i wiaderko, ani o Wicka i Wacka.  Je\u015bli chodzi o to\u017csamo\u015b\u0107 ugrupowania \u201eAsi\u201d, to nie jestem wielkim optymist\u0105.   <\/p>\n","protected":false},"excerpt":{"rendered":"<p>W TVN 24 pokazano rozmow\u0119 red. Rymanowskiego z Jadwig\u0105 Staniszkis i Markiem Migalskim. Pierwsze, co rzuci\u0142o mi si\u0119 w oczy \u2013 to temat. Chocia\u017c dzieje si\u0119 du\u017co: jeste\u015bmy w przeddzie\u0144 drugiej tury wybor\u00f3w samorz\u0105dowych i w przeddzie\u0144 wizyty Miedwiediewa, trwa zamieszanie wok\u00f3\u0142 OFE, wyniki gospodarcze w III kwartale zaskoczy\u0142y nawet optymist\u00f3w, tymczasem rozmowa dotyczy\u0142a kryzysu [&hellip;]<\/p>\n","protected":false},"author":4,"featured_media":0,"comment_status":"open","ping_status":"open","sticky":false,"template":"","format":"standard","meta":{"footnotes":""},"categories":[1],"tags":[],"_links":{"self":[{"href":"https:\/\/blog.polityka.pl\/passent\/wp-json\/wp\/v2\/posts\/781"}],"collection":[{"href":"https:\/\/blog.polityka.pl\/passent\/wp-json\/wp\/v2\/posts"}],"about":[{"href":"https:\/\/blog.polityka.pl\/passent\/wp-json\/wp\/v2\/types\/post"}],"author":[{"embeddable":true,"href":"https:\/\/blog.polityka.pl\/passent\/wp-json\/wp\/v2\/users\/4"}],"replies":[{"embeddable":true,"href":"https:\/\/blog.polityka.pl\/passent\/wp-json\/wp\/v2\/comments?post=781"}],"version-history":[{"count":0,"href":"https:\/\/blog.polityka.pl\/passent\/wp-json\/wp\/v2\/posts\/781\/revisions"}],"wp:attachment":[{"href":"https:\/\/blog.polityka.pl\/passent\/wp-json\/wp\/v2\/media?parent=781"}],"wp:term":[{"taxonomy":"category","embeddable":true,"href":"https:\/\/blog.polityka.pl\/passent\/wp-json\/wp\/v2\/categories?post=781"},{"taxonomy":"post_tag","embeddable":true,"href":"https:\/\/blog.polityka.pl\/passent\/wp-json\/wp\/v2\/tags?post=781"}],"curies":[{"name":"wp","href":"https:\/\/api.w.org\/{rel}","templated":true}]}}