
{"id":782,"date":"2010-12-05T21:59:43","date_gmt":"2010-12-05T20:59:43","guid":{"rendered":"http:\/\/passent.blog.polityka.pl\/?p=782"},"modified":"2010-12-05T21:59:43","modified_gmt":"2010-12-05T20:59:43","slug":"pani-kluzik-mysli","status":"publish","type":"post","link":"https:\/\/blog.polityka.pl\/passent\/2010\/12\/05\/pani-kluzik-mysli\/","title":{"rendered":"Pani Kluzik My\u015bli"},"content":{"rendered":"<p>Pani Kluzik My\u015bli<\/p>\n<p>Cz\u0119\u015b\u0107 blogowicz\u00f3w ma dosy\u0107 problematyki PO\/PiS\/PJN, tworz\u0105 na blogu w\u0142asne k\u00f3\u0142ka zainteresowa\u0144. Ja te k\u00f3\u0142ka popieram, niech rozkwita sto kwiat\u00f3w, ale ja piel\u0119gnuj\u0119 swoj\u0105 grz\u0105dk\u0119. <\/p>\n<p>Kilka dni temu Marek Migalski zapowiada\u0142 w TVN 24, \u017ce w ci\u0105gu najbli\u017cszych godzin dowiemy si\u0119 o programie stowarzyszenia Polska Jest Najwa\u017cniejsza (nazwa wyj\u0105tkowo niefortunna, r\u00f3wnie niezr\u0119czna jak Instytut im. Adama Mickiewicza do promocji kultury polskiej za granic\u0105. Jaki cudzoziemiec to wym\u00f3wi?). Jedyny \u015blad programu PJN znalaz\u0142em w rozmowie Igora Janke (\u201eRz\u201d)  z Joann\u0105 Kluzik-Rostkowsk\u0105, rozmowie \u2013 warto zauwa\u017cy\u0107 \u2013 bardzo delikatnej, w kt\u00f3rej dziennikarz nie pyta o pogl\u0105dy swojej rozm\u00f3wczyni na temat IV RP, czy o zmian\u0119 wizerunku prezesa Kaczy\u0144skiego, kt\u00f3rego dokona\u0142a na czas wybor\u00f3w prezydenckich, czy wreszcie co my\u015bli o swoim wyrzuceniu, pardon, wykluczeniu z PiS.<\/p>\n<p>Zamiast tego znajdujemy kilka opinii pani pose\u0142, kt\u00f3re przedstawi\u0119.<br \/>\nIDEOLOGIA? \u201eCzas ideologii, krystalicznych podzia\u0142\u00f3w si\u0119 sko\u0144czy\u0142. Dzi\u015b chodzi o to, by dobrze i sprawnie zarz\u0105dza\u0107 pa\u0144stwem\u201d.  Ta opinia, do\u015b\u0107 rozpowszechniona, przypomina pogl\u0105dy Donalda Tuska i na pewno nie pasowa\u0142a do PiS \u2013 partii podzia\u0142\u00f3w i walki.<\/p>\n<p>ADOPCJA dzieci przez pary homoseksualne? \u201eM\u00f3wi\u0119 stanowcze \u2018nie\u2019\u201d.<\/p>\n<p>MA\u0141\u017b\u0118\u0143STWA HOMOSEKSUALNE? \u201eNie. Ma\u0142\u017ce\u0144stwo to zwi\u0105zek kobiety i m\u0119\u017cczyzny. Ale (\u2026) czy w imi\u0119 ideologii mamy im utrudnia\u0107 kontakt w szpitalu z bliska osob\u0105\u201d.<\/p>\n<p>KO\u015aCI\u00d3\u0141 JEST NACHALNY? Krzy\u017ce w miejscach publicznych? \u201eNie, absolutnie mi nie przeszkadzaj\u0105\u201d.<\/p>\n<p>ABORCJA? \u201eJestem przeciwna zmianie obecnej ustawy. Kompromis zawarty 17 lat temu jest rozs\u0105dny i nie nale\u017cy go narusza\u0107.\u201d<\/p>\n<p>RADIO MARYJA CZY RADIO TOK FM? \u201eOstatnio s\u0142ucham Radia Vox\u2026\u201d<\/p>\n<p>To wszystko, co uda\u0142o mi si\u0119 wycisn\u0105\u0107 z wywiadu. Jak na osob\u0119, kt\u00f3ra stoi na czele licz\u0105cego 17 pos\u0142\u00f3w klubu, w przeddzie\u0144 wizyty Miedwiediewa, w trakcie sporu o katastrof\u0119 smole\u0144sk\u0105, przed rokiem wyborczym i prezydencj\u0105 w Unii, w czasie gor\u0105cej polemiki o reformach i gospodarce (Rybi\u0144ski \u2013 Balcerowicz), to zaskakuj\u0105co ma\u0142o. Brakuje tylko napisu \u201eRemanent\u201d albo \u201eZmiana dekoracji\u201d. Licz\u0119 na to, \u017ce t\u0119gie g\u0142owy, PP. Bielan, Kami\u0144ski, O\u0142dakowski i inni wkr\u00f3tce ujawni\u0105, co my\u015bl\u0105 \u2013 o przesz\u0142o\u015bci i o przysz\u0142o\u015bci.    <\/p>\n<p>PS.<br \/>\nANDRZEJ, NEMER I INNI \u2013 podzielam krytycyzm wobec niekt\u00f3rych opinii prof. Rzepli\u0144skiego, nowego prezesa TK, zw\u0142aszcza wobec jego pogl\u0105d\u00f3w na lustracj\u0119 oraz w\/s emerytur dla by\u0142ych funkcjonariuszy, pozytywnie zweryfikowanych w III RP. Ale ludzie rosn\u0105,  nie trac\u0119 nadziei, \u017ce Profesor b\u0119dzie dobrym prezesem, \u017ce wyka\u017ce si\u0119 charakterem, tak potrzebnym na tym stanowisku.<\/p>\n<p>MAG \u2013 ch\u0119tnie dodam Pani otuchy.  Maj\u0105c do wyboru rz\u0105d ideologiczny a la IV RP i rz\u0105d pragmatyczny a la Tusk \u2013 wol\u0119 ten drugi, ale czasami jest on zbyt zachowawczy i kunktatorski. Zgadzam si\u0119 z Tadeuszem Mazowieckim, \u017ce w naszych warunkach nie jest potrzebna rewolucja, tylko polityka ma\u0142ych krok\u00f3w \u2013 s\u0119k w tym, \u017ceby te kroki nie by\u0142y tak ma\u0142e, i\u017c b\u0119dziemy drepta\u0107 w miejscu. Ilekro\u0107 czytam pohukiwania na Tuska (czasami uzasadnione), to dzi\u0119kuj\u0119 Opatrzno\u015bci, \u017ce premierem nie jest bardziej ideowy, wyrazisty i energiczny prezes PiS, kt\u00f3ry potrafi z dnia na dzie\u0144 zmieni\u0107 sw\u00f3j wizerunek. <\/p>\n<p>Przepraszam blogowicz\u00f3w, \u017ce m\u00f3j poprzedni post pojawi\u0142 si\u0119 dwukrotnie, mea culpa. <\/p>\n","protected":false},"excerpt":{"rendered":"<p>Pani Kluzik My\u015bli Cz\u0119\u015b\u0107 blogowicz\u00f3w ma dosy\u0107 problematyki PO\/PiS\/PJN, tworz\u0105 na blogu w\u0142asne k\u00f3\u0142ka zainteresowa\u0144. Ja te k\u00f3\u0142ka popieram, niech rozkwita sto kwiat\u00f3w, ale ja piel\u0119gnuj\u0119 swoj\u0105 grz\u0105dk\u0119. Kilka dni temu Marek Migalski zapowiada\u0142 w TVN 24, \u017ce w ci\u0105gu najbli\u017cszych godzin dowiemy si\u0119 o programie stowarzyszenia Polska Jest Najwa\u017cniejsza (nazwa wyj\u0105tkowo niefortunna, r\u00f3wnie niezr\u0119czna [&hellip;]<\/p>\n","protected":false},"author":4,"featured_media":0,"comment_status":"open","ping_status":"open","sticky":false,"template":"","format":"standard","meta":{"footnotes":""},"categories":[1],"tags":[],"_links":{"self":[{"href":"https:\/\/blog.polityka.pl\/passent\/wp-json\/wp\/v2\/posts\/782"}],"collection":[{"href":"https:\/\/blog.polityka.pl\/passent\/wp-json\/wp\/v2\/posts"}],"about":[{"href":"https:\/\/blog.polityka.pl\/passent\/wp-json\/wp\/v2\/types\/post"}],"author":[{"embeddable":true,"href":"https:\/\/blog.polityka.pl\/passent\/wp-json\/wp\/v2\/users\/4"}],"replies":[{"embeddable":true,"href":"https:\/\/blog.polityka.pl\/passent\/wp-json\/wp\/v2\/comments?post=782"}],"version-history":[{"count":0,"href":"https:\/\/blog.polityka.pl\/passent\/wp-json\/wp\/v2\/posts\/782\/revisions"}],"wp:attachment":[{"href":"https:\/\/blog.polityka.pl\/passent\/wp-json\/wp\/v2\/media?parent=782"}],"wp:term":[{"taxonomy":"category","embeddable":true,"href":"https:\/\/blog.polityka.pl\/passent\/wp-json\/wp\/v2\/categories?post=782"},{"taxonomy":"post_tag","embeddable":true,"href":"https:\/\/blog.polityka.pl\/passent\/wp-json\/wp\/v2\/tags?post=782"}],"curies":[{"name":"wp","href":"https:\/\/api.w.org\/{rel}","templated":true}]}}