
{"id":785,"date":"2010-12-15T12:00:08","date_gmt":"2010-12-15T11:00:08","guid":{"rendered":"http:\/\/passent.blog.polityka.pl\/?p=785"},"modified":"2010-12-15T12:00:08","modified_gmt":"2010-12-15T11:00:08","slug":"swieta-prawda","status":"publish","type":"post","link":"https:\/\/blog.polityka.pl\/passent\/2010\/12\/15\/swieta-prawda\/","title":{"rendered":"\u015awi\u0119ta prawda"},"content":{"rendered":"<p><strong>List o. Ludwika Wi\u015bniewskiego \u2013 zas\u0142u\u017conego dominikanina, obywatela, dzia\u0142acza opozycji demokratycznej \u2013 do nowego nuncjusza i najwa\u017cniejszych hierarch\u00f3w polskich, przychodzi jak najbardziej na czasie<\/strong>.<\/p>\n<p>Podczas kiedy \u015awi\u0105tynia Opatrzno\u015bci jest coraz wi\u0119ksza, i wy\u017csza, i bardziej kosztowna (mimo, \u017ce pa\u0144stwo polskie hojnie do niej dorzuca), to Ko\u015bci\u00f3\u0142 raczej si\u0119 kurczy. \u201eWidmo hiszpa\u0144skiego Ko\u015bcio\u0142a przybli\u017cy\u0142o si\u0119\u201d \u2013 pisze o. Wi\u015bniewski.<\/p>\n<p>Nie b\u0119d\u0105c cz\u0142onkiem Ko\u015bcio\u0142a, m\u00f3g\u0142bym powiedzie\u0107: \u201enie moja kareta \u2013 nie m\u00f3j ko\u0144\u201d, ale ze wzgl\u0119du na niezwyk\u0142\u0105 rol\u0119 Ko\u015bcio\u0142a w Polsce, na jego zwi\u0105zek z narodem i z pa\u0144stwem, jest on spraw\u0105 wszystkich Polak\u00f3w.<\/p>\n<p>Przypomn\u0119 g\u0142\u00f3wne tezy listu (ca\u0142o\u015b\u0107 w \u201eGW\u201d, 14 XII): Od \u015bmierci JP II \u201ezacz\u0119\u0142o si\u0119 naszym Ko\u015bciele dzia\u0107 co\u015b niepokoj\u0105cego\u201d. Nie ma ju\u017c \u201etwarzy\u201d, takich jak kardyna\u0142 Wyszy\u0144ski, a po nim JP II. Nast\u0105pi\u0142 gorsz\u0105cy podzia\u0142 w polskim Episkopacie, kt\u00f3ry ujawni\u0142 si\u0119 m.in. przez popieranie inicjatyw i dzie\u0142 \u201eformalnie katolickich, a w rzeczywisto\u015bci poga\u0144skich, bo j\u0105trz\u0105cych i dziel\u0105cych spo\u0142ecze\u0144stwo i Ko\u015bci\u00f3\u0142\u201d, cz\u0119\u015b\u0107 biskup\u00f3w publikuje w \u201eNaszym Dzienniku\u201d, w kt\u00f3rym \u201eroi si\u0119 od oszczerstw\u201d. Tzw obrona krzy\u017ca przed pa\u0142acem prezydenckim, to by\u0142a \u201ewalka z Prezydentem i Rz\u0105dem, podkopywanie ich presti\u017cu\u201d To \u201epolityczne awanturnictwo\u201d popierane przez cz\u0119\u015b\u0107 biskup\u00f3w. Po\u0142owa duchowie\u0144stwa ska\u017cona jest ksenofobi\u0105, nacjonalizmem i \u201ewstydliwie skrywanym antysemityzmem\u201d. Wywo\u0142uj\u0105 oni chaos i \u201espustoszenie moralne\u201d.<\/p>\n<p>O. Wi\u015bniewski wymienia niekt\u00f3re sprawy nie za\u0142atwione: problem abp Paetza, problem \u201elustracji\u201d (cudzys\u0142\u00f3w w oryginale) kap\u0142an\u00f3w i biskup\u00f3w, problem Radia Maryja, gdzie \u201eludzie ucz\u0105 fanatyzmu i niech\u0119ci\u201d. Osobny rozdzia\u0142 stanowi nieumiej\u0119tno\u015b\u0107 komunikowania ze wsp\u00f3\u0142czesnym \u015bwiatem, z wiernymi, kt\u00f3rzy \u017cyj\u0105 ju\u017c w innym \u015bwiecie \u2013 trwa rewolucja obyczajowa, \u201ema\u0142\u017ce\u0144stwa na pr\u00f3b\u0119\u201d, padaj\u0105 bariery w sprawie seksu.<\/p>\n<p>Nie jest dobrze w Ko\u015bciele polskim, \u201ejest du\u017cy, kolorowy, ale tak naprawd\u0119 jest nadmuchany jak balon\u201d. Autor formu\u0142uje wiele s\u0142\u00f3w krytycznych pod adresem biskup\u00f3w.<\/p>\n<p>Zarzuty te nie s\u0105 nowe, ale staj\u0105 si\u0119 donios\u0142ym wydarzeniem ze wzgl\u0119du na osob\u0119 autora listu \u2013 cz\u0142owieka poza wszelkim podejrzeniem, \u017cadnego ateisty, lewicowca czy frustrata, kt\u00f3ry w zaawansowanym wieku usi\u0142uje powr\u00f3ci\u0107 przed o\u0142tarze. To g\u0142os z samego serca wiernego syna Ko\u015bcio\u0142a.<\/p>\n<p>Znakomity ekspert w sprawach ko\u015bcielnych (i nie tylko), Adam Szostkiewicz, w komentarzu na stronie \u201ePolityki\u201d, nauczony do\u015bwiadczeniem, przewiduje, \u017ce g\u0142os o. Wi\u015bniewskiego pozostanie wo\u0142aniem na puszczy. My\u015bl\u0119, \u017ce na kr\u00f3tk\u0105 met\u0119 \u2013 tak, nast\u0105pi kr\u00f3tkie poruszenie i sprawy wr\u00f3c\u0105 do normy. Ale jednak kropla dr\u0105\u017cy ska\u0142\u0119. Wystarczy popatrze\u0107 na to, co dzieje si\u0119 w Hiszpanii, jakie zmiany zachodz\u0105 w Ameryce \u0141aci\u0144skiej \u2013 najbardziej katolickim z kontynent\u00f3w, jakie s\u0105 skutki naszej obecno\u015bci w Unii Europejskiej. Im pr\u0119dzej hierarchia przestanie chowa\u0107 g\u0142ow\u0119 w piasek, tym lepiej dla wszystkich.<\/p>\n","protected":false},"excerpt":{"rendered":"<p>List o. Ludwika Wi\u015bniewskiego \u2013 zas\u0142u\u017conego dominikanina, obywatela, dzia\u0142acza opozycji demokratycznej \u2013 do nowego nuncjusza i najwa\u017cniejszych hierarch\u00f3w polskich, przychodzi jak najbardziej na czasie. Podczas kiedy \u015awi\u0105tynia Opatrzno\u015bci jest coraz wi\u0119ksza, i wy\u017csza, i bardziej kosztowna (mimo, \u017ce pa\u0144stwo polskie hojnie do niej dorzuca), to Ko\u015bci\u00f3\u0142 raczej si\u0119 kurczy. \u201eWidmo hiszpa\u0144skiego Ko\u015bcio\u0142a przybli\u017cy\u0142o si\u0119\u201d \u2013 [&hellip;]<\/p>\n","protected":false},"author":4,"featured_media":0,"comment_status":"open","ping_status":"open","sticky":false,"template":"","format":"standard","meta":{"footnotes":""},"categories":[1],"tags":[],"_links":{"self":[{"href":"https:\/\/blog.polityka.pl\/passent\/wp-json\/wp\/v2\/posts\/785"}],"collection":[{"href":"https:\/\/blog.polityka.pl\/passent\/wp-json\/wp\/v2\/posts"}],"about":[{"href":"https:\/\/blog.polityka.pl\/passent\/wp-json\/wp\/v2\/types\/post"}],"author":[{"embeddable":true,"href":"https:\/\/blog.polityka.pl\/passent\/wp-json\/wp\/v2\/users\/4"}],"replies":[{"embeddable":true,"href":"https:\/\/blog.polityka.pl\/passent\/wp-json\/wp\/v2\/comments?post=785"}],"version-history":[{"count":0,"href":"https:\/\/blog.polityka.pl\/passent\/wp-json\/wp\/v2\/posts\/785\/revisions"}],"wp:attachment":[{"href":"https:\/\/blog.polityka.pl\/passent\/wp-json\/wp\/v2\/media?parent=785"}],"wp:term":[{"taxonomy":"category","embeddable":true,"href":"https:\/\/blog.polityka.pl\/passent\/wp-json\/wp\/v2\/categories?post=785"},{"taxonomy":"post_tag","embeddable":true,"href":"https:\/\/blog.polityka.pl\/passent\/wp-json\/wp\/v2\/tags?post=785"}],"curies":[{"name":"wp","href":"https:\/\/api.w.org\/{rel}","templated":true}]}}