
{"id":788,"date":"2010-12-26T23:52:40","date_gmt":"2010-12-26T22:52:40","guid":{"rendered":"http:\/\/passent.blog.polityka.pl\/?p=788"},"modified":"2010-12-26T23:52:40","modified_gmt":"2010-12-26T22:52:40","slug":"makabra","status":"publish","type":"post","link":"https:\/\/blog.polityka.pl\/passent\/2010\/12\/26\/makabra\/","title":{"rendered":"Makabra"},"content":{"rendered":"<p>\u201eZAG\u0141OSUJ W ANKIECIE: CZY POWINNA SI\u0118 ODBY\u0106 EKSHUMACJA CIA\u0141A LECHA KACZY\u0143SKIEGO\u201d  \u2013 zaprasza Wirtualna Polska (wiadomo\u015bci.wp.pl, 20 grudnia, godz.13.10). Czeg\u00f3\u017c to ludzie nie wymy\u015bl\u0105! Ankieta na temat ekshumacji. \u017badnych \u015bwi\u0119to\u015bci, \u017cadnej powagi \u015bmierci, ankieta internaut\u00f3w na temat zw\u0142ok tragicznie zmar\u0142ego prezydenta, \u201ezabitego\u201d prezydenta, jak czytamy w \u201eRzeczpospolitej\u201d.  \u017badnych zahamowa\u0144. \u017badnej dyskrecji. \u017badnej prywatno\u015bci. Prezydent \u2013 nie prezydent, \u017cywy czy martwy \u2013 zawsze jest dobry na ankiet\u0119. W demokracji \u2013 wiadomo, najwa\u017cniejszy jest g\u0142os ludu, opinia publiczna,  w niej Internet, a w Internecie ilo\u015b\u0107 g\u0142os\u00f3w. Jakie to niesmaczne. Jakie przemieszanie populizmu, braku hamulc\u00f3w, pseudo-demokracji uczestnicz\u0105cej, aktywno\u015bci obywatelskiej w  najgorszym stylu, i B\u00f3g wie, co jeszcze. Tylko kto\u015b o ograniczonej wyobra\u017ani mo\u017ce og\u0142osi\u0107 ankiet\u0119 na temat ekshumacji. To nie s\u0105 sprawy, kt\u00f3re mo\u017cna rozstrzyga\u0107 w drodze ankiety, a nawet kt\u00f3re powinny zale\u017ce\u0107 od opinii publicznej. To sprawa bolesna, intymna, sprawa obola\u0142ych rodzin, mo\u017ce nawet sprawa pa\u0144stwowa, ale ankieta? Mo\u017ce jeszcze z nagrodami? <\/p>\n<p>Ten \u201ekto\u015b\u201d z WP nie jest jednak winien, on(a) czyta codziennie w mediach o tajemniczej zawarto\u015bci trumny w sarkofagu na Wawelu. Spraw\u0119 zainicjowa\u0142y niekt\u00f3re rodziny, media i politycy, zw\u0142aszcza z kr\u0119g\u00f3w PiS, kt\u00f3ry kwestionuje wszystko, co wi\u0105\u017ce si\u0119 z katastrof\u0105 smole\u0144sk\u0105. Kilka rodzin i ich adwokat Rogalski (kt\u00f3ry w \u201eKropce nad i\u201d wi\u0142 si\u0119 jak piskorz) wspominali o ewentualnym postulacie ekshumacji. Ale prawdziwego rozg\u0142osu nada\u0142a sprawie tragicznie do\u015bwiadczona Rodzina Kaczy\u0144skich. Prezes JK wypowiedzia\u0142 si\u0119 na ten temat nie przypadkowo, gdzie\u015b w korytarzu, mimochodem, ale na konferencji prasowej. O ile na lotnisku w Smole\u0144sku zidentyfikowa\u0142 cia\u0142o prezydenta, o tyle w Polsce \u201eby\u0142 to cz\u0142owiek, kt\u00f3ry zupe\u0142nie nie przypomina\u0142 mojego brata\u201d. Potem m\u00f3wi\u0142o si\u0119, \u017ce prezes i pani Marta Kaczy\u0144ska nie podj\u0119li jeszcze decyzji, potem zi\u0119\u0107 nie\u017cyj\u0105cego prezydenta, te\u017c prawnik z ambicjami politycznymi,  nie mia\u0142 \u2013 w odr\u00f3\u017cnieniu od prezesa &#8211; w\u0105tpliwo\u015bci, kto jest w trumnie. Je\u017celi sama rodzina nie mo\u017ce si\u0119 porozumie\u0107, to c\u00f3\u017c dopiero uczestnicy ankiety WP?<\/p>\n<p>Trudno uwierzy\u0107, \u017ce prezes PiS wyci\u0105ga t\u0119 spraw\u0119 po o\u015bmiu miesi\u0105cach od pogrzebu z pobudek innych ni\u017c polityczne. Gdyby prezes mia\u0142 autentyczne w\u0105tpliwo\u015bci, to zg\u0142osi\u0142by je od razu odpowiednim w\u0142adzom, b\u0105d\u017a najbli\u017cszym w rodzinie czy w partii, ale je\u017celi czyni to teraz, to chyba wy\u0142\u0105cznie po to, \u017ceby podwa\u017cy\u0107 wszystko, zrzuci\u0107 ka\u017cdy skandal, wszelk\u0105 odpowiedzialno\u015b\u0107, na barki Tuska i Sp\u00f3\u0142ki oraz ich rosyjskich wsp\u00f3lnik\u00f3w. Trudno nie uzna\u0107 wypowiedzi prezesa w sprawie szcz\u0105tk\u00f3w najbli\u017cszej osoby za zabieg polityczny, kt\u00f3ry ma wskaza\u0107, \u017ce czego si\u0119 dotknie  dziadowskie pa\u0144stwo polskie &#8211; to zepsuje. Pa\u0144stwo polskie (czytaj \u201epa\u0144stwo Tuska et consortes\u201d) jest straszne, a uratowa\u0107 je mo\u017ce tylko zmiana w\u0142adzy.<br \/>\nT\u0119 za\u015b mo\u017cna osi\u0105gn\u0105\u0107 tylko w drodze wybor\u00f3w. Aby wygra\u0107 wybory \u2013 trzeba dyskredytowa\u0107 rz\u0105dz\u0105cych i na ka\u017cdym kroku demaskowa\u0107 ich nieporadno\u015b\u0107. W tym celu  nie wolno pomin\u0105\u0107 niczego, w\u0142\u0105cznie z trumn\u0105 prezydenta.<\/p>\n<p>Do tego trumiennego kryzysu przyczyniaj\u0105 si\u0119 tak\u017ce media oraz IPN \u2013 organizator kolejnych bezsensownych ekshumacji, najpierw gen. Sikorskiego, teraz kolejnych ofiar katastrofy gibraltarskiej. Wszystko to na koszt \u201edziadowskiego pa\u0144stwa\u201d. Powstaje klimat, w kt\u00f3rym spok\u00f3j umar\u0142ych przestaje si\u0119 liczy\u0107. Wa\u017cniejszy jest cel polityczny. Gdyby uda\u0142o si\u0119 udowodni\u0107, \u017ce samolot pod Gibraltarem run\u0105\u0142 z powodu zamachu, najlepiej sowiecko-brytyjskiego, gdyby uda\u0142o si\u0119 udowodni\u0107, \u017ce w trumnie na Wawelu nie jest pochowany polski prezydent, gdyby uda\u0142o si\u0119 udowodni\u0107, b\u0105d\u017a cho\u0107by odkopa\u0107 poszlak\u0119, \u017ce pod Smole\u0144skiem  to Putin z Tuskiem co\u015b namieszali, najlepiej wsp\u00f3lnie, to nie trudno sobie wyobrazi\u0107, co by si\u0119 dzia\u0142o.<br \/>\nW razie w\u0105tpliwo\u015bci zawsze b\u0119dzie mo\u017cna rozpisa\u0107 ankiet\u0119.<\/p>\n","protected":false},"excerpt":{"rendered":"<p>\u201eZAG\u0141OSUJ W ANKIECIE: CZY POWINNA SI\u0118 ODBY\u0106 EKSHUMACJA CIA\u0141A LECHA KACZY\u0143SKIEGO\u201d \u2013 zaprasza Wirtualna Polska (wiadomo\u015bci.wp.pl, 20 grudnia, godz.13.10). Czeg\u00f3\u017c to ludzie nie wymy\u015bl\u0105! Ankieta na temat ekshumacji. \u017badnych \u015bwi\u0119to\u015bci, \u017cadnej powagi \u015bmierci, ankieta internaut\u00f3w na temat zw\u0142ok tragicznie zmar\u0142ego prezydenta, \u201ezabitego\u201d prezydenta, jak czytamy w \u201eRzeczpospolitej\u201d. \u017badnych zahamowa\u0144. \u017badnej dyskrecji. \u017badnej prywatno\u015bci. Prezydent \u2013 [&hellip;]<\/p>\n","protected":false},"author":4,"featured_media":0,"comment_status":"open","ping_status":"open","sticky":false,"template":"","format":"standard","meta":{"footnotes":""},"categories":[1],"tags":[],"_links":{"self":[{"href":"https:\/\/blog.polityka.pl\/passent\/wp-json\/wp\/v2\/posts\/788"}],"collection":[{"href":"https:\/\/blog.polityka.pl\/passent\/wp-json\/wp\/v2\/posts"}],"about":[{"href":"https:\/\/blog.polityka.pl\/passent\/wp-json\/wp\/v2\/types\/post"}],"author":[{"embeddable":true,"href":"https:\/\/blog.polityka.pl\/passent\/wp-json\/wp\/v2\/users\/4"}],"replies":[{"embeddable":true,"href":"https:\/\/blog.polityka.pl\/passent\/wp-json\/wp\/v2\/comments?post=788"}],"version-history":[{"count":0,"href":"https:\/\/blog.polityka.pl\/passent\/wp-json\/wp\/v2\/posts\/788\/revisions"}],"wp:attachment":[{"href":"https:\/\/blog.polityka.pl\/passent\/wp-json\/wp\/v2\/media?parent=788"}],"wp:term":[{"taxonomy":"category","embeddable":true,"href":"https:\/\/blog.polityka.pl\/passent\/wp-json\/wp\/v2\/categories?post=788"},{"taxonomy":"post_tag","embeddable":true,"href":"https:\/\/blog.polityka.pl\/passent\/wp-json\/wp\/v2\/tags?post=788"}],"curies":[{"name":"wp","href":"https:\/\/api.w.org\/{rel}","templated":true}]}}