
{"id":789,"date":"2010-12-29T22:24:02","date_gmt":"2010-12-29T21:24:02","guid":{"rendered":"http:\/\/passent.blog.polityka.pl\/?p=789"},"modified":"2010-12-29T22:24:02","modified_gmt":"2010-12-29T21:24:02","slug":"dosc-smuty","status":"publish","type":"post","link":"https:\/\/blog.polityka.pl\/passent\/2010\/12\/29\/dosc-smuty\/","title":{"rendered":"Do\u015b\u0107 smuty!"},"content":{"rendered":"<p>Gdy mnie kto\u015b zapyta, czego sobie \u017cycz\u0119 na Nowy Rok, to odpowiem: Wi\u0119cej rado\u015bci! Tak si\u0119 sk\u0142ada, \u017ce koniec roku \u2013 przynajmniej dooko\u0142a mnie \u2013 jest smutny, bardzo smutny, mam ju\u017c do\u015b\u0107 2010 roku, niech si\u0119 sko\u0144czy jak najpr\u0119dzej. Wieczorami ogl\u0105dam TVN 24. Katastrofa i katastrofa, jak nie p\u0142k Edmund Klich (nb. \u015bwietnie m\u00f3wi\u0142 w \u201eKropce nad i\u201d, bardzo dobrze to podsumowa\u0142 TJ na tym blogu, 27 grudnia o godz. 22.37), to do\u015bwiadczeni piloci. Mniemam, \u017ce ta sprawa b\u0119dzie dominowa\u0107 r\u00f3wnie\u017c w przysz\u0142ym roku. Tragedia, polityka, sensacja, Rosja \u2013 to wszystko jest wieczne i b\u0119dzie trwa\u0142o i trwa\u0142o.<\/p>\n<p>Jeszcze  nie dos\u0142ucha\u0142em katastrofy, a tu ju\u017c nowa smutna sprawa: Kolejna ksi\u0105\u017cka Jana Tomasza Grossa, \u201eZ\u0142ote \u017cniwa\u201d \u2013 straszna sprawa, m\u00f3wi\u0107 trzeba, pisa\u0107 trzeba, bada\u0107 trzeba, ale jak tu \u017cy\u0107 pod ci\u0119\u017carem katastrofy i zbrodni?    <\/p>\n<p>W moich lekturach podobnie. Czyta\u0142em do wczoraj ksi\u0105\u017ck\u0119 \u201eProces Norymberski\u201d, Joe Heydeckera i Johannesa Leeba (\u201e\u015awiat Ksi\u0105\u017cki\u201d, 2009), polecon\u0105 mi przez przyjaciela. Zaczyna si\u0119 niczem krymina\u0142: jak alianci schwytali jednego zbrodniarza po drugim, a potem om\u00f3wienie ich zbrodni, rok po roku od doj\u015bcia Hitlera do w\u0142adzy. Nawet dla cz\u0142owieka, kt\u00f3ry to i owo wie i prze\u017cy\u0142, fragmenty szokuj\u0105ce. Na  naradzie 12 X I 1938, dwa dni po Nocy Kryszta\u0142owej:<\/p>\n<p>   \u201eGoering: Je\u015bli poci\u0105g rzeczywi\u015bcie jest przepe\u0142niony, to niech mi pan wierzy, wcale nie potrzeba specjalnego prawa. Nale\u017cy \u017byda wyrzuci\u0107 (z przedzia\u0142u) i niech siedzi w ubikacji, cho\u0107by przez ca\u0142a drog\u0119.<\/p>\n<p>    Goebbels: Trzeba r\u00f3wnie\u017c wyda\u0107 zarz\u0105dzenie zabraniaj\u0105ce \u017bydom odwiedzania niemieckich uzdrowisk i miejscowo\u015bci wypoczynkowych.<\/p>\n<p>    Goering: Mo\u017cna by im wydzieli\u0107 w\u0142asne. <\/p>\n<p>     Goebbels: Ale nie z tych najpi\u0119kniejszych. Nale\u017ca\u0142oby tak\u017ce pomy\u015ble\u0107, czy nie zakaza\u0107 \u017bydom wst\u0119pu do niemieckiego lasu. Dzisiaj \u017bydzi ca\u0142ymi gromadami uganiaj\u0105 si\u0119 po Gruenewaldzie.<\/p>\n<p>     Goering: Tak wi\u0119c wydzielimy \u017bydom do dyspozycji okre\u015blon\u0105 cz\u0119\u015b\u0107 lasu i postaramy si\u0119 o to, \u017ceby r\u00f3\u017cne takie zwierz\u0119ta, kt\u00f3re s\u0105 cholernie podobne do \u017byd\u00f3w \u2013 taki \u0142o\u015b na przyk\u0142ad ze swym garbatym nosem \u2013 te\u017c si\u0119 tam przenios\u0142y i usadowi\u0142y.\u201d<\/p>\n<p>     Ksi\u0105\u017cka ta to prawdziwa kronika lat 30. i 40. Ze wzgl\u0119du na nagromadzone zbrodnie i nieszcz\u0119\u015bcia nie by\u0142em jej w stanie d\u0142u\u017cej czyta\u0107. Od\u0142o\u017cy\u0142em i si\u0119gn\u0105\u0142em po co\u015b bardziej odpowiedniego na okres \u015bwi\u0105teczny, co dosta\u0142em od Miko\u0142aja: Mario Vargas Llosa, \u201eJak ryba w wodzie. Wspomnienia\u201d. Zaczyna\u0142o si\u0119 obiecuj\u0105co, zaskakuj\u0105co politycznie, a\u017c tu nagle autor cofa si\u0119 do swojego dzieci\u0144stwa, kt\u00f3re by\u0142o straszne z powodu ojca, kt\u00f3ry na kilkana\u015bcie lat porzuci\u0142 \u017con\u0119 i synka, wszelki s\u0142uch po nim zagin\u0105\u0142, ale si\u0119 odnalaz\u0142, by po latach powr\u00f3ci\u0107 na \u0142ono rodziny, maltretowa\u0107 \u017con\u0119 i bi\u0107 syna. Zdaje si\u0119, \u017ce ze swoja lektur\u0105 wpad\u0142em z deszczu pod rynn\u0119.<\/p>\n<p>     Na szcz\u0119\u015bcie zadzwoni\u0142 do mnie  Pan Kordian Tarasiewicz, przedsi\u0119biorca, sportowiec, pisarz,  kt\u00f3ry uko\u0144czy\u0142 niedawno sto lat. Z\u0142o\u017cy\u0142em najlepsze \u017cyczenia. My\u015bla\u0142em, \u017ce rozmowa b\u0119dzie radosna i \u015bwi\u0105teczna, ale zesz\u0142a na klimat \u017cycia publicznego, na owo pomstowanie, szkalowanie, ubli\u017canie, kt\u00f3re Pana Kordiana niepokoi i gorszy.<\/p>\n<p>     Drogi Panie Kordianie (i Szanowni Blogowicze)  \u2013 \u017cycz\u0119 Pa\u0144stwu i sobie wi\u0119cej powod\u00f3w do rado\u015bci, bo w tej ci\u0119\u017ckiej atmosferze trudno wytrzyma\u0107!<\/p>\n","protected":false},"excerpt":{"rendered":"<p>Gdy mnie kto\u015b zapyta, czego sobie \u017cycz\u0119 na Nowy Rok, to odpowiem: Wi\u0119cej rado\u015bci! Tak si\u0119 sk\u0142ada, \u017ce koniec roku \u2013 przynajmniej dooko\u0142a mnie \u2013 jest smutny, bardzo smutny, mam ju\u017c do\u015b\u0107 2010 roku, niech si\u0119 sko\u0144czy jak najpr\u0119dzej. Wieczorami ogl\u0105dam TVN 24. Katastrofa i katastrofa, jak nie p\u0142k Edmund Klich (nb. \u015bwietnie m\u00f3wi\u0142 w [&hellip;]<\/p>\n","protected":false},"author":4,"featured_media":0,"comment_status":"open","ping_status":"open","sticky":false,"template":"","format":"standard","meta":{"footnotes":""},"categories":[1],"tags":[],"_links":{"self":[{"href":"https:\/\/blog.polityka.pl\/passent\/wp-json\/wp\/v2\/posts\/789"}],"collection":[{"href":"https:\/\/blog.polityka.pl\/passent\/wp-json\/wp\/v2\/posts"}],"about":[{"href":"https:\/\/blog.polityka.pl\/passent\/wp-json\/wp\/v2\/types\/post"}],"author":[{"embeddable":true,"href":"https:\/\/blog.polityka.pl\/passent\/wp-json\/wp\/v2\/users\/4"}],"replies":[{"embeddable":true,"href":"https:\/\/blog.polityka.pl\/passent\/wp-json\/wp\/v2\/comments?post=789"}],"version-history":[{"count":0,"href":"https:\/\/blog.polityka.pl\/passent\/wp-json\/wp\/v2\/posts\/789\/revisions"}],"wp:attachment":[{"href":"https:\/\/blog.polityka.pl\/passent\/wp-json\/wp\/v2\/media?parent=789"}],"wp:term":[{"taxonomy":"category","embeddable":true,"href":"https:\/\/blog.polityka.pl\/passent\/wp-json\/wp\/v2\/categories?post=789"},{"taxonomy":"post_tag","embeddable":true,"href":"https:\/\/blog.polityka.pl\/passent\/wp-json\/wp\/v2\/tags?post=789"}],"curies":[{"name":"wp","href":"https:\/\/api.w.org\/{rel}","templated":true}]}}