
{"id":791,"date":"2011-01-08T17:52:59","date_gmt":"2011-01-08T16:52:59","guid":{"rendered":"http:\/\/passent.blog.polityka.pl\/?p=791"},"modified":"2011-01-08T17:52:59","modified_gmt":"2011-01-08T16:52:59","slug":"znasz-li-ten-kraj%e2%80%a6","status":"publish","type":"post","link":"https:\/\/blog.polityka.pl\/passent\/2011\/01\/08\/znasz-li-ten-kraj%e2%80%a6\/","title":{"rendered":"Znasz-li ten kraj\u2026"},"content":{"rendered":"<p>Mam dla szanownych blogowicz\u00f3w zagadk\u0119: O jaki kraj chodzi? By\u0142 sobie pisarz (dla u\u0142atwienia dodam, \u017ce laureat Nagrody Nobla), kt\u00f3ry prze\u017cy\u0142 przygod\u0119 z polityk\u0105 (dla u\u0142atwienia: kandydowa\u0142 na prezydenta). Swoje refleksje z kampanii wyborczej zanotowa\u0142 we wspomnieniach \u201eJak ryba w wodzie\u201d. Oto niekt\u00f3re zapiski kandydata:<\/p>\n<p>\u201eRzeczywista polityka polega prawie wy\u0142\u0105cznie na manewrach, intrygach, konspirowaniu, na uk\u0142adach, paranojach, zdradach, wyrachowaniu, niema\u0142ym cynizmie i wszelkiego rodzaju \u017conglerce. Zawodowego polityka (\u2026) naprawd\u0119 bowiem mobilizuje, ekscytuje i utrzymuje w aktywno\u015bci realna W\u0141ADZA: doj\u015b\u0107 do niej, utrzyma\u0107 j\u0105, jeszcze raz zdoby\u0107, i to jak najszybciej.<\/p>\n<p>Wielu polityk\u00f3w rozpoczyna sw\u0105 dzia\u0142alno\u015b\u0107 z pobudek altruistycznych, ale w pospolitej i trywialnej praktyce, jak\u0105 jest codzienne uprawianie polityki, pi\u0119kne cele znikaj\u0105, zamieniaj\u0105 si\u0119 w zwyczajne frazesy wypowiadane w przem\u00f3wieniach i w deklaracjach przez t\u0119 publiczn\u0105 PERSON\u0118, jak\u0105 zostaje polityk osi\u0105gaj\u0105cy niemal kompletne zoboj\u0119tnienie, i w ko\u0144cu to, co opanowuje go bez reszty jest tylko \u017car\u0142ocznym i niepohamowanym apetytem na w\u0142adz\u0119.<\/p>\n<p>Ten, kto nie jest w stanie odczuwa\u0107 obsesyjnej atrakcyjno\u015bci i niemal fizycznej \u017c\u0105dzy w\u0142adzy, z trudem potrafi zosta\u0107 skutecznym politykiem sukcesu. <\/p>\n<p>Wprowadzenie do partii struktury demokratycznej jest mrzonk\u0105. <\/p>\n<p>Zawsze znajdowali si\u0119 na podor\u0119dziu, oczekiwali mnie na drogach, na stacjach, na lotniskach, z wi\u0105zankami kwiat\u00f3w, z grupami muzyk\u00f3w i z koszami bukiecik\u00f3w, pierwsi \u015bciskali mi d\u0142o\u0144 i robili to z takim entuzjazmem jak dawniej witali genera\u0142a (\u2026)zawsze tak manewrowali, \u017ceby na trybunie sta\u0107 blisko mnie, \u017ceby pojawia\u0107 si\u0119 przy mnie na fotografiach w gazetach i w telewizji\u2026<\/p>\n<p>Gdy j\u0119zyk polityka sk\u0142ada si\u0119 z samych komuna\u0142\u00f3w, jest bardziej skuteczny ni\u017c wtedy, gdy dawny obyczaj przekszta\u0142ca go w efektown\u0105 sztuk\u0119.<\/p>\n<p>Korupcja, przemyt, wykorzystywanie urz\u0119d\u00f3w publicznych do bogacenia si\u0119 \u2013 to elementy nieod\u0142\u0105cznie zwi\u0105zane z polityk\u0105 p\u2026<\/p>\n<p>Gdybym zosta\u0142 w P., to by\u0142bym frustratem\u201d.<\/p>\n<p>Zagadka brzmi: Znasz-li ten kraj?  Dla u\u0142atwienia dodam, \u017ce nazwa tego kraju zaczyna si\u0119 od litery \u201eP\u201d. Drogich Blogowicz\u00f3w pozostawiam z t\u0105 zagadk\u0105 na 10 dni, pozdrawiam, a sam jad\u0119 tam, \u201egdzie cytryna dojrzewa\u201d.<\/p>\n","protected":false},"excerpt":{"rendered":"<p>Mam dla szanownych blogowicz\u00f3w zagadk\u0119: O jaki kraj chodzi? By\u0142 sobie pisarz (dla u\u0142atwienia dodam, \u017ce laureat Nagrody Nobla), kt\u00f3ry prze\u017cy\u0142 przygod\u0119 z polityk\u0105 (dla u\u0142atwienia: kandydowa\u0142 na prezydenta). Swoje refleksje z kampanii wyborczej zanotowa\u0142 we wspomnieniach \u201eJak ryba w wodzie\u201d. Oto niekt\u00f3re zapiski kandydata: \u201eRzeczywista polityka polega prawie wy\u0142\u0105cznie na manewrach, intrygach, konspirowaniu, na [&hellip;]<\/p>\n","protected":false},"author":4,"featured_media":0,"comment_status":"open","ping_status":"open","sticky":false,"template":"","format":"standard","meta":{"footnotes":""},"categories":[1],"tags":[],"_links":{"self":[{"href":"https:\/\/blog.polityka.pl\/passent\/wp-json\/wp\/v2\/posts\/791"}],"collection":[{"href":"https:\/\/blog.polityka.pl\/passent\/wp-json\/wp\/v2\/posts"}],"about":[{"href":"https:\/\/blog.polityka.pl\/passent\/wp-json\/wp\/v2\/types\/post"}],"author":[{"embeddable":true,"href":"https:\/\/blog.polityka.pl\/passent\/wp-json\/wp\/v2\/users\/4"}],"replies":[{"embeddable":true,"href":"https:\/\/blog.polityka.pl\/passent\/wp-json\/wp\/v2\/comments?post=791"}],"version-history":[{"count":0,"href":"https:\/\/blog.polityka.pl\/passent\/wp-json\/wp\/v2\/posts\/791\/revisions"}],"wp:attachment":[{"href":"https:\/\/blog.polityka.pl\/passent\/wp-json\/wp\/v2\/media?parent=791"}],"wp:term":[{"taxonomy":"category","embeddable":true,"href":"https:\/\/blog.polityka.pl\/passent\/wp-json\/wp\/v2\/categories?post=791"},{"taxonomy":"post_tag","embeddable":true,"href":"https:\/\/blog.polityka.pl\/passent\/wp-json\/wp\/v2\/tags?post=791"}],"curies":[{"name":"wp","href":"https:\/\/api.w.org\/{rel}","templated":true}]}}