
{"id":792,"date":"2011-01-19T23:26:58","date_gmt":"2011-01-19T22:26:58","guid":{"rendered":"http:\/\/passent.blog.polityka.pl\/?p=792"},"modified":"2011-01-19T23:26:58","modified_gmt":"2011-01-19T22:26:58","slug":"katastrofa-polityczna","status":"publish","type":"post","link":"https:\/\/blog.polityka.pl\/passent\/2011\/01\/19\/katastrofa-polityczna\/","title":{"rendered":"Katastrofa polityczna"},"content":{"rendered":"<p>Polityka polska przypomina samolot TU-154 pod Smole\u0144skiem \u2013 schodzi, a w\u0142a\u015bciwie spada, coraz ni\u017cej, a ludzie \u2013 mimo ostrze\u017ce\u0144 &#8211;  nie zdaj\u0105 sobie sprawy co si\u0119 dzieje i co ich w najbli\u017cszej przysz\u0142o\u015bci czeka. Politycy i media gor\u0105czkuj\u0105 si\u0119 i emocjonuj\u0105. \u201eNewsweek\u201d pisze o \u201ekobiecie, kt\u00f3ra poni\u017cy\u0142a Tuska\u201d, inni twierdz\u0105, \u017ce Rosjanie \u201enapluli nam twarz\u201d, Jaros\u0142aw Kaczy\u0144ski m\u00f3wi, \u017ce ten rz\u0105d odbiera nam godno\u015b\u0107 i nara\u017ca nasz\u0105 wolno\u015b\u0107,  szczeg\u00f3lnie eleganckie by\u0142o stwierdzenie europos\u0142a Wojciechowskiego, przytoczone z rozkosz\u0105 przez prezesa PiS, \u017ce Rosjanie maj\u0105 nas tam, gdzie pod wodz\u0105 Tuska energicznie wchodzili\u015bmy\u2026 <\/p>\n<p>Niestety, polityka polska i media \u2013 dzi\u0119ki skutecznej kampanii PiS i bliskich mu dziennikarzy &#8211; da\u0142y si\u0119 sprowokowa\u0107, zboczy\u0142y z w\u0142a\u015bciwego kursu, nie o kilkadziesi\u0105t metr\u00f3w, jak TU- 154, ale o ca\u0142e kilometry od pasa startowego, i nasz narodowy samolot obija si\u0119 ju\u017c od brzozy do grozy. Na naszym narodowym pok\u0142adzie wida\u0107 ju\u017c objawy paniki, kt\u00f3ra b\u0119dzie owocowa\u0107 spadkiem zaufania do rz\u0105du, do Platformy i do pa\u0144stwa w og\u00f3le. Prezes Kaczy\u0144ski mo\u017ce zaciera\u0107 r\u0119ce \u2013 z\u0142apa\u0142 wiatr w \u017cagle. Tusk jest mi\u0119dzy m\u0142otem, a kowad\u0142em &#8211; mi\u0119dzy Putinem a Kaczy\u0144skim, mi\u0119dzy Rosj\u0105 a PiS. Im bardziej b\u0119dzie si\u0119 stawia\u0142 Moskalom, tym bardziej b\u0119dzie gra\u0142 pod dyktando Kaczy\u0144skiego. Im bardziej b\u0119dzie zwalcza\u0142  rusofob\u00f3w \u2013 tym bardziej b\u0119dzie okrzyczany zdrajc\u0105, zaprza\u0144cem i ro\u017cnymi innymi epitetami, kt\u00f3re wymy\u015bli Macierewicz.<\/p>\n<p>Na to, aby Polacy zaj\u0119li si\u0119 nie tylko katastrof\u0105, ale r\u00f3wnie\u017c czym innym, nie mniej wa\u017cnym, jest ju\u017c za p\u00f3\u017ano. Sporawy zasz\u0142y za daleko i do jesiennych wybor\u00f3w parlamentarnych katastrofa smole\u0144ska b\u0119dzie tematem numer jeden. A to oznacza katastrof\u0119  polityczn\u0105. Politycy i media b\u0119d\u0105 nas bombardowa\u0107 katastrof\u0105. Kto\u015b, kto by dzisiaj m\u00f3wi\u0142 i pisa\u0142 o podwy\u017cce stopy procentowej, o ustroju szpitali, o reformie o\u015bwiaty, wyszed\u0142by na nudziarza. <\/p>\n<p>Raport MAK to wielki prezent dla PiS. By\u0142a to ju\u017c partia schorowana, kt\u00f3ra nie umia\u0142a znale\u017a\u0107 has\u0142a na miar\u0119 IV RP, czepia\u0142a si\u0119 wszystkiego po kolei, i wszystko bez skutku. A\u017c tu nagle, jak w bajce,  z lasu wy\u0142oni\u0142a si\u0119  katastrofa smole\u0144ska i mo\u017cna by\u0142o o\u017cywi\u0107 swoich zwolennik\u00f3w, podnie\u015b\u0107 ich na duchu, zmobilizowa\u0107, doda\u0107 im energii i si\u0142, z\u0142apa\u0107 si\u0119 krzy\u017ca, zapali\u0107 pochodnie. Nagle pojawi\u0142a si\u0119 SPRAWA, TEMAT, \u201ePROGRAM\u201d, kt\u00f3rych przedtem brakowa\u0142o, a wok\u00f3\u0142 kt\u00f3rego mo\u017cna si\u0119 przegrupowa\u0107, zjednoczy\u0107 i otrz\u0105sn\u0105\u0107 ze smutku oraz z poni\u017cenia. A rz\u0105d b\u0119dzie w tej sprawie stale w defensywie, bo rz\u0105d musi dba\u0107 o powag\u0119 strony polskiej, o stosunki z Rosj\u0105, o to, \u017ceby Polska by\u0142a krajem zr\u00f3wnowa\u017conym i szanowanym. <\/p>\n<p>Wygl\u0105da na to, \u017ce najlepsze czasy \u2013 czasy \u201ezielonej wyspy\u201d, czasy lokalnego leadera, czasy zdumiewaj\u0105co trwa\u0142ego i wysokiego poparcia,  czasy inicjatywy wschodniej UE \u2013 Platforma ma ju\u017c za sob\u0105. Teraz zacznie si\u0119 zjazd. Do katastrofy do\u0142\u0105cz\u0105 inne nieszcz\u0119\u015bcia \u2013 VAT, akcyza, OFE, wzrost cen \u017cywno\u015bci i paliwa. Je\u017celi PiS nie przesadzi z katastrof\u0105, najbli\u017csze miesi\u0105ce mog\u0105 by\u0107 dla Platformy trudne, poparcie b\u0119dzie topnia\u0142o, wynik jesiennych wybor\u00f3w  nie jest ju\u017c przes\u0105dzony, nie mo\u017cna wykluczy\u0107, \u017ce w\u0142adz\u0119 przejmie inna koalicja. Bo Platforma sama rz\u0105dzi\u0107  nie b\u0119dzie. A by\u0142a ju\u017c tak blisko, ju\u017c wita\u0142a si\u0119 z g\u0105sk\u0105\u2026<\/p>\n<p>Pisz\u0119 to bez satysfakcji, gdy\u017c to, co si\u0119 dzieje, to jest katastrofa polityczna, kt\u00f3rej skutki b\u0119d\u0105 powa\u017cniejsze ni\u017c taki czy inny wynik wybor\u00f3w, mianowicie  istny amok, za\u015blepienie, erupcja z\u0142o\u015bci, brak kultury, tak\u017ce prawnej, porozumienia i wsp\u00f3lnego j\u0119zyka. \u0179le si\u0119 dzieje w pa\u0144stwie polskim, emocje bior\u0105 g\u00f3r\u0119 nad rozumem. Do wybor\u00f3w jeszcze daleko, a publiczno\u015b\u0107 ju\u017c wybiera  emocje zamiast  rozumu.      <\/p>\n","protected":false},"excerpt":{"rendered":"<p>Polityka polska przypomina samolot TU-154 pod Smole\u0144skiem \u2013 schodzi, a w\u0142a\u015bciwie spada, coraz ni\u017cej, a ludzie \u2013 mimo ostrze\u017ce\u0144 &#8211; nie zdaj\u0105 sobie sprawy co si\u0119 dzieje i co ich w najbli\u017cszej przysz\u0142o\u015bci czeka. Politycy i media gor\u0105czkuj\u0105 si\u0119 i emocjonuj\u0105. \u201eNewsweek\u201d pisze o \u201ekobiecie, kt\u00f3ra poni\u017cy\u0142a Tuska\u201d, inni twierdz\u0105, \u017ce Rosjanie \u201enapluli nam twarz\u201d, [&hellip;]<\/p>\n","protected":false},"author":4,"featured_media":0,"comment_status":"open","ping_status":"open","sticky":false,"template":"","format":"standard","meta":{"footnotes":""},"categories":[1],"tags":[],"_links":{"self":[{"href":"https:\/\/blog.polityka.pl\/passent\/wp-json\/wp\/v2\/posts\/792"}],"collection":[{"href":"https:\/\/blog.polityka.pl\/passent\/wp-json\/wp\/v2\/posts"}],"about":[{"href":"https:\/\/blog.polityka.pl\/passent\/wp-json\/wp\/v2\/types\/post"}],"author":[{"embeddable":true,"href":"https:\/\/blog.polityka.pl\/passent\/wp-json\/wp\/v2\/users\/4"}],"replies":[{"embeddable":true,"href":"https:\/\/blog.polityka.pl\/passent\/wp-json\/wp\/v2\/comments?post=792"}],"version-history":[{"count":0,"href":"https:\/\/blog.polityka.pl\/passent\/wp-json\/wp\/v2\/posts\/792\/revisions"}],"wp:attachment":[{"href":"https:\/\/blog.polityka.pl\/passent\/wp-json\/wp\/v2\/media?parent=792"}],"wp:term":[{"taxonomy":"category","embeddable":true,"href":"https:\/\/blog.polityka.pl\/passent\/wp-json\/wp\/v2\/categories?post=792"},{"taxonomy":"post_tag","embeddable":true,"href":"https:\/\/blog.polityka.pl\/passent\/wp-json\/wp\/v2\/tags?post=792"}],"curies":[{"name":"wp","href":"https:\/\/api.w.org\/{rel}","templated":true}]}}