
{"id":795,"date":"2011-01-30T23:10:02","date_gmt":"2011-01-30T22:10:02","guid":{"rendered":"http:\/\/passent.blog.polityka.pl\/?p=795"},"modified":"2011-01-30T23:10:02","modified_gmt":"2011-01-30T22:10:02","slug":"plastelina-pamieci","status":"publish","type":"post","link":"https:\/\/blog.polityka.pl\/passent\/2011\/01\/30\/plastelina-pamieci\/","title":{"rendered":"Plastelina pami\u0119ci"},"content":{"rendered":"<p>Przy obchodach kolejnej rocznicy wyzwolenia obozu Auschwitz jako\u015b dziwnie pomija si\u0119 pytanie: Kto ten ob\u00f3z wyzwoli\u0142? Na ten fakt zwr\u00f3ci\u0142o uwag\u0119 kilka os\u00f3b na blogu (JASNY GWINT, M\u0141ODY 92). Nie mia\u0142em mo\u017cliwo\u015bci sprawdzenia innych gazet, ale w \u201eWyborczej\u201d znalaz\u0142em dwie publikacje zwi\u0105zane z rocznic\u0105, i w \u017cadnej nie wspomniano o Armii Radzieckiej. A przecie\u017c mo\u017cna napisa\u0107, \u017ce chocia\u017c armia ta odci\u0119\u0142a Polsk\u0119 od demokracji i suwerenno\u015bci, a po wojnie dopu\u015bci\u0142a si\u0119 czyn\u00f3w niedopuszczalnych, to jednocze\u015bnie setki tysi\u0119cy jej \u017co\u0142nierzy poleg\u0142y w walce z hitlerowskim okupantem. Niby proste, a nie przechodzi przez gard\u0142o. <\/p>\n<p>W artykuliku \u201ePami\u0119tajmy o Auschwitz\u201d Bart\u0142omiej Kura\u015b z \u201eGazety\u201d pisze: \u201eDzi\u015b przypada 66 rocznica wyzwolenia obozu Auschwitz-Birkenau. W uroczysto\u015bciach wezm\u0105 udzia\u0142 \u2013 opr\u00f3cz by\u0142ych wi\u0119\u017ani\u00f3w \u2013 prezydenci Niemiec i Polski\u2026\u201d (Czy\u017cby nie by\u0142o nikogo z Rosji?). W innej publikacji tego autora, na \u0142amach tej\u017ce \u201eGW\u201d, znajdujemy relacj\u0119 z uroczysto\u015bci, zn\u00f3w mowa o pami\u0119ci, o ochronie \u015blad\u00f3w Zag\u0142ady, o wyzwoleniu, ale ani s\u0142owa o tym, kto ob\u00f3z wyzwoli\u0142.  Je\u017celi milczy o tym \u201eGazeta\u201d, znana z ciep\u0142ych uczu\u0107 wobec Rosjan, to mo\u017cna przypuszcza\u0107, \u017ce milcz\u0105 o tym r\u00f3wnie\u017c inne media.<\/p>\n<p>Przegl\u0105daj\u0105c ten sam numer \u201eGazety\u201d (28 stycznia) zap\u0119dzi\u0142em si\u0119 do \u201eGazety Sto\u0142ecznej\u201d, gdzie znajduje si\u0119 wykaz 299 ulic, plac\u00f3w, rond i skwer\u00f3w, kt\u00f3rych nazwy chce zmieni\u0107 Ratusz. Nie s\u0105 to zmiany polityczne (z wyj\u0105tkiem wymazania ulicy Ma\u0142gorzaty Fornalskiej na rzecz ulicy Franciszka Micha\u0142a Amarowicza \u201eTatara\u201d), raczej formalne, ale mimo to lektura jest pouczaj\u0105ca. Okazuje si\u0119, \u017ce zdecydowanie  najwi\u0119cej jest w stolicy ulic imienia jednostek Armii Krajowej. Poszczeg\u00f3lne ulice nosz\u0105 nazwy Zgrupowa\u0144 Armii Krajowej: \u201eRados\u0142aw\u201d, \u201eChrobry II\u201d, \u201eW\u0142ochy\u201d, \u201e\u0141u\u017cyce\u201d, \u201eBaszta\u201d, \u201e\u017bmija\u201d, \u201e\u017bubr\u201d, \u201e\u017byrafa\u201d, \u201e\u017bywiciel\u201d, batalion\u00f3w \u201eOaza\u201d, \u201eRuczaj\u201d, \u201eZaremba-Piorun\u201d, \u201eWigry\u201d i innych, a mowa jedynie o tych nazwach, kt\u00f3re maj\u0105 ulec poprawieniu.<\/p>\n<p>Nic dziwnego, wszak by\u0142o to Powstanie WARSZAWSKIE. Nazwy to pi\u0119kne i owiane legend\u0105, kt\u00f3ra jest zdecydowanie silniejsza od pyta\u0144 i w\u0105tpliwo\u015bci dotycz\u0105cych decyzji o Powstaniu. Potrafimy wi\u0119c pami\u0119ta\u0107, ale nie o wszystkich chcemy. <\/p>\n<p>PS. Jaros\u0142aw Kaczy\u0144ski w swoim perfidii posuwa si\u0119 coraz dalej. Teraz udzieli\u0142 wywiadu, w kt\u00f3rym po\u015brednio obwinia Bronis\u0142awa Komorowskiego o \u015bmier\u0107 co najmniej trojga dzia\u0142aczy PiS, poniewa\u017c b\u0119d\u0105c marsza\u0142kiem nie skr\u00f3ci\u0142 obrad Sejmu, \u017ceby mo\u017cna by\u0142o pojecha\u0107 na obchody do Katynia poci\u0105giem, a nie samolotem. To brednia. Gdyby Komorowski u\u0142atwi\u0142 wyjazd poci\u0105giem, a nie samolotem, i gdyby ten poci\u0105g uleg\u0142 katastrofie \u2013 prezes Kaczy\u0144ski oskar\u017cy\u0142by Komorowskiego, \u017ce wepchn\u0105\u0142 dzia\u0142aczy PiS pod poci\u0105g. <\/p>\n<p>Ponadto J.K. oskar\u017ca Komorowskiego, \u017ce \u201ejest przedstawicielem skrajnie lewego skrzyd\u0142a PO\u201d, i konserwaty\u015bci g\u0142osowali na niego przez nieporozumienia. Stawia te\u017c  krzy\u017cyk na stosunkach z Rosj\u0105, ich ocieplenie uwa\u017ca za beznadziejne, \u201eKa\u017cdy pozytywny krok w stron\u0119 Rosji b\u0119dzie przez ni\u0105 wykorzystywany przeciwko Polsce\u201d. Polityka \u201ePalikot\u00f3w, Niesio\u0142owskich, Tusk\u00f3w, Halickich, Kutz\u00f3w i wielu innych \u2013 by\u0142a polityk\u0105 zbrodnicz\u0105\u201d \u2013 dodaje z w\u0142a\u015bciw\u0105 sobie elegancj\u0105. Mimo, \u017ce ka\u017cdy z tych polityk\u00f3w zas\u0142uguje \u2013 obok s\u0142\u00f3w uznania \u2013 tak\u017ce na s\u0142owa krytyki, to arogancja i bezczelno\u015b\u0107 prezesa Kaczy\u0144skiego nie znaj\u0105 granic.<\/p>\n","protected":false},"excerpt":{"rendered":"<p>Przy obchodach kolejnej rocznicy wyzwolenia obozu Auschwitz jako\u015b dziwnie pomija si\u0119 pytanie: Kto ten ob\u00f3z wyzwoli\u0142? Na ten fakt zwr\u00f3ci\u0142o uwag\u0119 kilka os\u00f3b na blogu (JASNY GWINT, M\u0141ODY 92). Nie mia\u0142em mo\u017cliwo\u015bci sprawdzenia innych gazet, ale w \u201eWyborczej\u201d znalaz\u0142em dwie publikacje zwi\u0105zane z rocznic\u0105, i w \u017cadnej nie wspomniano o Armii Radzieckiej. A przecie\u017c mo\u017cna [&hellip;]<\/p>\n","protected":false},"author":4,"featured_media":0,"comment_status":"open","ping_status":"open","sticky":false,"template":"","format":"standard","meta":{"footnotes":""},"categories":[1],"tags":[],"_links":{"self":[{"href":"https:\/\/blog.polityka.pl\/passent\/wp-json\/wp\/v2\/posts\/795"}],"collection":[{"href":"https:\/\/blog.polityka.pl\/passent\/wp-json\/wp\/v2\/posts"}],"about":[{"href":"https:\/\/blog.polityka.pl\/passent\/wp-json\/wp\/v2\/types\/post"}],"author":[{"embeddable":true,"href":"https:\/\/blog.polityka.pl\/passent\/wp-json\/wp\/v2\/users\/4"}],"replies":[{"embeddable":true,"href":"https:\/\/blog.polityka.pl\/passent\/wp-json\/wp\/v2\/comments?post=795"}],"version-history":[{"count":0,"href":"https:\/\/blog.polityka.pl\/passent\/wp-json\/wp\/v2\/posts\/795\/revisions"}],"wp:attachment":[{"href":"https:\/\/blog.polityka.pl\/passent\/wp-json\/wp\/v2\/media?parent=795"}],"wp:term":[{"taxonomy":"category","embeddable":true,"href":"https:\/\/blog.polityka.pl\/passent\/wp-json\/wp\/v2\/categories?post=795"},{"taxonomy":"post_tag","embeddable":true,"href":"https:\/\/blog.polityka.pl\/passent\/wp-json\/wp\/v2\/tags?post=795"}],"curies":[{"name":"wp","href":"https:\/\/api.w.org\/{rel}","templated":true}]}}