
{"id":797,"date":"2011-02-06T20:42:30","date_gmt":"2011-02-06T19:42:30","guid":{"rendered":"http:\/\/passent.blog.polityka.pl\/?p=797"},"modified":"2011-02-06T20:42:30","modified_gmt":"2011-02-06T19:42:30","slug":"narod-swietych","status":"publish","type":"post","link":"https:\/\/blog.polityka.pl\/passent\/2011\/02\/06\/narod-swietych\/","title":{"rendered":"Nar\u00f3d \u015bwi\u0119tych"},"content":{"rendered":"<p>Propozycja Kazimierza Kutza, \u017ceby Ryszard Czarnecki poca\u0142owa\u0142 go w d\u2026, jest nieprzystojna, \u017ceby nie powiedzie\u0107 wulgarna, ale co\u015b na rzeczy jest. W programie TVP \u201eWarto rozmawia\u0107\u201d, Kutz mia\u0142 powiedzie\u0107, \u017ce bezpo\u015brednio po wojnie ludzie byli mordowani dlatego, \u017ce byli \u015al\u0105zakami, a tak\u017ce, i\u017c istnia\u0142o kilkadziesi\u0105t  polskich oboz\u00f3w koncentracyjnych, kt\u00f3re funkcjonowa\u0142y w pierwszym roku po wojnie ( w tym na terenie by\u0142ych oboz\u00f3w niemieckich, jak Auschwitz).  <\/p>\n<p>Wywo\u0142a\u0142o to oburzenie niezawodnego pos\u0142a Ryszarda Czarneckiego, kt\u00f3ry rozwa\u017ca zawiadomienie prokuratury o przest\u0119pstwie poni\u017cenia, czy l\u017cenia, narodu polskiego, a tak\u017ce pos\u0142a Adama Hofmana, kt\u00f3ry my\u015bli o z\u0142o\u017ceniu skargi do komisji etyki poselskiej. Wypowiedzia\u0142 si\u0119 tak\u017ce niezawodny prof.  Jan \u017baryn, kt\u00f3ry twierdzi\u0142, \u017ce to nie by\u0142y obozy polskie, tylko komunistyczne, zak\u0142adane przez NKWD, a prawdziwi (?) Polacy znajdowali si\u0119 po drugiej stronie drutu kolczastego. (To znaczy, \u017ce Auschwitz i Treblinka by\u0142y obozami hitlerowskimi, a nazywanie ich \u201eniemieckimi\u201d jest nieuprawnione).<\/p>\n<p>Nie jestem historykiem, ale przecie\u017c ka\u017cde dziecko wie, \u017ce po wojnie \u015al\u0105zacy dostali w ko\u015b\u0107, za sympatie proniemieckie cz\u0119\u015bci z nich, za plebiscyt, za volkslist\u0119 i B\u00f3g wie za co jeszcze. By\u0142a zawierucha powojenna, pu\u015bci\u0142y hamulce, podobny los spotka\u0142 Mazur\u00f3w i \u0141emk\u00f3w, uciekinier\u00f3w z Prus Wschodnich, nie m\u00f3wi\u0105c o \u017bydach. Ilekro\u0107 kto\u015b o tym wspomni, albo \u2013 jak Tomasz Gross \u2013 rozwodzi si\u0119 na ten temat, tylekro\u0107 oburzaj\u0105 si\u0119 obro\u0144cy dobrego imienia narodu polskiego. Zn\u00f3w odgrzewa si\u0119 kwesti\u0119 antypolonizmu, czyni to np. Pawe\u0142 Lisicki, kt\u00f3rego organ (\u201eRz.) odcina si\u0119 od kolejnej ksi\u0105\u017cki Grossa. Ostatnio nawet pojawi\u0142a si\u0119 inicjatywa, \u017ceby zmieni\u0107 adres z Auschwitz.pl na Auschwitz.eu. Tymczasem antypolonizm nie jest niczym wyj\u0105tkowym, swoich przeciwnik\u00f3w maj\u0105 te\u017c Amerykanie, Arabowie, Kurdowie, Ormianie, Rosjanie, Turcy, Ukrai\u0144cy, Japo\u0144czycy, Korea\u0144czycy i inne \u201enarody wybrane\u201d. <\/p>\n<p>Dobre imi\u0119 zyskuje si\u0119 nie dzi\u0119ki podkre\u015blaniu w\u0142asnej niewinno\u015bci i zwalaniu wszystkiego na innych, a dzi\u0119ki umiej\u0119tno\u015bci krytycznego spojrzenia na w\u0142asn\u0105 histori\u0119, na swoje zas\u0142ugi i przewiny, cnoty i grzechy. Tymczasem im bli\u017cej beatyfikacji Jana Paw\u0142a II, tym bardziej powstaje wra\u017cenie, \u017ce na o\u0142tarze wraz z nim wyniesiony ma by\u0107 ca\u0142y nar\u00f3d polski \u2013 kolejny nar\u00f3d wybrany. Bardzo ciekawy artyku\u0142 Artura Domos\u0142awskiego w bie\u017c\u0105cej \u201ePolityce\u201d, krytyczny na temat niekt\u00f3rych aspekt\u00f3w dzia\u0142alno\u015bci JP II, zosta\u0142 na wszelki wypadek przemilczany, jako niewygodny. (Na naszym blogu chyba tylko jedna wzmianka na ponad 200 wpis\u00f3w).  Autor mo\u017ce m\u00f3wi\u0107 o szcz\u0119\u015bciu, \u017ce dotychczas nikt nie od\u017cegna\u0142 go od czci i wiary. Mo\u017ce dlatego, \u017ce jest niewierz\u0105cy \u2013 czyli nikt mu nie wierzy.<\/p>\n<p>PS. Najnowszy sonda\u017c Homo Domini (je\u015bli dobrze pami\u0119tam, to PO 34 proc., PiS 28, SLD 15, PJN i PSL po 7), daje pole do uk\u0142adanek nt przysz\u0142ej koalicji. POPiS 69 proc., PO\/PSL\/SLD 56, PO\/SLD 49, PiS, PJN, PSL 42. B\u0119dzie o czym pisa\u0107\u2026<\/p>\n<p>PS. PS. ANNA (i ma\u0142\u017conek), MAG: Dzi\u0119ki za dobre s\u0142owo. Pracuj\u0119 nad now\u0105 ksi\u0105\u017ck\u0105 \u2013 mo\u017ce na jesieni?<\/p>\n","protected":false},"excerpt":{"rendered":"<p>Propozycja Kazimierza Kutza, \u017ceby Ryszard Czarnecki poca\u0142owa\u0142 go w d\u2026, jest nieprzystojna, \u017ceby nie powiedzie\u0107 wulgarna, ale co\u015b na rzeczy jest. W programie TVP \u201eWarto rozmawia\u0107\u201d, Kutz mia\u0142 powiedzie\u0107, \u017ce bezpo\u015brednio po wojnie ludzie byli mordowani dlatego, \u017ce byli \u015al\u0105zakami, a tak\u017ce, i\u017c istnia\u0142o kilkadziesi\u0105t polskich oboz\u00f3w koncentracyjnych, kt\u00f3re funkcjonowa\u0142y w pierwszym roku po wojnie [&hellip;]<\/p>\n","protected":false},"author":4,"featured_media":0,"comment_status":"open","ping_status":"open","sticky":false,"template":"","format":"standard","meta":{"footnotes":""},"categories":[1],"tags":[],"_links":{"self":[{"href":"https:\/\/blog.polityka.pl\/passent\/wp-json\/wp\/v2\/posts\/797"}],"collection":[{"href":"https:\/\/blog.polityka.pl\/passent\/wp-json\/wp\/v2\/posts"}],"about":[{"href":"https:\/\/blog.polityka.pl\/passent\/wp-json\/wp\/v2\/types\/post"}],"author":[{"embeddable":true,"href":"https:\/\/blog.polityka.pl\/passent\/wp-json\/wp\/v2\/users\/4"}],"replies":[{"embeddable":true,"href":"https:\/\/blog.polityka.pl\/passent\/wp-json\/wp\/v2\/comments?post=797"}],"version-history":[{"count":0,"href":"https:\/\/blog.polityka.pl\/passent\/wp-json\/wp\/v2\/posts\/797\/revisions"}],"wp:attachment":[{"href":"https:\/\/blog.polityka.pl\/passent\/wp-json\/wp\/v2\/media?parent=797"}],"wp:term":[{"taxonomy":"category","embeddable":true,"href":"https:\/\/blog.polityka.pl\/passent\/wp-json\/wp\/v2\/categories?post=797"},{"taxonomy":"post_tag","embeddable":true,"href":"https:\/\/blog.polityka.pl\/passent\/wp-json\/wp\/v2\/tags?post=797"}],"curies":[{"name":"wp","href":"https:\/\/api.w.org\/{rel}","templated":true}]}}