
{"id":798,"date":"2011-02-08T22:40:07","date_gmt":"2011-02-08T21:40:07","guid":{"rendered":"http:\/\/passent.blog.polityka.pl\/?p=798"},"modified":"2011-02-08T22:40:07","modified_gmt":"2011-02-08T21:40:07","slug":"mucha-nie-siada","status":"publish","type":"post","link":"https:\/\/blog.polityka.pl\/passent\/2011\/02\/08\/mucha-nie-siada\/","title":{"rendered":"Mucha nie siada"},"content":{"rendered":"<p>Jedyny powa\u017cny sp\u00f3r, jaki si\u0119 toczy, dotyczy OFE, systemu emerytalnego, finans\u00f3w pa\u0144stwowych. Rzecz jest jednak tak skomplikowana, a opinie ekspert\u00f3w tak sprzeczne, \u017ce przeci\u0119tny cz\u0142owiek nie jest w stanie tego zrozumie\u0107 i wyrobi\u0107 sobie zdania. Pozostaje intuicja, a w najlepszym wypadku zaufanie do jednych (Balcerowicz), albo drugich (Rostowski). Podejrzewam, \u017ce wi\u0119cej os\u00f3b przekonuje Balcerowicz, kt\u00f3ry cieszy si\u0119 opini\u0105 bezinteresownego i nieustraszonego ojca reformy, ponadto bije na alarm, straszy, a rz\u0105d jak to rz\u0105d  \u2013 wiadomo \u2013 kr\u0119ci\u2026 Paradoksalnie Platforma, kt\u00f3rej na og\u00f3\u0142 ma si\u0119 za z\u0142e strach przed reformami, mo\u017ce straci\u0107 cz\u0119\u015b\u0107 wyborc\u00f3w w\u0142a\u015bnie z powodu pr\u00f3by reformy.<\/p>\n<p>\u0141atwiejsze do zrozumienia s\u0105 inne sprawy bie\u017c\u0105ce. Tr\u00f3jk\u0105t Weimarski jeszcze zanim si\u0119 odby\u0142, by\u0142 przez ekspert\u00f3w skazany  na niepowodzenie, jako instytucja przestarza\u0142a i martwa, niepotrzebna nikomu opr\u00f3cz Polski i to ze wzgl\u0119d\u00f3w presti\u017cowych. A moim zdaniem dobrze, \u017ce to spotkanie si\u0119 odby\u0142o, dobrze dla pozycji Polski, kt\u00f3ra jest pozosta\u0142ym uczestnikom potrzebna, dobrze, \u017ce usi\u0142ujemy nie da\u0107 si\u0119 zepchn\u0105\u0107 do Europy drugiej pr\u0119dko\u015bci, dobrze wreszcie, \u017ce pilnujemy Francji i Niemiec w ich otwarciu na Wsch\u00f3d. Polska nie mog\u0142a powiedzie\u0107 \u201enie\u201d idei spotkania Tr\u00f3jk\u0105ta z Rosj\u0105, lepiej wi\u0119c przy tym by\u0107, ni\u017c obra\u017ca\u0107 si\u0119 w stylu PiS i pomstowa\u0107 zza p\u0142otu, \u017ce Francja i Niemcy dogaduj\u0105 si\u0119 z Rosj\u0105 ponad nasz\u0105 g\u0142ow\u0105.  <\/p>\n<p>Potkni\u0119cia z zakresu etykiety faktycznie by\u0142y. Prezydent Komorowski nie wykaza\u0142 si\u0119 refleksem, m\u00f3g\u0142 przecie\u017c zamieni\u0107 si\u0119 miejscem pod parasolem z Sarkozym i m\u00f3g\u0142 poczeka\u0107, a nawet wykona\u0107 przyjazny gest wobec go\u015bci, wskazuj\u0105c im ich fotele, zamiast siada\u0107 pierwszemu. Drobiazg, ale niepotrzebny. Nigdy nie do\u015b\u0107 troskliwo\u015bci, powinno by\u0107 tak, \u017ce nawet mucha nie siada\u2026   <\/p>\n<p>Media kolejny raz obgryzaj\u0105 t\u0119 sam\u0105 ko\u015b\u0107: wcze\u015bniejsze wybory i powyborcze koalicje. Prawdopodobie\u0144stwo wcze\u015bniejszych wybor\u00f3w jest tak znikome, \u017ce nie warto sobie nim zawraca\u0107 g\u0142owy. (\u201ePrzejdziemy ten most, jak do niego dojdziemy\u201d). Co si\u0119 tyczy ewentualnych koalicji po wyborach, to najciekawsza, ale i ponura, by\u0142a spekulacja: rz\u0105d POPiS z Gowinem jako premierem. (\u017be niby Kaczy\u0144ski, Schetyna i Tusk maj\u0105 za du\u017co wrog\u00f3w). To hipoteza najciekawsza , ale i najgorsza &#8211; partia Kaczy\u0144skiego blokowa\u0142aby reformy wolnorynkowe, a Platforma Gowina pielgrzymowa\u0142aby na Wawel. Lepsza, ale r\u00f3wnie ma\u0142o owocna by\u0142aby wersja PO-SLD-PSL, z\u0142o\u017cona g\u0142ownie z hamulcowych. Fatalna by\u0142aby te\u017c koalicja PiS-PJN-PSL. Teraz wida\u0107, \u017ce reformatorskiej wi\u0119kszo\u015bci nie ma. Prawie wszyscy s\u0105 zgodni, \u017ce trzeba skasowa\u0107 przywileje mundurowych, zmieni\u0107 KRUS, wyd\u0142u\u017cy\u0107 lata pracy itd., ale nie ma w narodzie do\u015b\u0107 si\u0142y, \u017ceby to przeprowadzi\u0107. I tak toczy si\u0119 \u015bwiatek.<\/p>\n<p>Zamiast tego mamy gadk\u0119 o konflikcie Schetyna \u2013 Tusk. Nie znam si\u0119 na kulisach i korytarzach w\u0142adzy, ale moim zdaniem \u017cadnego konfliktu przed wyborami nie b\u0119dzie, bo to by\u0142oby dla Platformy samob\u00f3jstwo. Je\u017celi PO uzyska s\u0142aby wynik w wyborach, to wtedy pojawi\u0105 si\u0119 rywale Tuska. Czy to b\u0119dzie Schetyna? Ja nie jestem do niego przekonany, s\u0105dz\u0119, \u017ce nie jest to polityk formatu Tuska, ale \u2013 jak powiadam \u2013 to jest tylko moje odczucie. Schetyna po prostu do mnie nie przemawia. <\/p>\n","protected":false},"excerpt":{"rendered":"<p>Jedyny powa\u017cny sp\u00f3r, jaki si\u0119 toczy, dotyczy OFE, systemu emerytalnego, finans\u00f3w pa\u0144stwowych. Rzecz jest jednak tak skomplikowana, a opinie ekspert\u00f3w tak sprzeczne, \u017ce przeci\u0119tny cz\u0142owiek nie jest w stanie tego zrozumie\u0107 i wyrobi\u0107 sobie zdania. Pozostaje intuicja, a w najlepszym wypadku zaufanie do jednych (Balcerowicz), albo drugich (Rostowski). Podejrzewam, \u017ce wi\u0119cej os\u00f3b przekonuje Balcerowicz, kt\u00f3ry [&hellip;]<\/p>\n","protected":false},"author":4,"featured_media":0,"comment_status":"open","ping_status":"open","sticky":false,"template":"","format":"standard","meta":{"footnotes":""},"categories":[1],"tags":[],"_links":{"self":[{"href":"https:\/\/blog.polityka.pl\/passent\/wp-json\/wp\/v2\/posts\/798"}],"collection":[{"href":"https:\/\/blog.polityka.pl\/passent\/wp-json\/wp\/v2\/posts"}],"about":[{"href":"https:\/\/blog.polityka.pl\/passent\/wp-json\/wp\/v2\/types\/post"}],"author":[{"embeddable":true,"href":"https:\/\/blog.polityka.pl\/passent\/wp-json\/wp\/v2\/users\/4"}],"replies":[{"embeddable":true,"href":"https:\/\/blog.polityka.pl\/passent\/wp-json\/wp\/v2\/comments?post=798"}],"version-history":[{"count":0,"href":"https:\/\/blog.polityka.pl\/passent\/wp-json\/wp\/v2\/posts\/798\/revisions"}],"wp:attachment":[{"href":"https:\/\/blog.polityka.pl\/passent\/wp-json\/wp\/v2\/media?parent=798"}],"wp:term":[{"taxonomy":"category","embeddable":true,"href":"https:\/\/blog.polityka.pl\/passent\/wp-json\/wp\/v2\/categories?post=798"},{"taxonomy":"post_tag","embeddable":true,"href":"https:\/\/blog.polityka.pl\/passent\/wp-json\/wp\/v2\/tags?post=798"}],"curies":[{"name":"wp","href":"https:\/\/api.w.org\/{rel}","templated":true}]}}