
{"id":802,"date":"2011-02-17T23:40:17","date_gmt":"2011-02-17T22:40:17","guid":{"rendered":"http:\/\/passent.blog.polityka.pl\/?p=802"},"modified":"2011-02-17T23:40:17","modified_gmt":"2011-02-17T22:40:17","slug":"tragifarsa-2","status":"publish","type":"post","link":"https:\/\/blog.polityka.pl\/passent\/2011\/02\/17\/tragifarsa-2\/","title":{"rendered":"Tragifarsa"},"content":{"rendered":"<p>\u201eNa pewno na naszych listach w najbli\u017cszych wyborach nie b\u0119dzie pana Marcina Dubienieckiego\u201d \u2013 powiedzia\u0142 Joachim Brudzi\u0144ski, jeden z lider\u00f3w PiS. A pani Marta Kaczy\u0144ska? Czy ona b\u0119dzie na li\u015bcie? Tutaj pose\u0142  Brudzi\u0144ski by\u0142 ca\u0142y w lansadach, wida\u0107, \u017ce c\u00f3rka tragicznie zmar\u0142ej Pierwszej Pary jest partii potrzebna: \u201eGdyby pani Marta Kaczy\u0144ska rzeczywi\u015bcie zechcia\u0142a wst\u0105pi\u0107 do PiS to osobi\u015bcie czu\u0142bym si\u0119 zachwycony\u201d. Czu\u0142by si\u0119 zachwycony ze wzgl\u0119du na zas\u0142ugi \u201etaty pani Marty Kaczy\u0144skiej\u201d dla Prawa i Sprawiedliwo\u015bci. Natomiast Dubienieckiemu \u2013 wara od koryta. \u201eMnie w uszach jeszcze brzmi\u0105 s\u0142owa pana Dubienieckiego, \u017ce nie  rozwa\u017ca w  najbli\u017cszym czasie dzia\u0142alno\u015bci politycznej i to nawet dosy\u0107 lekcewa\u017c\u0105co o polskim Sejmie w ostatnim czasie si\u0119 wypowiada\u0142. No i tyle\u201d \u2013 stwierdzi\u0142 Brudzi\u0144ski. Doda\u0142, \u017ce o ile mu wiadomo, Marta Kaczy\u0144ska r\u00f3wnie\u017c zdradza\u0142a brak entuzjazmu dla dzia\u0142alno\u015bci politycznej. <\/p>\n<p>Wszystko by\u0142oby zrozumia\u0142e &#8211; m\u0142oda kobieta w tragiczny spos\u00f3b traci rodzic\u00f3w, prze\u017cywa traum\u0119, kt\u00f3ra mo\u017ce potrwa\u0107 latami, traci  ochot\u0119 na cokolwiek, w tym na polityk\u0119 &#8211;  gdyby nie kolejne wyst\u0119py w mediach, a zw\u0142aszcza wywiad na tematy polityczne, kt\u00f3rego udzieli\u0142a pismu \u201eUwa\u017cam, Rze\u201d. C\u00f3rka Pa\u0144stwa Kaczy\u0144skich odmawia komukolwiek (czytaj: PJN)  poza Prawem i Sprawiedliwo\u015bci\u0105  prawa do powo\u0142ywania si\u0119 na autorytet Lecha Kaczy\u0144skiego, na uwa\u017canie si\u0119 ze  kontynuator\u00f3w jego my\u015bli i dzie\u0142a. Jak pogodzi\u0107 takie wypowiedzi, zdecydowanie polityczne, z ch\u0119ci\u0105 trzymania si\u0119 z dala od polityki?<\/p>\n<p>W pobli\u017cu Pani Marty znajduj\u0105 si\u0119 ludzie ow\u0142adni\u0119ci polityk\u0105. Pr\u00f3ba zachowania monopolu na dziedzictwo Lecha Kaczy\u0144skiego jest wymierzona w PJN, i nie dziwi\u0142bym si\u0119 gdyby by\u0142a suflowana przez PiS. W ka\u017cdym razie pose\u0142 Brudzi\u0144ski jest zadowolony i nie oszcz\u0119dza roz\u0142amowc\u00f3w z PJN: \u201eJe\u017celi osoby, kt\u00f3re z jednej strony bardzo ch\u0119tnie chcia\u0142yby  si\u0119 podczepi\u0107 pod autorytet \u015a.P. pana Lecha Kaczy\u0144skiego (\u2026) kontaktuj\u0105 si\u0119, przymilaj\u0105 do osoby, kt\u00f3ra w spos\u00f3b tak niegodny, \u017ceby nie powiedzie\u0107 chamski, uw\u0142acza\u0142a czci i pami\u0119ci, czyli mam tutaj na my\u015bli Palikota\u201d, to trudno m\u00f3wi\u0107 o jakim\u015b dziedzictwie. <\/p>\n<p>Tutaj na scen\u0119 wkracza zi\u0119\u0107, m\u0105\u017c pani Marty, czyli Marcin Dubieniecki, kt\u00f3ry zabra\u0142 g\u0142os kilka godzin po Brudzi\u0144skim. Jego zdaniem nikt, nawet Jaros\u0142aw Kaczy\u0144ski, nie ma prawa odm\u00f3wi\u0107 Marcie Kaczy\u0144skiej prawa do 1. miejsca na li\u015bcie wyborczej: \u201eNie ma takiego prawa, \u017ceby jej odm\u00f3wi\u0107. Marta Kaczy\u0144ska   powinna dosta\u0107 \u2018jedynk\u0119\u2019 je\u015bli by tylko tego zapragn\u0119\u0142a. W PiS nie mo\u017ce by\u0107 dyskusji, czy Marcie Kaczy\u0144skiej nale\u017cy si\u0119 miejsce na listach\u2026\u201d \u2013 m\u00f3wi.<\/p>\n<p>Dubienecki nie wyklucza swojej w\u0142asnej kariery politycznej. \u201eMy\u015blimy z Jaros\u0142awem Kaczy\u0144skim podobnie\u201d \u2013 dodaje. Czy prezes jest tego samego zdania \u2013 nie wiadomo. <\/p>\n<p>W ka\u017cdym razie sprawa jest \u017cenuj\u0105ca. Najpierw stryj trzyma si\u0119 na dystans od pani Marty, poniewa\u017c ta ma niew\u0142a\u015bciwego m\u0119\u017ca, z SLD. Potem jest nowy m\u0105\u017c i nast\u0119puje  tragedia, kt\u00f3ra ich wszystkich zbli\u017ca \u2013 co naturalne. Wkr\u00f3tce  pan Marcin zaczyna zdradza\u0107  ambicje polityczne, a nawet nie wyklucza, \u017ce zostanie nast\u0119pc\u0105 prezesa. Do partii nie nale\u017cy, ale jest pewien, \u017ce jego ma\u0142\u017conka bez dyskusji mo\u017ce dosta\u0107 miejsce na li\u015bcie, czyli jak gdyby dyktowa\u0142 prezesowi Kaczy\u0144skiemu jak ma post\u0105pi\u0107. W sumie widowisko smutne i tylko tragiczne do\u015bwiadczenie ca\u0142ej rodziny ka\u017ce powstrzyma\u0107 si\u0119 od dalszych komentarzy. <\/p>\n","protected":false},"excerpt":{"rendered":"<p>\u201eNa pewno na naszych listach w najbli\u017cszych wyborach nie b\u0119dzie pana Marcina Dubienieckiego\u201d \u2013 powiedzia\u0142 Joachim Brudzi\u0144ski, jeden z lider\u00f3w PiS. A pani Marta Kaczy\u0144ska? Czy ona b\u0119dzie na li\u015bcie? Tutaj pose\u0142 Brudzi\u0144ski by\u0142 ca\u0142y w lansadach, wida\u0107, \u017ce c\u00f3rka tragicznie zmar\u0142ej Pierwszej Pary jest partii potrzebna: \u201eGdyby pani Marta Kaczy\u0144ska rzeczywi\u015bcie zechcia\u0142a wst\u0105pi\u0107 do [&hellip;]<\/p>\n","protected":false},"author":4,"featured_media":0,"comment_status":"open","ping_status":"open","sticky":false,"template":"","format":"standard","meta":{"footnotes":""},"categories":[1],"tags":[],"_links":{"self":[{"href":"https:\/\/blog.polityka.pl\/passent\/wp-json\/wp\/v2\/posts\/802"}],"collection":[{"href":"https:\/\/blog.polityka.pl\/passent\/wp-json\/wp\/v2\/posts"}],"about":[{"href":"https:\/\/blog.polityka.pl\/passent\/wp-json\/wp\/v2\/types\/post"}],"author":[{"embeddable":true,"href":"https:\/\/blog.polityka.pl\/passent\/wp-json\/wp\/v2\/users\/4"}],"replies":[{"embeddable":true,"href":"https:\/\/blog.polityka.pl\/passent\/wp-json\/wp\/v2\/comments?post=802"}],"version-history":[{"count":0,"href":"https:\/\/blog.polityka.pl\/passent\/wp-json\/wp\/v2\/posts\/802\/revisions"}],"wp:attachment":[{"href":"https:\/\/blog.polityka.pl\/passent\/wp-json\/wp\/v2\/media?parent=802"}],"wp:term":[{"taxonomy":"category","embeddable":true,"href":"https:\/\/blog.polityka.pl\/passent\/wp-json\/wp\/v2\/categories?post=802"},{"taxonomy":"post_tag","embeddable":true,"href":"https:\/\/blog.polityka.pl\/passent\/wp-json\/wp\/v2\/tags?post=802"}],"curies":[{"name":"wp","href":"https:\/\/api.w.org\/{rel}","templated":true}]}}