
{"id":804,"date":"2011-02-24T20:45:00","date_gmt":"2011-02-24T19:45:00","guid":{"rendered":"http:\/\/passent.blog.polityka.pl\/?p=804"},"modified":"2011-02-24T20:46:02","modified_gmt":"2011-02-24T19:46:02","slug":"tusk-milczy-%e2%80%93-pis-szaleje","status":"publish","type":"post","link":"https:\/\/blog.polityka.pl\/passent\/2011\/02\/24\/tusk-milczy-%e2%80%93-pis-szaleje\/","title":{"rendered":"Tusk milczy \u2013 PiS szaleje"},"content":{"rendered":"<p>Kiedy kot \u015bpi \u2013 myszy harcuj\u0105. Nie bardzo wiem, dlaczego  premier Tusk od d\u0142u\u017cszego czasu milczy. Rozumiem, \u017ce u\u017ceranie si\u0119 z opozycj\u0105, dyskutowanie z lud\u017ami, kt\u00f3rzy m\u00f3wi\u0105, \u017ce ma krew na r\u0119kach, jest zaprza\u0144cem etc. \u2013 nie ma sensu. Ale przecie\u017c opr\u00f3cz opozycji oraz medi\u00f3w, kt\u00f3re ostatnio zmieni\u0142y front (zw\u0142aszcza TVN 24) istniej\u0105 tak\u017ce zwolennicy, wyborcy, kt\u00f3rzy g\u0142osowali na Platform\u0119 i tym samym na rz\u0105d. Czy  rozmowie z nimi nie nale\u017ca\u0142oby po\u015bwi\u0119ci\u0107 odrobin\u0119 cennego czasu i uwagi pana premiera? Marsza\u0142ek Schetyna dwoi si\u0119 i troi, pos\u0142a Gowina w mediach nie brak,  czasami powie co\u015b rzecznik Gra\u015b czy Rafa\u0142 Grupi\u0144ski, ale gdzie jest szef szef\u00f3w, ojciec chrzestny? Tyle jest pyta\u0144: spadaj\u0105ce notowania, grymasy salonu, OFE i ZUS, szorstka przyja\u017a\u0144 ze Schetyn\u0105, gafy prezydenta, krucjata Balcerowicza itd. itp., a Donald Tusk milczy. Przeciwnicy Platformy od pocz\u0105tku jej sukces\u00f3w twierdzili, i\u017c partia ta ma znakomity \u201epiar\u201d \u2013 ja nigdy nie by\u0142em tego zdania. By\u0107  mo\u017ce to milczenie ma swoje uzasadnienie (\u201enie mam czasu na pogaduszki, mam wa\u017cniejsze sprawy ni\u017c \u2018piar\u2019\u201d), ale ja tego nie widz\u0119. Przeciwnie, odbieram to jako przejaw lekcewa\u017cenia swojej klienteli. <\/p>\n<p>Tymczasem PiS wariuje, ale w tym szale\u0144stwie jest metoda. Do 10 kwietnia b\u0119dzie milcza\u0142 w sprawie Smole\u0144ska (\u017ceby  nie by\u0107 parti\u0105 jednego tematu), ale na innych frontach nie pr\u00f3\u017cnuje (inna sprawa, \u017ce na razie ma du\u017co wolnego czasu). Wr\u0119cz staje na g\u0142owie, \u017ceby zaznaczy\u0107 swoj\u0105 odr\u0119bno\u015b\u0107. Dwa nowe wyskoki nadaj\u0105 si\u0119 do panopticum. Pierwszy, to zachowanie pos\u0142\u00f3w PiS po sejmowej projekcji filmu Antoniego Krauzego \u201eCzarny Czwartek\u201d o Grudniu \u201970. Po projekcji, a przed zapowiedzian\u0105 dyskusj\u0105, pos\u0142owie PiS (na czele z historykiem bliskim IPN, pos\u0142em Ryszardem Terleckim, kt\u00f3ry zlustrowa\u0142 swojego ojca) demonstracyjnie opu\u015bcili sal\u0119. \u2013 Panie re\u017cyserze, dzi\u0119kujemy za pi\u0119kny film, ale pos\u0142owie PiS nie wezm\u0105 udzia\u0142u w tej dyskusji. Prowadzi j\u0105 bowiem pose\u0142 PO, a prezydent z tej partii przyjmuje genera\u0142a Jaruzelskiego, kt\u00f3ra rola w tych wydarzeniach jest jasna \u2013 powiedzia\u0142 pose\u0142 Terlecki.  Moim zdaniem, rola genera\u0142a w tych wydarzeniach jasna nie jest, mo\u017ce ciemna, ale to inna sprawa. Bogu ducha winny pose\u0142 Jerzy Fedorowicz, kt\u00f3ry by\u0142 gospodarzem dyskusji,  z wra\u017cenia o ma\u0142o nie zemdla\u0142. Nie zaprasza\u0142 Jaruzelskiego, nie by\u0142 u Komorowskiego, nie strzela\u0142 do stoczniowc\u00f3w, jego jedyn\u0105 win\u0105 jest przynale\u017cno\u015b\u0107 do Platformy. Jeszcze troch\u0119, a fanatycy za\u017c\u0105daj\u0105 delegalizacji Platformy jako organizacji zbrodniczej.  <\/p>\n<p>Inni pos\u0142owie PiS, w tym K.M. Ujazdowski i M. Hofman, zagotowali si\u0119 z oburzenia, poniewa\u017c na najwi\u0119kszym niemieckim portalu turystycznym (merian.de), obok logo PLL LOT, znale\u017ali notatk\u0119  \u201ePolska specjalno\u015b\u0107. Poznajcie wraz z merian.de m\u0142od\u0105 Polsk\u0119 \u2013 pomi\u0119dzy sztuk\u0105, homoseksualizmem i butikowymi hotelami. Rozejrzeli\u015bmy si\u0119 dla Pa\u0144stwa po Warszawie i Krakowie\u201d. Pose\u0142 Ujazdowski (by\u0142y minister kultury i dziewictwa narodowego, jeden z bardziej umys\u0142owych pos\u0142\u00f3w prawicy) grzmia\u0142, \u017ce \u017caden inny przewo\u017anik w Europie nie reklamuje si\u0119 w spos\u00f3b tak skandaliczny, obra\u017aliwy i degraduj\u0105cy w\u0142asny kraj. Adam Hofman by\u0142 zgorszony, \u017ce LOT \u201epromuje Polsk\u0119 jako kraj, w kt\u00f3rym uprawia si\u0119 seksturystyk\u0119\u201d. Za\u015b LOT t\u0142umaczy si\u0119, \u017ce jego by\u0142o tylko logo, a tekst pochodzi\u0142 z portalu.<\/p>\n<p>Moim zdaniem pisowcy przesadzaj\u0105. Wiadomo, \u017ce powody turystyki bywaj\u0105 ro\u017cne. Gdyby LOT reklamowa\u0142 si\u0119 pod has\u0142em: \u201ePolska w\u00f3dka smakuje najlepiej w Polsce\u201d, albo \u201eSprawd\u017a na w\u0142asne oczy \u2013 Polski s\u0105 naj\u0142adniejsze\u201d, pos\u0142owie PiS mieliby za z\u0142e, \u017ce przyczyniamy si\u0119 do opinii \u201ePijany jak Polak\u201d i str\u0119czymy polskie dziewczyny. Tymczasem od takiej reklamy (podobnie jak od niefortunnego komiksu o Chopinie) aureola nam z g\u0142owy nie spadnie, Wawel si\u0119 nie zawali. Wi\u0119cej luzu!<\/p>\n","protected":false},"excerpt":{"rendered":"<p>Kiedy kot \u015bpi \u2013 myszy harcuj\u0105. Nie bardzo wiem, dlaczego premier Tusk od d\u0142u\u017cszego czasu milczy. Rozumiem, \u017ce u\u017ceranie si\u0119 z opozycj\u0105, dyskutowanie z lud\u017ami, kt\u00f3rzy m\u00f3wi\u0105, \u017ce ma krew na r\u0119kach, jest zaprza\u0144cem etc. \u2013 nie ma sensu. Ale przecie\u017c opr\u00f3cz opozycji oraz medi\u00f3w, kt\u00f3re ostatnio zmieni\u0142y front (zw\u0142aszcza TVN 24) istniej\u0105 tak\u017ce zwolennicy, [&hellip;]<\/p>\n","protected":false},"author":4,"featured_media":0,"comment_status":"open","ping_status":"open","sticky":false,"template":"","format":"standard","meta":{"footnotes":""},"categories":[1],"tags":[],"_links":{"self":[{"href":"https:\/\/blog.polityka.pl\/passent\/wp-json\/wp\/v2\/posts\/804"}],"collection":[{"href":"https:\/\/blog.polityka.pl\/passent\/wp-json\/wp\/v2\/posts"}],"about":[{"href":"https:\/\/blog.polityka.pl\/passent\/wp-json\/wp\/v2\/types\/post"}],"author":[{"embeddable":true,"href":"https:\/\/blog.polityka.pl\/passent\/wp-json\/wp\/v2\/users\/4"}],"replies":[{"embeddable":true,"href":"https:\/\/blog.polityka.pl\/passent\/wp-json\/wp\/v2\/comments?post=804"}],"version-history":[{"count":0,"href":"https:\/\/blog.polityka.pl\/passent\/wp-json\/wp\/v2\/posts\/804\/revisions"}],"wp:attachment":[{"href":"https:\/\/blog.polityka.pl\/passent\/wp-json\/wp\/v2\/media?parent=804"}],"wp:term":[{"taxonomy":"category","embeddable":true,"href":"https:\/\/blog.polityka.pl\/passent\/wp-json\/wp\/v2\/categories?post=804"},{"taxonomy":"post_tag","embeddable":true,"href":"https:\/\/blog.polityka.pl\/passent\/wp-json\/wp\/v2\/tags?post=804"}],"curies":[{"name":"wp","href":"https:\/\/api.w.org\/{rel}","templated":true}]}}