
{"id":809,"date":"2011-03-06T21:24:45","date_gmt":"2011-03-06T20:24:45","guid":{"rendered":"http:\/\/passent.blog.polityka.pl\/?p=809"},"modified":"2011-03-06T21:24:45","modified_gmt":"2011-03-06T20:24:45","slug":"miekkie-serce","status":"publish","type":"post","link":"https:\/\/blog.polityka.pl\/passent\/2011\/03\/06\/miekkie-serce\/","title":{"rendered":"Mi\u0119kkie serce"},"content":{"rendered":"<p>Wydawa\u0142oby si\u0119, \u017ce sprawa jest prosta. Adam S., partner biznesowy Marcina Dubienieckiego &#8211; zi\u0119cia prezydenta Lecha Kaczy\u0144skiego &#8211; zosta\u0142 skazany za dzia\u0142anie na szkod\u0119 Skarbu Pa\u0144stwa. Pan Prezydent, dzia\u0142aj\u0105c w trybie nadzwyczajnie  szybkim, Adama S. u\u0142askawi\u0142. Od kiedy fakt ten zosta\u0142 ujawniony przez dziennik \u201ePolska. The Times\u201d jeste\u015bmy \u015bwiadkami niedom\u00f3wie\u0144, \u017ceby nie powiedzie\u0107 ob\u0142udy. Byli ministrowie Kancelarii Prezydenta, Andrzej Duda i Robert Draba, nie mog\u0105 sobie przypomnie\u0107 albo si\u0119 tym nie zajmowali. Prof. Tomasz Na\u0142\u0119cz, doradca prezydenta Komorowskiego, twierdzi, jakoby dla ochrony niew\u0105tpliwej uczciwo\u015bci tragicznie zmar\u0142ego prezydenta, spraw\u0119 nale\u017ca\u0142o jak najszybciej wyja\u015bni\u0107. Jaros\u0142aw Kaczy\u0144ski twierdzi, \u017ce nic o tym nie wie. <\/p>\n<p>Przyjmuje si\u0119 za\u0142o\u017cenie, \u017ce \u017ali urz\u0119dnicy Kancelarii, oszukali naiwnego i \u0142atwowiernego prezydenta, zmanipulowali go, wy\u0142udzili u\u0142askawienie. Rozumiem dobre intencje wszystkich, kt\u00f3rzy szanuj\u0105 dobre imi\u0119 Prezydenta Lecha Kaczy\u0144skiego. Ale przecie\u017c Prezydent by\u0142 profesorem prawa! Sprawa dotyczy\u0142a osoby bliskiej biznesowo cz\u0142onkowi jego rodziny. Nie m\u00f3g\u0142 nie wiedzie\u0107, co robi. Sugerowanie, \u017ce Prezydent by\u0142 bezwolnym narz\u0119dziem swojej rodziny lub ministr\u00f3w, albo zmowy jednych i drugich, jest poni\u017caj\u0105ce dla jego osoby i dla pierwszej osoby w pa\u0144stwie. Dla mnie bardziej korzystna dla Prezydenta jest interpretacja, \u017ce mia\u0142 chwil\u0119 s\u0142abo\u015bci, sprawa nie by\u0142a wielkiej wagi, i Lech Kaczy\u0144ski okaza\u0142 mi\u0119kkie serce. To go czyni bardziej ludzkim, a pokr\u0119tne interpretacje i wygibasy tylko szkodz\u0105 jego pami\u0119ci.<\/p>\n","protected":false},"excerpt":{"rendered":"<p>Wydawa\u0142oby si\u0119, \u017ce sprawa jest prosta. Adam S., partner biznesowy Marcina Dubienieckiego &#8211; zi\u0119cia prezydenta Lecha Kaczy\u0144skiego &#8211; zosta\u0142 skazany za dzia\u0142anie na szkod\u0119 Skarbu Pa\u0144stwa. Pan Prezydent, dzia\u0142aj\u0105c w trybie nadzwyczajnie szybkim, Adama S. u\u0142askawi\u0142. Od kiedy fakt ten zosta\u0142 ujawniony przez dziennik \u201ePolska. The Times\u201d jeste\u015bmy \u015bwiadkami niedom\u00f3wie\u0144, \u017ceby nie powiedzie\u0107 ob\u0142udy. Byli [&hellip;]<\/p>\n","protected":false},"author":4,"featured_media":0,"comment_status":"open","ping_status":"open","sticky":false,"template":"","format":"standard","meta":{"footnotes":""},"categories":[1],"tags":[],"_links":{"self":[{"href":"https:\/\/blog.polityka.pl\/passent\/wp-json\/wp\/v2\/posts\/809"}],"collection":[{"href":"https:\/\/blog.polityka.pl\/passent\/wp-json\/wp\/v2\/posts"}],"about":[{"href":"https:\/\/blog.polityka.pl\/passent\/wp-json\/wp\/v2\/types\/post"}],"author":[{"embeddable":true,"href":"https:\/\/blog.polityka.pl\/passent\/wp-json\/wp\/v2\/users\/4"}],"replies":[{"embeddable":true,"href":"https:\/\/blog.polityka.pl\/passent\/wp-json\/wp\/v2\/comments?post=809"}],"version-history":[{"count":0,"href":"https:\/\/blog.polityka.pl\/passent\/wp-json\/wp\/v2\/posts\/809\/revisions"}],"wp:attachment":[{"href":"https:\/\/blog.polityka.pl\/passent\/wp-json\/wp\/v2\/media?parent=809"}],"wp:term":[{"taxonomy":"category","embeddable":true,"href":"https:\/\/blog.polityka.pl\/passent\/wp-json\/wp\/v2\/categories?post=809"},{"taxonomy":"post_tag","embeddable":true,"href":"https:\/\/blog.polityka.pl\/passent\/wp-json\/wp\/v2\/tags?post=809"}],"curies":[{"name":"wp","href":"https:\/\/api.w.org\/{rel}","templated":true}]}}