
{"id":810,"date":"2011-03-09T23:18:25","date_gmt":"2011-03-09T22:18:25","guid":{"rendered":"http:\/\/passent.blog.polityka.pl\/?p=810"},"modified":"2011-03-09T23:18:25","modified_gmt":"2011-03-09T22:18:25","slug":"od-sasa-do-lasa-2","status":"publish","type":"post","link":"https:\/\/blog.polityka.pl\/passent\/2011\/03\/09\/od-sasa-do-lasa-2\/","title":{"rendered":"Od Sasa do lasa"},"content":{"rendered":"<p>Wydarzenia nast\u0119puj\u0105 tak szybko, \u017ce nie mo\u017cna nad\u0105\u017cy\u0107. Wi\u0119c pozwol\u0119 sobie tylko na kilka uwag od Sasa do lasa.<\/p>\n<p>\u015amier\u0107 Ireny Kwiatkowskiej, a tak\u017ce 85-lecie Andrzeja Wajdy, by\u0142y powodem wielu zachwyt\u00f3w: Jaka wspania\u0142e aktorka, jakie \u015bwietne filmy, jaki wybitny re\u017cyser, jakie pami\u0119tne  przedstawienia, niezapomniane role itd. itp.,. a ogromna wi\u0119kszo\u015b\u0107 tych sukces\u00f3w \u2013 w \u201ePRL\u201d, poniewa\u017c to pokolenie artyst\u00f3w wtedy prze\u017cy\u0142o swoje najlepsze lata. Ciekaw jestem, kiedy odezwie si\u0119 jaki\u015b policjant ideologiczny, kt\u00f3ry zacznie dowodzi\u0107, \u017ce Kwiatkowska i Wajda byli \u201ecz\u0119\u015bci\u0105 systemu\u201d, byli \u201ewmontowani w system\u201d, stanowi \u201ewentyl\u201d i tym podobne bzdury. Takie, jak teza Romana Graczyka, \u017ce \u201eTygodnik Powszechny\u201d by\u0142 cz\u0119\u015bci\u0105 systemu, wmontowany itd. Oczywi\u015bcie, \u017ce wszyscy, kt\u00f3rzy wtedy \u017cyli i dzia\u0142ali, byli cz\u0119\u015bci\u0105 systemu, w tym sensie  kardyna\u0142 Wyszy\u0144ski te\u017c  by\u0142 cz\u0119\u015bci\u0105 systemu, bo system go aresztowa\u0142 i zwolni\u0142, bo w czasach systemu przyj\u0105\u0142 kardynalski kapelusz, rozmawia\u0142 z w\u0142adzami  itp. Z tego jednak nic nie wynika, poza ideologicznym smrodkiem (\u017ce niby \u201ecz\u0119\u015b\u0107 systemu\u201d, a wi\u0119c \u017ale). Dla mnie \u00f3wczesny \u201eTygodnik\u201d nie by\u0142 cz\u0119\u015bci\u0105 systemu, tylko wr\u0119cz odwrotnie. To chyba by\u0142o jasne dla ka\u017cdego czytaj\u0105cego. <\/p>\n<p>A genera\u0142 Jaruzelski? Ponad 60 procent zapytanych uwa\u017ca, \u017ce w samolocie prezydenta do Watykanu na beatyfikacj\u0119 JP II, powinno si\u0119 znale\u017a\u0107 miejsce dla genera\u0142a i by\u0142ego prezydenta. Bardzo to k\u0142opotliwy rezultat dla prezydenta Komorowskiego i jego doradc\u00f3w. Nie oznacza on apoteozy genera\u0142a ani systemu, ale dowodzi, \u017ce nar\u00f3d nasz jest przytomny i (racj\u0119 ma \u201eJANEKP\u201d) nie daje si\u0119 og\u0142upi\u0107 prymitywnej propagandzie. A swoj\u0105 drog\u0105 dobrze, \u017ce powsta\u0142 film Antoniego Krauzego \u201eCzarny czwartek\u201d o Grudniu \u201970, bo w ten spos\u00f3b pokazana jest ca\u0142a prawda, a nie jej wybrana cz\u0119\u015b\u0107 i nikt nie ma monopolu na prawd\u0119 o przesz\u0142o\u015bci.<\/p>\n<p>Wracaj\u0105c do Jaruzelskiego, to Kancelaria Prezydenta pope\u0142ni\u0142a niezr\u0119czno\u015b\u0107, po kt\u00f3rej prezydent Komorowski mia\u0142 dopiero  zdecydowa\u0107 czy zaprosi Jaruzelskiego do samolotu. Na szcz\u0119\u015bcie genera\u0142 wybawi\u0142 prezydenta z k\u0142opotu.<\/p>\n<p>Z innych spraw. Odetchn\u0105\u0142em z ulg\u0105, kiedy zobaczy\u0142em Beat\u0119 Kemp\u0119 w \u201eKropce nad i\u201d, bo to oznacza, \u017ce PiS nie bojkotuje Moniki Olejnik osobi\u015bcie, a tylko jej \u201eSi\u00f3dmy dzie\u0144 tygodnia\u201d. Zgadzam si\u0119, \u017ce by\u0107 obro\u0144c\u0105 PiS w dyskusji radiowej nie jest \u0142atwo, Monika Olejnik nie g\u0142aszcze, ale Mariusz B\u0142aszczak jest wyj\u0105tkowo sztywny. Razem z Beat\u0105 Kemp\u0105, Adamem Hofmanem, Jackiem Kurskim, Joachimem Brudzi\u0144skim, Zbigniewem Ziobro (dawniej by\u0142a w tym gronie El\u017cbieta Jakubiak) stanowi\u0105 gwardi\u0119 pa\u0142acow\u0105 prezesa. M\u00f3wcie co chcecie, ale to jest sk\u0142ad nie lada. Twardzi, nieust\u0119pliwi, wy\u0107wiczeni, przytomni, czujni, silni, zwarci i gotowi \u2013 wykapane klony prezesa. Ostatnio prezes powiedzia\u0142 dwa dowcipy: \u017be Tusk m\u00f3g\u0142by pracowa\u0107 jako model odzie\u017cy m\u0119skiej, a Monika Olejnik w radiu POg\u0142os. <\/p>\n<p> Podoba\u0142o mi si\u0119, co prof. Magdalena \u015aroda napisa\u0142a o po\u015ble B\u0142aszczaku w \u201eWirtualnej Polsce\u201d (2011-02-28, godz. 07.05). Cytuj\u0119, bo nie umiem robi\u0107 linka: \u201ePose\u0142 B\u0142aszczak m\u00f3wi  jak prezes, my\u015bli jak prezes, ma takich samych wrog\u00f3w jak prezes (\u2026) ma  identyczne opinie polityczne  (poza polityczne zapewne te\u017c), jest tak samo jak prezes wra\u017cliwy i jest wra\u017cliwy dos\u0142ownie na to samo!\u201d I tak dalej, warto przeczyta\u0107.<\/p>\n<p>Ze spraw bie\u017c\u0105cych oczywi\u015bcie najwa\u017cniejsza jest sprawa OFE. Ma ona niew\u0105tpliwie jeden plus: Debata, jakiej dawno nie by\u0142o. Nawet je\u015bli Balcerowicz jest dogmatykiem, a Rybi\u0144ski politykiem bardziej ni\u017c ekonomist\u0105, to ich inicjatywy \u2013 licznik d\u0142ugu, pozew cywilny \u2013 sprzyjaj\u0105 aktywno\u015bci publicznej i formowaniu spo\u0142ecze\u0144stwa obywatelskiego. Cho\u0107 najbli\u017csze w tej sprawie jest mi stanowisko Marka Belki: Tak, ale\u2026 <\/p>\n<p>Z innych spraw. W sprawie u\u0142askawienia Adama S. najwa\u017cniejsze i najpilniejsze by\u0142o zatarcie kary. Dop\u00f3ki figurowa\u0142 w rejestrze skazanych \u2013 nie m\u00f3g\u0142 prowadzi\u0107 dzia\u0142alno\u015bci gospodarczej, nawet z zi\u0119ciem prezydenta. I to by\u0142oby tyle, gdyby nie najnowsze oskar\u017cenie, \u017ce za\u0142atwienie skutecznego wniosku o u\u0142askawienie kosztowa\u0142o u p.  Marcina 80 tys. z\u0142otych. Nies\u0142ychana bezczelno\u015b\u0107, kt\u00f3ra oznacza, \u017ce zi\u0119\u0107 targn\u0105\u0142 si\u0119 na reputacj\u0119 te\u015bcia \u2013 prezydenta, bo w s\u0142owie \u201eskuteczna\u201d kryje si\u0119 op\u0142ata za decyzj\u0119 g\u0142owy pa\u0144stwa. Niebywa\u0142a hucpa.<\/p>\n<p>PS. \u201eWULKAN\u201d, 2011-03-08 godz. 14.53 \u2013 dzi\u0119kuj\u0119 za dobre s\u0142owo!<\/p>\n<p>Ostrzegam wszystkich, \u017ce od p\u00f3\u0142nocy 13\/14 marca (z niedzieli na poniedzia\u0142ek) przez kilka godzin dost\u0119p do blog\u00f3w \u201ePolityki\u201d b\u0119dzie niemo\u017cliwy z powodu unowocze\u015bnienia! Z g\u00f3ry przepraszam.  <\/p>\n","protected":false},"excerpt":{"rendered":"<p>Wydarzenia nast\u0119puj\u0105 tak szybko, \u017ce nie mo\u017cna nad\u0105\u017cy\u0107. Wi\u0119c pozwol\u0119 sobie tylko na kilka uwag od Sasa do lasa. \u015amier\u0107 Ireny Kwiatkowskiej, a tak\u017ce 85-lecie Andrzeja Wajdy, by\u0142y powodem wielu zachwyt\u00f3w: Jaka wspania\u0142e aktorka, jakie \u015bwietne filmy, jaki wybitny re\u017cyser, jakie pami\u0119tne przedstawienia, niezapomniane role itd. itp.,. a ogromna wi\u0119kszo\u015b\u0107 tych sukces\u00f3w \u2013 w \u201ePRL\u201d, [&hellip;]<\/p>\n","protected":false},"author":4,"featured_media":0,"comment_status":"open","ping_status":"open","sticky":false,"template":"","format":"standard","meta":{"footnotes":""},"categories":[1],"tags":[],"_links":{"self":[{"href":"https:\/\/blog.polityka.pl\/passent\/wp-json\/wp\/v2\/posts\/810"}],"collection":[{"href":"https:\/\/blog.polityka.pl\/passent\/wp-json\/wp\/v2\/posts"}],"about":[{"href":"https:\/\/blog.polityka.pl\/passent\/wp-json\/wp\/v2\/types\/post"}],"author":[{"embeddable":true,"href":"https:\/\/blog.polityka.pl\/passent\/wp-json\/wp\/v2\/users\/4"}],"replies":[{"embeddable":true,"href":"https:\/\/blog.polityka.pl\/passent\/wp-json\/wp\/v2\/comments?post=810"}],"version-history":[{"count":0,"href":"https:\/\/blog.polityka.pl\/passent\/wp-json\/wp\/v2\/posts\/810\/revisions"}],"wp:attachment":[{"href":"https:\/\/blog.polityka.pl\/passent\/wp-json\/wp\/v2\/media?parent=810"}],"wp:term":[{"taxonomy":"category","embeddable":true,"href":"https:\/\/blog.polityka.pl\/passent\/wp-json\/wp\/v2\/categories?post=810"},{"taxonomy":"post_tag","embeddable":true,"href":"https:\/\/blog.polityka.pl\/passent\/wp-json\/wp\/v2\/tags?post=810"}],"curies":[{"name":"wp","href":"https:\/\/api.w.org\/{rel}","templated":true}]}}