
{"id":811,"date":"2011-03-13T22:20:46","date_gmt":"2011-03-13T21:20:46","guid":{"rendered":"http:\/\/passent.blog.polityka.pl\/?p=811"},"modified":"2011-03-13T22:20:46","modified_gmt":"2011-03-13T21:20:46","slug":"za-piec-dwunasta","status":"publish","type":"post","link":"https:\/\/blog.polityka.pl\/passent\/2011\/03\/13\/za-piec-dwunasta\/","title":{"rendered":"Za pi\u0119\u0107 dwunasta"},"content":{"rendered":"<p>Pisz\u0119 \u201eza pi\u0119\u0107 dwunasta\u201d, tu\u017c przed godzin\u0105 zamkni\u0119cia (zawieszenia) stron \u201ePolityki\u201d, w tym naszego bloga, z powodu \u201erob\u00f3t drogowych\u201d, kt\u00f3re maj\u0105 nas szybciej doprowadzi\u0107 do upragnionej nowoczesno\u015bci. Wi\u0119c tylko kilka uwag, kt\u00f3re zapewne i tak nie wiele os\u00f3b b\u0119dzie mog\u0142o przeczyta\u0107.<\/p>\n<p>Przeczyta\u0142em artyku\u0142 premiera Tuska w \u201eGazecie\u201d. Na pewno potrzebny, sam uwa\u017ca\u0142em, \u017ce premier powinien otworzy\u0107 usta, co w ko\u0144cu uczyni\u0142 udzielaj\u0105c wywiadu \u201ePolityce\u201d i pisz\u0105c do gazety. Artyku\u0142 rzeczowy, fakt\u00f3w nie podwa\u017cam, przypomina troch\u0119 tasiemcowe artyku\u0142y i przem\u00f3wienia sprzed lat, kiedy w\u0142adza sk\u0142ada\u0142a sprawozdania przed narodem. Og\u00f3lna wymowa tekstu mnie nie razi, sam oceniam rz\u0105d na 3+, ale jedno mnie w artykule uderzy\u0142o \u2013 ca\u0142kowite milczenie na tematy \u015bwiatopogl\u0105dowe, \u017cadnej szerszej refleksji nt. spo\u0142ecze\u0144stwa do jakiego zmierzamy, nic o stosunkach z Ko\u015bcio\u0142em, o Komisji Maj\u0105tkowej, o prawach kobiet, mniejszo\u015bci, o przerywaniu ci\u0105\u017cy. Artyku\u0142 premiera do b\u00f3lu rzeczowy i technokratyczny, \u017cadnego nawi\u0105zania do kultury, \u017cadnego cytatu czy ozdobnika literackiego. Ca\u0142o\u015b\u0107 sucha jak trociny, jak gdyby napisana przez ministr\u00f3w Finans\u00f3w, Skarbu Pa\u0144stwa, Infrastruktury itd. Zabrak\u0142o infrastruktury intelektualnej. Panie Premierze, do pisania II cz\u0119\u015bci radz\u0119 wci\u0105gn\u0105\u0107 humanist\u00f3w!<\/p>\n<p>Poza tym: katastrofa w Japonii. Ciekaw jestem, czy Japo\u0144czycy ju\u017c z\u0142orzecz\u0105 na rz\u0105d, czy tamtejsze media wini\u0105 premiera za spowodowanie tsunami,  za brak wystarczaj\u0105cych zabezpiecze\u0144, za \u015bmier\u0107 tysi\u0119cy ludzi, za rannych i zaginionych, czy media pokazuj\u0105 ludzi, jak m\u00f3wi\u0105: \u201eJu\u017c trzeci dzie\u0144 mija, a my nie dostali\u015bmy od pa\u0144stwa \u017cadnego odszkodowania, nikogo z rz\u0105du tu nie by\u0142o, ry\u017c nam si\u0119 ko\u0144czy, dzieci nie maj\u0105 jak do szko\u0142y dojecha\u0107, a gubernator nas lekcewa\u017cy, tylko obiecuje i obiecuje\u2026\u201d<\/p>\n<p>Mo\u017ce znajdzie si\u0119 jaki\u015b blogowicz (-ka) w Japonii, kt\u00f3ry nam odpowie?<\/p>\n<p>Do zobaczenia na \u201ebardziej nowoczesnym\u201d (?) blogu. Wy\u0142\u0105czam si\u0119, bo p\u00f3\u0142noc coraz bli\u017cej.<\/p>\n","protected":false},"excerpt":{"rendered":"<p>Pisz\u0119 \u201eza pi\u0119\u0107 dwunasta\u201d, tu\u017c przed godzin\u0105 zamkni\u0119cia (zawieszenia) stron \u201ePolityki\u201d, w tym naszego bloga, z powodu \u201erob\u00f3t drogowych\u201d, kt\u00f3re maj\u0105 nas szybciej doprowadzi\u0107 do upragnionej nowoczesno\u015bci. Wi\u0119c tylko kilka uwag, kt\u00f3re zapewne i tak nie wiele os\u00f3b b\u0119dzie mog\u0142o przeczyta\u0107. Przeczyta\u0142em artyku\u0142 premiera Tuska w \u201eGazecie\u201d. Na pewno potrzebny, sam uwa\u017ca\u0142em, \u017ce premier powinien [&hellip;]<\/p>\n","protected":false},"author":4,"featured_media":0,"comment_status":"open","ping_status":"open","sticky":false,"template":"","format":"standard","meta":{"footnotes":""},"categories":[1],"tags":[],"_links":{"self":[{"href":"https:\/\/blog.polityka.pl\/passent\/wp-json\/wp\/v2\/posts\/811"}],"collection":[{"href":"https:\/\/blog.polityka.pl\/passent\/wp-json\/wp\/v2\/posts"}],"about":[{"href":"https:\/\/blog.polityka.pl\/passent\/wp-json\/wp\/v2\/types\/post"}],"author":[{"embeddable":true,"href":"https:\/\/blog.polityka.pl\/passent\/wp-json\/wp\/v2\/users\/4"}],"replies":[{"embeddable":true,"href":"https:\/\/blog.polityka.pl\/passent\/wp-json\/wp\/v2\/comments?post=811"}],"version-history":[{"count":0,"href":"https:\/\/blog.polityka.pl\/passent\/wp-json\/wp\/v2\/posts\/811\/revisions"}],"wp:attachment":[{"href":"https:\/\/blog.polityka.pl\/passent\/wp-json\/wp\/v2\/media?parent=811"}],"wp:term":[{"taxonomy":"category","embeddable":true,"href":"https:\/\/blog.polityka.pl\/passent\/wp-json\/wp\/v2\/categories?post=811"},{"taxonomy":"post_tag","embeddable":true,"href":"https:\/\/blog.polityka.pl\/passent\/wp-json\/wp\/v2\/tags?post=811"}],"curies":[{"name":"wp","href":"https:\/\/api.w.org\/{rel}","templated":true}]}}