
{"id":83,"date":"2006-07-09T17:13:48","date_gmt":"2006-07-09T15:13:48","guid":{"rendered":"http:\/\/passent.blog.polityka.pl\/?p=83"},"modified":"2006-07-09T18:17:00","modified_gmt":"2006-07-09T16:17:00","slug":"blizej-ludzi","status":"publish","type":"post","link":"https:\/\/blog.polityka.pl\/passent\/2006\/07\/09\/blizej-ludzi\/","title":{"rendered":"Bli\u017cej ludzi"},"content":{"rendered":"<p>Protesty maj\u0105 to do siebie, \u017ce \u0142atwo je odrzuci\u0107 pod pierwszym lepszym pretekstem, byle nie przyzna\u0107 im racji. Mam na my\u015bli dwa \u201eprotesty\u201d: list o\u015bmiu by\u0142ych ministr\u00f3w spraw zagranicznych, a ostatnio wypowied\u017a\u00a0ambasadora Izraela, \u017ceby wsp\u00f3\u0142organizatorem dorocznego Marszu \u017bywych nie by\u0142o ministerstwo Romana Giertycha.<\/p>\n<p>Sp\u00f3jrzmy, jakie s\u0105 argumenty przeciwnik\u00f3w \u201elistu o\u015bmiu\u201d:<\/p>\n<p><strong>1<\/strong>. Zdyskredytowa\u0107 autor\u00f3w. Zamiast ewentualnej dyskusji z tre\u015bci\u0105 listu, Pan Prezydent m\u00f3wi, \u017ce \u201ebardzo \u017ale \u015bwiadczy on o ministrach\u201d. Poza W\u0142adys\u0142awem Bartoszewskim i &#8211; w pewnym okresie \u017cycia &#8211;\u00a0 Bronis\u0142awem Geremkiem, \u201epozostali panowie ministrowie nie s\u0105 osobami, z kt\u00f3rymi Prezydent Rzeczpospolitej\u00a0 musia\u0142by prowadzi\u0107 dialog\u201d \u2013 powiedzia\u0142\u00a0 Lech Kaczy\u0144ski. Zamiast dyplomatycznie powiedzie\u0107 \u201eDzi\u0119kuj\u0119 za list, jestem wzruszony trosk\u0105\u201d, Pan Prezydent obra\u017ca ich jako niegodnych dyskusji. Jeszcze bardziej arogancki jest pose\u0142 Wierzejski, wiceprzewodnicz\u0105cej wsp\u00f3\u0142rz\u0105dz\u0105cej LPR, bo ten nie oszcz\u0119dza nawet Bartoszewskiego, kt\u00f3remu nie dorasta do pi\u0119t. Nie od rzeczy b\u0119dzie przypomnie\u0107, \u017ce kiedy Wierzejskiego nie by\u0142o na \u015bwiecie, WB by\u0142 dzia\u0142aczem \u017begoty \u2013 kom\u00f3rki pa\u0144stwa podziemnego do ratowania \u017byd\u00f3w. A kiedy m\u0142ody Wszechpolak nie chodzi\u0142 jeszcze pod sto\u0142em\u00a0&#8211; Bartoszewski siedzia\u0142 w Auschwitz. Przyda\u0142aby si\u0119 odrobina Kinderstuby.<\/p>\n<p><strong>2<\/strong>. Zarzuci\u0107 autorom dzia\u0142anie na szkod\u0119 pa\u0144stwa. Marsza\u0142ek Jurek powiedzia\u0142, \u017ce list o\u015bmiu \u201euderza w pozycj\u0119 mi\u0119dzynarodow\u0105 Polski\u201d. A mo\u017ce jest odwrotnie: fakt, \u017ce wszyscy byli ministrowie spraw zagranicznych, w\u015br\u00f3d nich ci, kt\u00f3rzy wprowadzili nad do Unii i do NATO, nie pozostaj\u0105 oboj\u0119tni na widok tego, co si\u0119 dzieje, jest buduj\u0105cy. Zamiast siedzie\u0107 spokojnie na swoich posadkach w Brukseli i w Hadze, wysy\u0142aj\u0105 sygna\u0142, \u017ce \u017ale si\u0119 dzieje w pa\u0144stwie du\u0144skim. Wszak Jaros\u0142aw Kaczy\u0144ski i jego ludzie, wywlekaj\u0105c prawdziwe i domniemane brudy, jakie nagromadzi\u0142y si\u0119 faktycznie i rzekomo w ci\u0105gu minionych 16 lat, w tym w MSZ,\u00a0te\u017c nie wstydz\u0105 si\u0119 m\u00f3wi\u0107 g\u0142o\u015bno o tym, jak \u017ale si\u0119 dzieje. Czy oni te\u017c uderzaj\u0105 w pozycj\u0119 Polski?<\/p>\n<p><strong>3<\/strong>. Pieni\u0107 si\u0119 i obra\u017ca\u0107, zamiast zachowa\u0107 majestat. Pan Prezydent zarzuci\u0142 by\u0142ym ministrom, \u017ce wykazali \u201ebrak elementarnej solidarno\u015bci\u201d narodowej, kulturowej i ludzkiej. Rozumiem Pana Prezydenta, \u017ce w chorobie oczekiwa\u0142 solidarno\u015bci, ale Jego otoczenie pope\u0142nia\u0142o gaf\u0119 za gaf\u0105 i nadal je pope\u0142nia. Zamiast wyeksponowa\u0107 chorob\u0119 \u2013 eksponuje walk\u0119 z \u201eTageszeitung\u201d, zamiast rozmawia\u0107, cho\u0107by telefonicznie, z Chirakiem i Merkel &#8211; proponuje si\u0119 wys\u0142anie premiera, kt\u00f3ry wisia\u0142 na w\u0142osku. Jak by\u015bmy wtedy wygl\u0105dali wobec prezydenta Francji i kanclerz Niemiec, gdyby naszego prezydenta reprezentowa\u0142 premier z odwo\u0142aniem w plecaku?<\/p>\n<p><strong>4<\/strong>. Pose\u0142 Gosiewski, zamiast powa\u017cnej dyskusji, m\u00f3wi, \u017ce list stanowi dow\u00f3d \u201euleg\u0142o\u015bciowej opinii elit\u201d. To kolejny dow\u00f3d, \u017ce podczas kiedy my zadzieramy nosa \u2013 kareta odjecha\u0142a. Do Petersburga. Na szczyt G8.<\/p>\n<p>Kiedy w \u201eDie Tageszeitung\u201d ukaza\u0142 si\u0119 niefortunny, miejscami niesmaczny, <a href=\"http:\/\/www.polityka.pl\/polityka\/index.jsp?place=Lead02&#038;news_cat_id=35&#038;news_id=184912&#038;layout=1&#038;forum_id=5182&#038;fpage=Threads&#038;page=text\">artyku\u0142 Pana Kohlera<\/a>, zamiast go zignorowa\u0107 (bo kt\u00f3ry prezydent reaguje na to, co o nim wypisuj\u0105 na satyrycznych kolumnach?), ob\u00f3z rz\u0105dz\u0105cy wytacza pot\u0119\u017cne dzia\u0142a. Minister Fotyga por\u00f3wnuje artyku\u0142 do hitlerowskiego pi\u015bmid\u0142a \u201eDer Sturmer\u201d, pos\u0142owie PiS\u00a0 wyst\u0119puj\u0105 do min. Ziobro o sprawdzenie, czy nie mamy do czynienia z obraz\u0105 g\u0142owy pa\u0144stwa, a przewodnicz\u0105cy Klubu Poselskiego partii rz\u0105dz\u0105cej, Gosiewski, m\u00f3wi serio o mo\u017cliwo\u015bci europejskiego nakazu aresztowania! Chcia\u0142em to napisa\u0107 w felietonie jako dowcip, ale pan pose\u0142 to m\u00f3wi serio! Tak serio, jak jeden z przyw\u00f3dc\u00f3w IV RP m\u00f3wi\u0142, \u017ce Aleksander Kwa\u015bniewski pojecha\u0142\u00a0do Moskwy na obchody rocznicy zako\u0144czenia wojny, bo Rosjanie maj\u0105 jego teczk\u0119! Gdyby do ciupy mieli p\u00f3j\u015b\u0107 wszyscy, kt\u00f3rzy obrazili Busha, Putina, Kwa\u015bniewskiego, Chiraca i innych, to baza Guantanamo okaza\u0142aby si\u0119 za ma\u0142a.\u00a0<br \/>\n\u00a0<br \/>\nTa godno\u015bciowa, egotystyczna, arogancka, kompleksiarska reakcja powinna by\u0107 zast\u0105piona przez wi\u0119kszy dystans (\u201eTageszeitung\u201d? A co to takiego? \u2013 powinien zapyta\u0107 rzecznik prezydenta), wi\u0119cej luzu, wi\u0119cej skromno\u015bci. Zej\u015b\u0107 z piedesta\u0142u, zgodnie z has\u0142em PiS, podej\u015b\u0107 \u201ebli\u017cej ludzi\u201d. Zw\u0142aszcza, \u017ce w powietrzu wisi ju\u017c pro\u015bba Izraelczyk\u00f3w, \u017ceby organizacj\u0119 Marszu \u017bywych wyj\u0105\u0107 z gestii wicepremiera Giertycha. Mo\u017cna si\u0119 oburzy\u0107, \u017ce Izraelczycy wtykaj\u0105 sw\u00f3j krzywy nos w nasze wewn\u0119trzne sprawy. Mo\u017ce warto\u00a0 przytoczy\u0107 s\u0142owa pos\u0142a PiS, kt\u00f3ry na oczach ca\u0142ego Sejmu RP powiedzia\u0142, \u017ce gdyby nasz kraj nie by\u0142 tolerancyjny, to Pawe\u0142 \u015apiewak nie by\u0142by pos\u0142em na Sejm! I nikt, dos\u0142ownie nikt, si\u0119 nie odezwa\u0142, a przewodnicz\u0105cy Gosiewski\u00a0 nie kaza\u0142 swojego pos\u0142a aresztowa\u0107. Ciekawe, na kogo teraz si\u0119 oburzy?<\/p>\n","protected":false},"excerpt":{"rendered":"<p>Protesty maj\u0105 to do siebie, \u017ce \u0142atwo je odrzuci\u0107 pod pierwszym lepszym pretekstem, byle nie przyzna\u0107 im racji. Mam na my\u015bli dwa \u201eprotesty\u201d: list o\u015bmiu by\u0142ych ministr\u00f3w spraw zagranicznych, a ostatnio wypowied\u017a\u00a0ambasadora Izraela, \u017ceby wsp\u00f3\u0142organizatorem dorocznego Marszu \u017bywych nie by\u0142o ministerstwo Romana Giertycha. Sp\u00f3jrzmy, jakie s\u0105 argumenty przeciwnik\u00f3w \u201elistu o\u015bmiu\u201d: 1. Zdyskredytowa\u0107 autor\u00f3w. Zamiast ewentualnej [&hellip;]<\/p>\n","protected":false},"author":4,"featured_media":0,"comment_status":"open","ping_status":"open","sticky":false,"template":"","format":"standard","meta":{"footnotes":""},"categories":[1],"tags":[],"_links":{"self":[{"href":"https:\/\/blog.polityka.pl\/passent\/wp-json\/wp\/v2\/posts\/83"}],"collection":[{"href":"https:\/\/blog.polityka.pl\/passent\/wp-json\/wp\/v2\/posts"}],"about":[{"href":"https:\/\/blog.polityka.pl\/passent\/wp-json\/wp\/v2\/types\/post"}],"author":[{"embeddable":true,"href":"https:\/\/blog.polityka.pl\/passent\/wp-json\/wp\/v2\/users\/4"}],"replies":[{"embeddable":true,"href":"https:\/\/blog.polityka.pl\/passent\/wp-json\/wp\/v2\/comments?post=83"}],"version-history":[{"count":0,"href":"https:\/\/blog.polityka.pl\/passent\/wp-json\/wp\/v2\/posts\/83\/revisions"}],"wp:attachment":[{"href":"https:\/\/blog.polityka.pl\/passent\/wp-json\/wp\/v2\/media?parent=83"}],"wp:term":[{"taxonomy":"category","embeddable":true,"href":"https:\/\/blog.polityka.pl\/passent\/wp-json\/wp\/v2\/categories?post=83"},{"taxonomy":"post_tag","embeddable":true,"href":"https:\/\/blog.polityka.pl\/passent\/wp-json\/wp\/v2\/tags?post=83"}],"curies":[{"name":"wp","href":"https:\/\/api.w.org\/{rel}","templated":true}]}}