
{"id":84,"date":"2006-07-10T23:33:05","date_gmt":"2006-07-10T21:33:05","guid":{"rendered":"http:\/\/passent.blog.polityka.pl\/?p=84"},"modified":"2006-07-11T10:35:11","modified_gmt":"2006-07-11T08:35:11","slug":"wszystkie-rybki-spia-w-jeziorze","status":"publish","type":"post","link":"https:\/\/blog.polityka.pl\/passent\/2006\/07\/10\/wszystkie-rybki-spia-w-jeziorze\/","title":{"rendered":"Wszystkie rybki \u015bpi\u0105 w jeziorze"},"content":{"rendered":"<p>\u201eDo\u015b\u0107 polityki\u201d \u2013 pisz\u0105 Natalia oraz\u00a0 Soroka, domagaj\u0105c si\u0119 wakacji, i wcale im si\u0119 nie dziwi\u0119. Pan ka\u017ce \u2013 s\u0142uga musi. Oto pytania MNIEJ POLITYCZNE, kt\u00f3re mnie dr\u0119cz\u0105.<\/p>\n<p><strong>Pytanie pierwsze<\/strong>: gdzie s\u0105 rybki i rybacy? Mo\u017ce niekt\u00f3rzy z Pa\u0144stwa pami\u0119taj\u0105, \u017ce kiedy u w\u0142adzy by\u0142 Aleksander Kwa\u015bniewski, a TVP kierowa\u0142 Robert Kwiatkowski, co pewien czas w Wiadomo\u015bciach (a mo\u017ce to by\u0142o w Faktach?) pojawia\u0142a si\u0119 rozmowa z rybakiem z okolic Helu. Rybak ten fotografowany by\u0142 na morzu, na tle rezydencji prezydenta w Helu. Ten etatowy rybak telewizji by\u0142 zawsze bardzo smutny i narzeka\u0142, \u017ce ka\u017cdorazowy pobyt pp. Kwa\u015bniewskich w letniej rezydencji powodowa\u0142 nalot BOR. Rybakom nie wolno by\u0142o \u0142owi\u0107 ryb w promieniu kilkuset metr\u00f3w, a mo\u017ce kilku mil (nie pami\u0119tam, bo \u0142owi\u0119 ryby tylko mro\u017cone) od Helu.\u00a0Kutry Biura Ochrony Rz\u0105du, kt\u00f3re bez przerwy patrolowa\u0142y wody przybrze\u017cne, tj. wody przy brzegu pp. Kwa\u015bniewskich, wznieca\u0142y fale, przez co powodowa\u0142y exodus zasob\u00f3w rybnych. Nawet co bardziej skoczne rybki nie mog\u0142y wyskakiwa\u0107 ponad powierzchni\u0119 morza, poniewa\u017c w powietrzu kr\u0105\u017cy\u0142y \u015bmig\u0142owce stra\u017cy przybrze\u017cnej, pilnuj\u0105c, czy aby nikt nie zak\u0142\u00f3ca spokoju Aleksandra Kwa\u015bniewskiego.<\/p>\n<p>Ogl\u0105daj\u0105c te relacje, ka\u017cdy uczciwy cz\u0142owiek musia\u0142 wsp\u00f3\u0142czu\u0107 biednemu rybakowi i jego z\u0142otej rybce, a tak\u017ce by\u0107 oburzony na prezydenta, kt\u00f3ry byczy si\u0119 na pla\u017cy, a biedni rybacy musz\u0105 przez niego g\u0142odowa\u0107. Zadowolone by\u0142y tylko ryby, ale one \u2013 jak wiadomo \u2013 g\u0142osu nie maj\u0105. Dlatego wybrany zosta\u0142 nowy prezydent, kt\u00f3ry niedawno sp\u0119dzi\u0142 kilka dni w rezydencji na Helu, kt\u00f3ra zn\u00f3w zosta\u0142a pokazana w telewizji. Ku mojemu zaskoczeniu, nie pokazano jednak wyj\u0105cego \u015bmig\u0142owca na niebie, nie by\u0142o ha\u0142asuj\u0105cych kutr\u00f3w GOPR czy WOP, nie by\u0142o zap\u0142akanego dy\u017curnego rybaka TVP ani z\u0142otej rybki. Mo\u017ce Pa\u0144stwo wiedz\u0105 dlaczego? Kto si\u0119 dzi\u015b ujmie za z\u0142ot\u0105 rybk\u0105, za skrzywdzonym rybakiem, kto zaniedba\u0142 ochron\u0119 morza i przestworzy? Czy Pa\u0144stwo si\u0119\u00a0martwi\u0105, \u017ce prezydent by\u0142 bez ochrony od strony morza,\u00a0czy te\u017c ciesz\u0105 si\u0119, \u017ce wszystkie rybki \u015bpi\u0105 w jeziorze?<\/p>\n<p><strong>Pytanie drugie<\/strong>: Jak zmusi\u0107 RFN do ekstradycji niejakiego Kohlera, autora <a href=\"http:\/\/www.polityka.pl\/polityka\/index.jsp?place=Lead10&#038;news_cat_id=35&#038;news_id=184912&#038;layout=1&#038;forum_id=5182&#038;fpage=Threads&#038;page=text\">przyg\u0142upiego paszkwilu<\/a>\u00a0 w \u201eTageszeitung\u201d? Przemys\u0142aw Edgar Gosiewski, pose\u0142 na Sejm, przewodnicz\u0105cy Ko\u0142a Parlamentarnego PiS, a ostatnio kandydat na jedno z wa\u017cniejszych stanowisk w rz\u0105dzie, przypomnia\u0142 w <a href=\"http:\/\/serwisy.gazeta.pl\/tokfm\/0,0.html\">Radiu TOK<\/a>, \u017ce istnieje co\u015b takiego, jak europejski nakaz aresztowania. S\u0105dzi\u0142em, \u017ce to by\u0142 dowcip, ale nie \u2013 pan pose\u0142 (i wicepremier in spe) to m\u00f3wi\u0142 powa\u017cnie! Znaj\u0105c jednak nieprzychylny do nas stosunek Brukseli, kt\u00f3rej obce s\u0105 cywilizowane normy wsp\u00f3\u0142\u017cycia, mo\u017cna spodziewa\u0107 si\u0119 obstrukcji ze strony Interpolu. Moje pytanie brzmi: od czego mamy doborow\u0105 jednostk\u0119 Grom? Czy wzorem izraelskiego Mossadu nie mo\u017cna by uprowadzi\u0107 Herr Cholera z RFN i postawi\u0107 go przed naszym s\u0105dem, tak jak ponad 40 lat temu agencji izraelscy dokonali brawurowego porwania w\u00a0Buenos Aires? Przy obecnych, nieco zadra\u017cnionych stosunkach z Izraelem, porwanie, os\u0105dzenie i ukaranie\u00a0kolejnego Niemca mog\u0142oby poprawi\u0107 stosunki. Pozwoli\u0142oby wykorzysta\u0107 doborow\u0105 jednostk\u0119, kt\u00f3ra od czasu wyzwolenia Iraku rdzewieje,\u00a0a nasze media prywatne, tak zazwyczaj krytyczne i podejrzliwe, musia\u0142yby uzna\u0107 mistrzostwo wychowank\u00f3w gen. Petelickiego. Panie Generale, co Pan NATO?<\/p>\n<p>To tylko dwa pytania dla Natalii i Soroki do przemy\u015blenia pod parasolem s\u0142onecznym. Z wakacyjnym pozdrowieniem,\u00a0Wasz gospodarz blogu.<\/p>\n","protected":false},"excerpt":{"rendered":"<p>\u201eDo\u015b\u0107 polityki\u201d \u2013 pisz\u0105 Natalia oraz\u00a0 Soroka, domagaj\u0105c si\u0119 wakacji, i wcale im si\u0119 nie dziwi\u0119. Pan ka\u017ce \u2013 s\u0142uga musi. Oto pytania MNIEJ POLITYCZNE, kt\u00f3re mnie dr\u0119cz\u0105. Pytanie pierwsze: gdzie s\u0105 rybki i rybacy? Mo\u017ce niekt\u00f3rzy z Pa\u0144stwa pami\u0119taj\u0105, \u017ce kiedy u w\u0142adzy by\u0142 Aleksander Kwa\u015bniewski, a TVP kierowa\u0142 Robert Kwiatkowski, co pewien czas [&hellip;]<\/p>\n","protected":false},"author":4,"featured_media":0,"comment_status":"open","ping_status":"open","sticky":false,"template":"","format":"standard","meta":{"footnotes":""},"categories":[1],"tags":[],"_links":{"self":[{"href":"https:\/\/blog.polityka.pl\/passent\/wp-json\/wp\/v2\/posts\/84"}],"collection":[{"href":"https:\/\/blog.polityka.pl\/passent\/wp-json\/wp\/v2\/posts"}],"about":[{"href":"https:\/\/blog.polityka.pl\/passent\/wp-json\/wp\/v2\/types\/post"}],"author":[{"embeddable":true,"href":"https:\/\/blog.polityka.pl\/passent\/wp-json\/wp\/v2\/users\/4"}],"replies":[{"embeddable":true,"href":"https:\/\/blog.polityka.pl\/passent\/wp-json\/wp\/v2\/comments?post=84"}],"version-history":[{"count":0,"href":"https:\/\/blog.polityka.pl\/passent\/wp-json\/wp\/v2\/posts\/84\/revisions"}],"wp:attachment":[{"href":"https:\/\/blog.polityka.pl\/passent\/wp-json\/wp\/v2\/media?parent=84"}],"wp:term":[{"taxonomy":"category","embeddable":true,"href":"https:\/\/blog.polityka.pl\/passent\/wp-json\/wp\/v2\/categories?post=84"},{"taxonomy":"post_tag","embeddable":true,"href":"https:\/\/blog.polityka.pl\/passent\/wp-json\/wp\/v2\/tags?post=84"}],"curies":[{"name":"wp","href":"https:\/\/api.w.org\/{rel}","templated":true}]}}