
{"id":845,"date":"2011-04-03T19:01:58","date_gmt":"2011-04-03T18:01:58","guid":{"rendered":"http:\/\/passent.blog.polityka.pl\/?p=845"},"modified":"2011-04-03T22:40:49","modified_gmt":"2011-04-03T21:40:49","slug":"totek-polityczny","status":"publish","type":"post","link":"https:\/\/blog.polityka.pl\/passent\/2011\/04\/03\/totek-polityczny\/","title":{"rendered":"Totek polityczny"},"content":{"rendered":"<p><strong>Wydarzenia ostatnich dni nie s\u0105 porywaj\u0105ce. W politycznym totku podczas ostatniego weekendu pad\u0142y nast\u0119puj\u0105ce numery<\/strong>:<\/p>\n<p>Jaros\u0142aw Kaczy\u0144ski szczuje przeciwko \u015al\u0105zakom (a w domy\u015ble i Kaszubom). Nic dziwnego, on musi stale podkr\u0119ca\u0107 nastroje. Teraz dzieli Polak\u00f3w wedle pochodzenia. Ma szcz\u0119\u015bcie, \u017ce nie urodzi\u0142 si\u0119 na \u015al\u0105sku, nie czuje si\u0119 \u015al\u0105zakiem i Polakiem. Zabiega o g\u0142osy prawdziwych Polak\u00f3w.\u00a0 \u00a0Nic dobrego z tego nie wynika.<\/p>\n<p>Prokuratura\u00a0 wreszcie wyeliminowa\u0142a hipotez\u0119 zamachu w Smole\u0144sku. J.K. natychmiast to zakwestionowa\u0142. B\u0119dzie podwa\u017ca\u0142 ka\u017cde orzeczenie prokuratury, dop\u00f3ki na jej czele nie stan\u0105 niezale\u017cni prawnicy, tacy jak Ziobro albo Kempa. Ta druga pi\u0119knie si\u0119 zachowa\u0142a w Sejmie, pytaj\u0105c ministra Kwiatkowskiego, kt\u00f3r\u0105 mafi\u0119 popiera. Pos\u0142anka Kempa to Miss Elegancji,\u00a0 Miss PiS.<\/p>\n<p>\u201eRuch Prze\u0142omu Narodowego\u201d z pod znaku Jerzego Roberta Nowaka przylgn\u0105\u0142 do Prawicy Rzeczpospolitej z pod znaku Marka Jurka. Szkoda Jurka. Dotychczas uwa\u017ca\u0142em go za lepszego od J.R.N. Widocznie doszed\u0142 do wniosku, \u017ce na bezrybiu i rak ryba. (Rosjanie maj\u0105 na to bardziej dosadne powiedzenie: \u201eNa bezpticzju \u2026\u201d \u2013 kto zna, niech sobie dopowie).<\/p>\n<p>Balcerowicz i St\u0119pie\u0144 (by\u0142y przewodnicz\u0105cy TK) wnosz\u0105 o ujawnienie opinii bieg\u0142ych prawnik\u00f3w, kt\u00f3rzy sporz\u0105dzili ekspertyzy dla prezydenta w sprawie (nie)zgodno\u015bci ustawy emerytalnej z Konstytucj\u0105. To w\u0119ze\u0142 gordyjski. Publikowa\u0107 &#8211;\u00a0 \u017ale, bo te opinie nie by\u0142y przewidziane do publikacji. Nie publikowa\u0107 \u2013 te\u017c \u017ale, bo swoboda dost\u0119pu do\u00a0 informacji obowi\u0105zuje. By\u0142bym \u00a0jednak raczej ZA ujawnieniem, bo prezydent i tak podejmuje decyzj\u0119 sam, bez wzgl\u0119du na opinie, kt\u00f3re powinien zna\u0107, ale odpowiedzialno\u015b\u0107 ponosi g\u0142owa pa\u0144stwa.<\/p>\n<p>Z weekendowych lektur pozosta\u0142y mi w pami\u0119ci artyku\u0142u o dziwacznej Polsce w naszych teatrach i filmach. \u00a0Joanna Derkaczew (GW) opisuje bohater\u00f3w wsp\u00f3\u0142czesnego teatru: \u201ePokryta czarn\u0105 mazi\u0105 Agnieszka Kwietniewska w ameryka\u0144skim mundurze jest zarazem \u015al\u0105zakiem \u2013 g\u00f3rnikiem (a wi\u0119c mniejszo\u015bci\u0105 etniczn\u0105 i ofiar\u0105 prywatyzacji kopal\u0144), kobiet\u0105, pomiatanym \u2018czarnuchem\u2019 i \u017co\u0142nierzem, o kt\u00f3rego \u017cyciu i \u015bmierci decyduj\u0105 politycy. (\u2026) Tak czy inaczej &#8211; ma przechlapane\u201d.<\/p>\n<p>Kilka stron dalej filmowcy opowiadaj\u0105 o typowych bohaterach scenariuszy. M\u00f3wi Joanna Kos-Krauze: \u201eProboszcz pedofil, su rogatka i holocaustowy temacik\u201d. Oto niekt\u00f3re sylwetki i opinie: \u201eNowoczesny, wysportowany ksi\u0105dz homoseksualista, ewentualnie proboszcz pedofil, surogatki (bardzo modny ostatnio), ma\u0142y ch\u0142opiec m\u0105drala z postpegeerowskiej wsi, \u017cywoty \u015bwi\u0119tych (szeroko poj\u0119ta hagiografia walecznych biskup\u00f3w)\u2026 tematy historyczne pisane na kl\u0119czkach \u201eKu Wskrzeszeniu Ducha Patriotycznego\u201d. Konkursy na scenariusz filmu o \u2018Solidarno\u015bci\u2019, Tyrmandzie, itd. Ocean osobliwo\u015bci\u201d.<\/p>\n<p>Warto odnotowa\u0107 jeszcze opinie Agnieszki Holland, \u017ce mamy wspania\u0142\u0105 poezj\u0119 i \u00a0grotesk\u0119, ale w naszej kulturze brak umiej\u0119tno\u015bci opowiadania swojej historii. Faktycznie, dotychczas nie powsta\u0142a \u017cadna wielka powie\u015b\u0107\u00a0 na temat na temat Polski powojennej, aczkolwiek filmy powstawa\u0142y, zw\u0142aszcza filmy Wajdy oraz kino moralnego niepokoju. Teraz i z tym s\u0142abo, cho\u0107 \u201eRewers\u201d nie by\u0142 z\u0142y.\u00a0 W sumie jednak posucha.\u00a0\u00a0 Kameralne dziwactwa i wielkie produkcje ku pokrzepieniu serc. Mo\u017ce nowy tydzie\u0144 przyniesie nowe wra\u017cenia artystyczne, nie tylko wyskoki polityk\u00f3w. \u00a0Do zobaczenia na blogu. W rankingu miesi\u0119cznika Press na blogi dziennikarzy znale\u017ali\u015bmy si\u0119 na 5. miejscu. Gratuluj\u0119 zwyci\u0119zcom, odsy\u0142am na strony miesi\u0119cznika \u201ePress\u201d i pytam:\u00a0 <strong>Co o tym s\u0105dzicie<\/strong>?<\/p>\n","protected":false},"excerpt":{"rendered":"<p>Wydarzenia ostatnich dni nie s\u0105 porywaj\u0105ce. W politycznym totku podczas ostatniego weekendu pad\u0142y nast\u0119puj\u0105ce numery: Jaros\u0142aw Kaczy\u0144ski szczuje przeciwko \u015al\u0105zakom (a w domy\u015ble i Kaszubom). Nic dziwnego, on musi stale podkr\u0119ca\u0107 nastroje. Teraz dzieli Polak\u00f3w wedle pochodzenia. Ma szcz\u0119\u015bcie, \u017ce nie urodzi\u0142 si\u0119 na \u015al\u0105sku, nie czuje si\u0119 \u015al\u0105zakiem i Polakiem. Zabiega o g\u0142osy prawdziwych [&hellip;]<\/p>\n","protected":false},"author":4,"featured_media":0,"comment_status":"open","ping_status":"open","sticky":false,"template":"","format":"standard","meta":{"footnotes":""},"categories":[1],"tags":[],"_links":{"self":[{"href":"https:\/\/blog.polityka.pl\/passent\/wp-json\/wp\/v2\/posts\/845"}],"collection":[{"href":"https:\/\/blog.polityka.pl\/passent\/wp-json\/wp\/v2\/posts"}],"about":[{"href":"https:\/\/blog.polityka.pl\/passent\/wp-json\/wp\/v2\/types\/post"}],"author":[{"embeddable":true,"href":"https:\/\/blog.polityka.pl\/passent\/wp-json\/wp\/v2\/users\/4"}],"replies":[{"embeddable":true,"href":"https:\/\/blog.polityka.pl\/passent\/wp-json\/wp\/v2\/comments?post=845"}],"version-history":[{"count":6,"href":"https:\/\/blog.polityka.pl\/passent\/wp-json\/wp\/v2\/posts\/845\/revisions"}],"predecessor-version":[{"id":851,"href":"https:\/\/blog.polityka.pl\/passent\/wp-json\/wp\/v2\/posts\/845\/revisions\/851"}],"wp:attachment":[{"href":"https:\/\/blog.polityka.pl\/passent\/wp-json\/wp\/v2\/media?parent=845"}],"wp:term":[{"taxonomy":"category","embeddable":true,"href":"https:\/\/blog.polityka.pl\/passent\/wp-json\/wp\/v2\/categories?post=845"},{"taxonomy":"post_tag","embeddable":true,"href":"https:\/\/blog.polityka.pl\/passent\/wp-json\/wp\/v2\/tags?post=845"}],"curies":[{"name":"wp","href":"https:\/\/api.w.org\/{rel}","templated":true}]}}