
{"id":855,"date":"2011-04-10T22:36:44","date_gmt":"2011-04-10T21:36:44","guid":{"rendered":"http:\/\/passent.blog.polityka.pl\/?p=855"},"modified":"2011-04-10T22:36:48","modified_gmt":"2011-04-10T21:36:48","slug":"prezes-idzie-na-wojne","status":"publish","type":"post","link":"https:\/\/blog.polityka.pl\/passent\/2011\/04\/10\/prezes-idzie-na-wojne\/","title":{"rendered":"Prezes idzie na wojn\u0119"},"content":{"rendered":"<p>Prezes Kaczy\u0144ski powinien si\u0119 wstydzi\u0107, \u017ce przeznaczy\u0142 rocznic\u0119 \u015bmierci swojego brata, bratowej i 94 innych os\u00f3b, na wiec partyjny, \u017ce zgromadzenie pami\u0119ci przekszta\u0142ci\u0142 w wiec wyborczy, \u017ce zamiast portret\u00f3w zmar\u0142ych, niesiono obra\u017aliwe transparenty i napisy. Dotychczas stara\u0142em si\u0119 sw\u00f3j krytycyzm wobec prezes miarkowa\u0107, szczeg\u00f3lnie w okresie \u017ca\u0142oby, ale teraz czas powiedzie\u0107, \u017ce mamy do czynienia z \u0142obuzerk\u0105. Prezes degraduje polsk\u0105 polityk\u0119. Powtarzanie o \u201ezdradzonych o \u015bwicie\u201d jest oskar\u017ceniem w\u0142adz pa\u0144stwowych o zdrad\u0119 g\u0142\u00f3wn\u0105, o spisek z Rosj\u0105 przeciwko Polsce i polskiemu prezydentowi. Has\u0142a manifestant\u00f3w, w rodzaju \u201eTusk pod s\u0105d\u201d dobrze oddaj\u0105 intencje zgromadzenia w Sali Kongresowej i przed Pa\u0142acem Prezydenckim. M\u00f3wienie o tych, kt\u00f3rzy \u201echcieli zabi\u0107 pami\u0119\u0107\u201d jest insynuacj\u0105 \u2013 oficjalne obchody rocznicy by\u0142y zorganizowane z rozmachem, nie m\u00f3wi\u0105c o ods\u0142anianych tablicach etc. To raczej prezes manipuluje pami\u0119ci\u0105 o zmar\u0142ych przeciwko \u017cyj\u0105cym.<\/p>\n<p>Przed pa\u0142acem prezes du\u017co m\u00f3wi\u0142 o szacunku, o tym, \u017ce kto nie szanuje siebie (czytaj: Polski) tego nie szanuj\u0105 inni (czytaj: Rosja, Niemcy). Tymczasem to prezes nie szanuje tych, z kt\u00f3rymi nie jest mu po drodze &#8211;\u00a0 od prezydenta do premiera, od\u00a0 Kluzik-Rostkowskiej do Putina, i do Ziobry, kt\u00f3rego wys\u0142a\u0142 na nauk\u0119 angielskiego. Jego t\u0119sknota do \u201eelity czystej\u201d wywo\u0142uje jak najgorsze skojarzenia, nawet je\u017celi przez\u00a0 \u201eczysto\u015b\u0107\u201d JK rozumie brak powi\u0105za\u0144 z \u201etamtymi czasami\u201d. Pomijam ju\u017c, \u017ce to jest g\u0142upota, poniewa\u017c wielu wspania\u0142ych cz\u0142onk\u00f3w obecnej elity \u015bwietnie pami\u0119ta tamte czasy, nie narodzi\u0142o si\u0119 wczoraj. A w\u015br\u00f3d m\u0142odej \u201eelity\u201d, tej z lat 90.,\u00a0 nie brak ludzi, kt\u00f3rzy chwa\u0142y\u00a0 nie przynosz\u0105.\u00a0 Gadanie o tym, \u017ce \u201eten dom musi by\u0107 nasz!\u201d jest bez sensu \u2013 zawsze b\u0119d\u0105 niezadowoleni. Tyle, \u017ce prezes wykorzystuje zako\u0144czenie \u017ca\u0142oby do propagandy partyjnej. Ten dom \u201ejego\u201d ju\u017c by\u0142, nic dziwnego, \u017ce t\u0119skni do powrotu IV RP, kt\u00f3ra nast\u0119pnym razem \u201emusi si\u0119 uda\u0107\u201d. Mimo post-\u017ca\u0142obnej atmosfery, prezes nie omieszka\u0142 uj\u0105\u0107 si\u0119 za wykluczonymi, za biedot\u0105, kt\u00f3rej niedobra w\u0142adza si\u0119ga do kieszeni. Nie zabrak\u0142o te\u017c insynuacji w rodzaju \u201edomy\u015blamy si\u0119\u201d dlaczego zdarzy\u0142 si\u0119 Smole\u0144sk.<\/p>\n<p>W rok po katastrofie, prezes pokaza\u0142, \u017ce zn\u00f3w jest sob\u0105, \u017ce teraz dopiero si\u0119 zacznie. Przed Pa\u0142acem Prezydenckim urz\u0105dzi\u0142 wiec partyjny, mityng wyborczy, kt\u00f3ry \u2013 miejmy nadziej\u0119 \u2013 wi\u0119cej os\u00f3b zrazi\u0142 ni\u017c pozyska\u0142. \u0179le si\u0119 sta\u0142o, \u017ce tego samego dnia wybuch\u0142a afera z tablic\u0105 pami\u0105tkow\u0105 w Smole\u0144sku. Polska wdowa (-wy), na w\u0142asn\u0105 r\u0119k\u0119, zainstalowa\u0142a tablic\u0119, w kt\u00f3rej zbrodnie katy\u0144sk\u0105 uznaje za ludob\u00f3jstwo, cho\u0107 jest to kwestia sporna, takie autorytety jak znawca Rosji, b. doradca prezydenta Reagana, prof. Richard Pipes i prof. Andrzej Paczkowski, s\u0105\u00a0 innego zdania. Innego zdania jest te\u017c Rosja, w kt\u00f3rej pani Kurtyka zainstalowa\u0142a sporn\u0105 tablic\u0119 bez zgody gospodarzy. (Ciekawe, czy w rewan\u017cu Rosjanie zaczn\u0105 instalowa\u0107 swoje tablice w Polsce.) Rosjanie kilkakrotnie poruszali spraw\u0119 tablicy, polskie w\u0142adze znalaz\u0142y si\u0119 w trudnej sytuacji &#8211;\u00a0 zdj\u0105\u0107 tablic\u0119, to \u201eulec Ruskim, zak\u0142amywa\u0107 wraz z nimi Katy\u0144\u201d, nie rusza\u0107 tablicy \u2013 to narazi\u0107 stosunki z Rosj\u0105 i pozwoli\u0107 si\u0119 upokorzy\u0107. St\u0105d ju\u017c krok do gadaniny prezesa, \u017ce ci, kt\u00f3rzy \u201echy\u0142kiem\u2019 zawiesili tablic\u0119 na Krakowskim i ci, kt\u00f3rzy \u201echy\u0142kiem\u201d usun\u0119li polska tablic\u0119 w Smole\u0144sku, to jedna sitwa. Miedwiediew nie m\u00f3g\u0142 z\u0142o\u017cy\u0107 kwiat\u00f3w przed tablic\u0105 z ludob\u00f3jstwem, a Komorowski \u2013 przeciwnie, nie m\u00f3g\u0142 ich z\u0142o\u017cy\u0107 przed tablic\u0105 rosyjsk\u0105.\u00a0 Rosjanie bezwzgl\u0119dnie wykorzystali sytuacj\u0119. PiS ma to, co chcia\u0142 \u2013 zagro\u017cenie stosunk\u00f3w z Rosj\u0105. Tak to jest, kiedy polityk\u0119 zagraniczn\u0105 zaczynaj\u0105 prowadzi\u0107 wdowy, a nasze w\u0142adze na to pozwalaj\u0105.<\/p>\n","protected":false},"excerpt":{"rendered":"<p>Prezes Kaczy\u0144ski powinien si\u0119 wstydzi\u0107, \u017ce przeznaczy\u0142 rocznic\u0119 \u015bmierci swojego brata, bratowej i 94 innych os\u00f3b, na wiec partyjny, \u017ce zgromadzenie pami\u0119ci przekszta\u0142ci\u0142 w wiec wyborczy, \u017ce zamiast portret\u00f3w zmar\u0142ych, niesiono obra\u017aliwe transparenty i napisy. Dotychczas stara\u0142em si\u0119 sw\u00f3j krytycyzm wobec prezes miarkowa\u0107, szczeg\u00f3lnie w okresie \u017ca\u0142oby, ale teraz czas powiedzie\u0107, \u017ce mamy do czynienia [&hellip;]<\/p>\n","protected":false},"author":4,"featured_media":0,"comment_status":"open","ping_status":"open","sticky":false,"template":"","format":"standard","meta":{"footnotes":""},"categories":[1],"tags":[],"_links":{"self":[{"href":"https:\/\/blog.polityka.pl\/passent\/wp-json\/wp\/v2\/posts\/855"}],"collection":[{"href":"https:\/\/blog.polityka.pl\/passent\/wp-json\/wp\/v2\/posts"}],"about":[{"href":"https:\/\/blog.polityka.pl\/passent\/wp-json\/wp\/v2\/types\/post"}],"author":[{"embeddable":true,"href":"https:\/\/blog.polityka.pl\/passent\/wp-json\/wp\/v2\/users\/4"}],"replies":[{"embeddable":true,"href":"https:\/\/blog.polityka.pl\/passent\/wp-json\/wp\/v2\/comments?post=855"}],"version-history":[{"count":3,"href":"https:\/\/blog.polityka.pl\/passent\/wp-json\/wp\/v2\/posts\/855\/revisions"}],"predecessor-version":[{"id":858,"href":"https:\/\/blog.polityka.pl\/passent\/wp-json\/wp\/v2\/posts\/855\/revisions\/858"}],"wp:attachment":[{"href":"https:\/\/blog.polityka.pl\/passent\/wp-json\/wp\/v2\/media?parent=855"}],"wp:term":[{"taxonomy":"category","embeddable":true,"href":"https:\/\/blog.polityka.pl\/passent\/wp-json\/wp\/v2\/categories?post=855"},{"taxonomy":"post_tag","embeddable":true,"href":"https:\/\/blog.polityka.pl\/passent\/wp-json\/wp\/v2\/tags?post=855"}],"curies":[{"name":"wp","href":"https:\/\/api.w.org\/{rel}","templated":true}]}}