
{"id":865,"date":"2011-04-17T23:35:27","date_gmt":"2011-04-17T21:35:27","guid":{"rendered":"http:\/\/passent.blog.polityka.pl\/?p=865"},"modified":"2011-04-17T23:35:27","modified_gmt":"2011-04-17T21:35:27","slug":"komorowski-trzymaj-sie","status":"publish","type":"post","link":"https:\/\/blog.polityka.pl\/passent\/2011\/04\/17\/komorowski-trzymaj-sie\/","title":{"rendered":"Komorowski &#8211; trzymaj si\u0119!"},"content":{"rendered":"<p>W sytuacji kiedy rz\u0105d zm\u0119czony jest ponad trzyletnim sprawowaniem w\u0142adzy, kiedy Donald Tusk straci\u0142 impet, kiedy osoby takie jak pose\u0142 Gowin demonstracyjnie dystansuj\u0105 si\u0119 od w\u0142asnej partii, kiedy prawo i dobre obyczaje gwa\u0142cone s\u0105 na ka\u017cdym kroku, kiedy napi\u0119cie wzrasta, a nie maleje \u2013 ro\u015bnie rola prezydenta Komorowskiego.\u00a0 W jednym z ostatnich wywiad\u00f3w Komorowski s\u0142usznie powiedzia\u0142, \u017ce \u015brodowiska sprzed Pa\u0142acu Prezydenckiego nie da si\u0119 usatysfakcjonowa\u0107, i to trzeba widzie\u0107, a\u00a0 nie ukrywa\u0107. Ilo\u015b\u0107 gest\u00f3w, jakie wykona\u0142o pa\u0144stwo polskie pod adresem ofiar tragedii oraz ich bliskich, jest ogromna, ale dla pewnych ludzi zawsze b\u0119dzie niewystarczaj\u0105ca, wymuszona, nieszczera.\u00a0 Nie ma takiego projektu pomnika, nie b\u0119dzie te\u017c takiego raportu komisji Millera, kt\u00f3ry\u00a0 zosta\u0142by zaakceptowany przez niez\u0142omnych z Krakowskiego Przedmie\u015bcia, na czele z ich prezesem. Ci ludzie staj\u0105 na g\u0142owie, \u017ceby podsyca\u0107 konflikt. Ich fantazja jest nieograniczona \u2013 od \u201enamiotu pe\u0142nego nienawi\u015bci\u201d (Komorowski) w Warszawie, po agenta Tomka na wystawie smole\u0144skiej w Brukseli i niefortunn\u0105 tablica w Smole\u0144sku. \u015arodowisko to jest coraz bardziej o\u015bmielone.<\/p>\n<p>Przeskakiwanie przez barierki w wykonaniu pos\u0142\u00f3w PiS na Krakowskim Przedmie\u015bciu to kpiny z praworz\u0105dno\u015bci i \u015bwietny wz\u00f3r dla kiboli. Zgadzam si\u0119 z Markiem Siwcem, kt\u00f3ry w programie Moniki Olejnik \u201eSi\u00f3dmy dzie\u0144 tygodnia\u201d m\u00f3wi\u0142 dzisiaj o \u201ekryterium ulicznym\u201d. Ju\u017c od roku PIS wyprowadza polityk\u0119 na ulice, a ma w tym do\u015bwiadczenie jeszcze z czas\u00f3w palenia kuk\u0142y Wa\u0142\u0119sy, koczowania przed domem Tuska itp. Warto pami\u0119ta\u0107, \u017ce w kraju, w kt\u00f3rym wi\u0119kszo\u015b\u0107 jest zagubiona, rozproszona, pozbawiona przyw\u00f3dztwa, wystarczy dobrze zorganizowana, zdeterminowana mniejszo\u015b\u0107, \u017ceby zburzy\u0107 istniej\u0105cy porz\u0105dek i narzuci\u0107 swoj\u0105 wol\u0119. Je\u017celi po wyborach Platforma straci w\u0142adz\u0119, nawet niekoniecznie na rzecz PiS, to niez\u0142omni b\u0119d\u0105 jeszcze bardziej rozochoceni. Prezydent stanie si\u0119 ostatnim stra\u017cnikiem prawa i Konstytucji. Ten prezydent, kt\u00f3ry pope\u0142nia gafy, od czasu do czasu kiksuje, bywa nieporadny \u2013 stanie si\u0119 ostatni\u0105 instancj\u0105, tak jak to by\u0142o w sprawie krzy\u017ca przed Pa\u0142acem Prezydenckim, kiedy opu\u015bcili\u00a0 go wszyscy &#8211;\u00a0 Ko\u015bci\u00f3\u0142, rz\u0105d i ratusz. I tak jak jest teraz, kiedy \u201epartia i rz\u0105d\u201d chowaj\u0105 g\u0142ow\u0119 w piasek. Dobrze, \u017ce przynajmniej prezydent ma odwag\u0119 m\u00f3wi\u0107, \u017ce czarne jest czarne.<\/p>\n<p>PS: \u201eMagrud\u201d: Dzi\u0119ki!<\/p>\n","protected":false},"excerpt":{"rendered":"<p>W sytuacji kiedy rz\u0105d zm\u0119czony jest ponad trzyletnim sprawowaniem w\u0142adzy, kiedy Donald Tusk straci\u0142 impet, kiedy osoby takie jak pose\u0142 Gowin demonstracyjnie dystansuj\u0105 si\u0119 od w\u0142asnej partii, kiedy prawo i dobre obyczaje gwa\u0142cone s\u0105 na ka\u017cdym kroku, kiedy napi\u0119cie wzrasta, a nie maleje \u2013 ro\u015bnie rola prezydenta Komorowskiego.\u00a0 W jednym z ostatnich wywiad\u00f3w Komorowski s\u0142usznie [&hellip;]<\/p>\n","protected":false},"author":4,"featured_media":0,"comment_status":"open","ping_status":"open","sticky":false,"template":"","format":"standard","meta":{"footnotes":""},"categories":[1],"tags":[],"_links":{"self":[{"href":"https:\/\/blog.polityka.pl\/passent\/wp-json\/wp\/v2\/posts\/865"}],"collection":[{"href":"https:\/\/blog.polityka.pl\/passent\/wp-json\/wp\/v2\/posts"}],"about":[{"href":"https:\/\/blog.polityka.pl\/passent\/wp-json\/wp\/v2\/types\/post"}],"author":[{"embeddable":true,"href":"https:\/\/blog.polityka.pl\/passent\/wp-json\/wp\/v2\/users\/4"}],"replies":[{"embeddable":true,"href":"https:\/\/blog.polityka.pl\/passent\/wp-json\/wp\/v2\/comments?post=865"}],"version-history":[{"count":3,"href":"https:\/\/blog.polityka.pl\/passent\/wp-json\/wp\/v2\/posts\/865\/revisions"}],"predecessor-version":[{"id":868,"href":"https:\/\/blog.polityka.pl\/passent\/wp-json\/wp\/v2\/posts\/865\/revisions\/868"}],"wp:attachment":[{"href":"https:\/\/blog.polityka.pl\/passent\/wp-json\/wp\/v2\/media?parent=865"}],"wp:term":[{"taxonomy":"category","embeddable":true,"href":"https:\/\/blog.polityka.pl\/passent\/wp-json\/wp\/v2\/categories?post=865"},{"taxonomy":"post_tag","embeddable":true,"href":"https:\/\/blog.polityka.pl\/passent\/wp-json\/wp\/v2\/tags?post=865"}],"curies":[{"name":"wp","href":"https:\/\/api.w.org\/{rel}","templated":true}]}}