
{"id":869,"date":"2011-04-21T23:41:12","date_gmt":"2011-04-21T21:41:12","guid":{"rendered":"http:\/\/passent.blog.polityka.pl\/?p=869"},"modified":"2011-04-21T23:43:36","modified_gmt":"2011-04-21T21:43:36","slug":"jajeczko-kulturalne","status":"publish","type":"post","link":"https:\/\/blog.polityka.pl\/passent\/2011\/04\/21\/jajeczko-kulturalne\/","title":{"rendered":"Jajeczko kulturalne"},"content":{"rendered":"<p>Przepraszam za kilkudniow\u0105 nieobecno\u015b\u0107, ale wszystkiemu winien Beethoven. Ja ju\u017c jestem w\u00a0 \u015bwi\u0105tecznym nastroju, zanurzy\u0142em si\u0119 w kulturze, \u017ceby zmy\u0107 te brudy, kt\u00f3rymi zajmujemy si\u0119 tutaj na co dzie\u0144. A poniewa\u017c niekt\u00f3rzy z Pa\u0144stwa popieraj\u0105 pisanie od czasu do czasu o kulturze i sztuce, wi\u0119c do rzeczy.<\/p>\n<p>W Warszawie trwa XV Festiwal Beethovenowski, kt\u00f3remu dowodzi El\u017cbieta Penderecka, dzisiaj na koncercie widzia\u0142em te\u017c Szanownego Ma\u0142\u017conka. Jest to gigantyczne przedsi\u0119wzi\u0119cie artystyczne, logistyczne i finansowe, kt\u00f3rego \u2013 jak pami\u0119tamy \u2013 Krak\u00f3w nie ud\u017awign\u0105\u0142, wzi\u0119\u0142a wi\u0119c Warszawa. By\u0142em na dw\u00f3ch koncertach Narodowej Orkiestry Symfonicznej Polskiego radia w Katowicach. Publiczno\u015b\u0107 wita\u0142a, a potem dzi\u0119kowa\u0142a tej orkiestrze tak serdecznie, jak gdyby chcia\u0142a nie tylko nagrodzi\u0107 jej mistrzostwo, ale i wynagrodzi\u0107 niestosowne uwagi o \u015al\u0105zakach. Zreszt\u0105, je\u017celi chodzi o muzyk\u0119, to nie mam nic przeciwko temu, \u017ceby \u015al\u0105zacy byli \u201ezakamuflowanymi Niemcami\u201d. Grali (\u201edawali\u201d \u2013 jak si\u0119 kiedy\u015b m\u00f3wi\u0142o) m.in. \u015awi\u0119to Wiosny, Strawi\u0144skiego, Pie\u015bni Mahlera i III Symfoni\u0119 Liszta. Dwa wspania\u0142e wieczory, dzisiejszy dodatkowo u\u015bwietniony przez prezydenta Komorowskiego z Ma\u0142\u017conk\u0105. Ale koncert dzisiejszy (Mahler i Liszt) ci\u0119\u017cki, dramatyczny i d\u0142ugi, prezydent m\u00f3g\u0142 si\u0119 zamy\u015ble\u0107 (a jest nad czym, ale o tym dzisiaj \u201esza!\u201d).<\/p>\n<p>Amatorom \u015bwietnego teatru i znakomitej zabawy polecam \u201e32 omdlenia\u201d Czechowa w Teatrze Polonia. Genialne przedstawienie trzech utwor\u00f3w (Nied\u017awied\u017a, O\u015bwiadczyny, Historia zakulisowa) w mistrzowskim wykonaniu Krystyny Jandy, Jerzego Stuhra oraz Ignacego Gogolewskiego. Janda wspania\u0142a, \u201eGogol\u201d \u2013 mimo swojego\u00a0 wieku \u2013 rewelacyjny, a Stuhr \u2013 brawurowy (\u201eDwana\u015bcie kobiet porzuci\u0142em, a dziewi\u0119\u0107 mnie porzuci\u0142o\u201d). Pierwsze dwie cz\u0119\u015bci s\u0105 tak komiczne, \u017ce \u015bmia\u0142em si\u0119 a\u017c za g\u0142o\u015bno i s\u0105dzi\u0142em, \u017ce b\u0119d\u0119 musia\u0142 wyj\u015b\u0107 z sali, bo przeszkadzam \u015bmia\u0107 si\u0119 innym. Chyba nawet sama Krystyna Janda na scenie te\u017c z trudem powstrzymywa\u0142a \u015bmiech. \u017badnej dekoracji, \u017cadnej scenografii, tylko trzy krzes\u0142a, ale jaki teatr! Jaka literatura! Gor\u0105co polecam. Satysfakcja gwarantowana.<\/p>\n<p>Podobnie jak z lektury Mariusza Szczyg\u0142a \u201eZr\u00f3b sobie raj\u201d. To ju\u017c g\u0142o\u015bna, druga z kolei ksi\u0105zka tego autora o braciach Czechach. Pierwsza (\u201eGotland\u201d)\u00a0 by\u0142a bestsellerem, zosta\u0142a prze\u0142o\u017cona na\u00a0 wiele j\u0119zyk\u00f3w i ukaza\u0142a si\u0119 w kilkunastu krajach. W drugiej mamy wszystkie najlepsze cechy pisarstwa autora \u2013 \u015bwietne poczucie humoru, zmys\u0142 obserwacyjny, ciep\u0142\u0105 narracj\u0119 na zmian\u0119 z lekka ironi\u0105, i to wszystko w trudnej sk\u0105din\u0105d tematyce wiary i obyczaj\u00f3w. R\u0119ce same sk\u0142adaj\u0105 si\u0119 do oklask\u00f3w.<\/p>\n<p>Udanych, kulturalnych \u015bwiat, \u017cycz\u0119 ca\u0142emu blokowisku!<\/p>\n","protected":false},"excerpt":{"rendered":"<p>Przepraszam za kilkudniow\u0105 nieobecno\u015b\u0107, ale wszystkiemu winien Beethoven. Ja ju\u017c jestem w\u00a0 \u015bwi\u0105tecznym nastroju, zanurzy\u0142em si\u0119 w kulturze, \u017ceby zmy\u0107 te brudy, kt\u00f3rymi zajmujemy si\u0119 tutaj na co dzie\u0144. A poniewa\u017c niekt\u00f3rzy z Pa\u0144stwa popieraj\u0105 pisanie od czasu do czasu o kulturze i sztuce, wi\u0119c do rzeczy. W Warszawie trwa XV Festiwal Beethovenowski, kt\u00f3remu dowodzi [&hellip;]<\/p>\n","protected":false},"author":4,"featured_media":0,"comment_status":"open","ping_status":"open","sticky":false,"template":"","format":"standard","meta":{"footnotes":""},"categories":[1],"tags":[],"_links":{"self":[{"href":"https:\/\/blog.polityka.pl\/passent\/wp-json\/wp\/v2\/posts\/869"}],"collection":[{"href":"https:\/\/blog.polityka.pl\/passent\/wp-json\/wp\/v2\/posts"}],"about":[{"href":"https:\/\/blog.polityka.pl\/passent\/wp-json\/wp\/v2\/types\/post"}],"author":[{"embeddable":true,"href":"https:\/\/blog.polityka.pl\/passent\/wp-json\/wp\/v2\/users\/4"}],"replies":[{"embeddable":true,"href":"https:\/\/blog.polityka.pl\/passent\/wp-json\/wp\/v2\/comments?post=869"}],"version-history":[{"count":3,"href":"https:\/\/blog.polityka.pl\/passent\/wp-json\/wp\/v2\/posts\/869\/revisions"}],"predecessor-version":[{"id":873,"href":"https:\/\/blog.polityka.pl\/passent\/wp-json\/wp\/v2\/posts\/869\/revisions\/873"}],"wp:attachment":[{"href":"https:\/\/blog.polityka.pl\/passent\/wp-json\/wp\/v2\/media?parent=869"}],"wp:term":[{"taxonomy":"category","embeddable":true,"href":"https:\/\/blog.polityka.pl\/passent\/wp-json\/wp\/v2\/categories?post=869"},{"taxonomy":"post_tag","embeddable":true,"href":"https:\/\/blog.polityka.pl\/passent\/wp-json\/wp\/v2\/tags?post=869"}],"curies":[{"name":"wp","href":"https:\/\/api.w.org\/{rel}","templated":true}]}}