
{"id":878,"date":"2011-05-03T21:05:02","date_gmt":"2011-05-03T19:05:02","guid":{"rendered":"http:\/\/passent.blog.polityka.pl\/?p=878"},"modified":"2011-05-03T21:05:02","modified_gmt":"2011-05-03T19:05:02","slug":"mowimy-%e2%80%9epolska%e2%80%9d-a-w-domysle%e2%80%a6","status":"publish","type":"post","link":"https:\/\/blog.polityka.pl\/passent\/2011\/05\/03\/mowimy-%e2%80%9epolska%e2%80%9d-a-w-domysle%e2%80%a6\/","title":{"rendered":"M\u00f3wimy \u201ePolska\u201d, a w domy\u015ble\u2026"},"content":{"rendered":"<p>Moje trzy grosze do wypowiedzi prezydenta i premiera z okazji rocznicy Konstytucji 3 Maja, a tak\u017ce by\u0107 mo\u017ce z okazji beatyfikacji Jana Paw\u0142a II.<\/p>\n<p>Prezydent Komorowski s\u0142usznie upomnia\u0142 si\u0119 o Polsk\u0119, kt\u00f3r\u0105 prezes Kaczy\u0144ski coraz bardziej uto\u017csamia z sob\u0105 i ze swoja parti\u0105. Komorowski dobrze m\u00f3wi\u0142, \u017ce \u201enikt nie ma Polski na w\u0142asno\u015b\u0107\u201d, a tak\u017ce powiedzia\u0142, \u017ce \u201eserce boli\u201d, gdy \u201e\u015bwi\u0119te s\u0142owa \u2018Ojczyzn\u0119 woln\u0105 racz nam wr\u00f3ci\u0107 Panie\u2019\u201d\u00a0 \u015bpiewane s\u0105 przeciw wsp\u00f3\u0142czesnej, wolnej przecie\u017c, Polsce. Nawo\u0142ywa\u0142 do wi\u0119kszej dumy z Polski obecnej, \u017ceby mniej by\u0142o pesymizmu wzajemnych oskar\u017ce\u0144, a wi\u0119cej zadowolenia z osi\u0105gni\u0119\u0107. W ustach prezydenta takie podej\u015bcie nie jest zaskakuj\u0105ce.<\/p>\n<p>Wyst\u0105pienie prezydenta by\u0142o polemik\u0105\u00a0 ze stanowiskiem PiS, wedle kt\u00f3rego\u00a0 obecna, III RP, coraz bardziej schodzi na psy,\u00a0 jest jakim\u015b wynaturzeniem, na pewno nie pa\u0144stwem suwerennym ,\u00a0 rz\u0105dzonym przez demokratycznie wybranych przyw\u00f3dc\u00f3w, i to rz\u0105dzonym z mniejszym lub wi\u0119kszym powodzeniem. Katastrofa smole\u0144ska jest \u015bwietnym tego przyk\u0142adem i dlatego b\u0119dzie eksploatowana bez ko\u0144ca.<\/p>\n<p>Podobne nuty znalaz\u0142y si\u0119 w obszernej rozmowie Donalda Tuska z Tomaszem Lisem w TVP. Premier \u017cartowa\u0142 z J. Kaczy\u0144skiego, kt\u00f3ry jakoby wymy\u015bli\u0142 \u201epatent na Polaka\u201d, patent, w kt\u00f3rym on sam, Donald Tusk, si\u0119 nie\u00a0 mie\u015bci. \u201eNie jestem wielkim nauczycielem narodu polskiego\u201d. Je\u015bli nie spe\u0142nia tego warunku, to widocznie nie nadaje si\u0119 na premiera \u2013 powiedzia\u0142. W\u0142adza \u2013 kontynuowa\u0142 Tusk \u2013 nie powinna ludziom m\u00f3wi\u0107, jacy maj\u0105 by\u0107, to dziedzictwo \u201epo ob\u0142\u0119dnych ideologiach XX wieku\u201d.<\/p>\n<p>Dobrze, \u017ce prezydent i premier upomnieli si\u0119 o Polsk\u0119 i staraj\u0105 si\u0119 z\u0142ama\u0107 monopol na patriotyzm, jaki usi\u0142uje stworzy\u0107 prawica. Wypowiedzi Komorowskiego i Tuska w tej sprawie s\u0105 trafne i na czasie. S\u0142uchaj\u0105c obu polityk\u00f3w, mo\u017cna by\u0142o odnie\u015b\u0107 wra\u017cenie, \u017ce s\u0142owa swoje kieruj\u0105 przede wszystkim do prezesa Kaczy\u0144skiego i jego wyznawc\u00f3w.<\/p>\n<p>\u201eSo far &#8211; so good\u201d,\u00a0 jak m\u00f3wi\u0105 Anglosasi. Niestety, reszta wyst\u0105pienia Donalda Tuska, by\u0142a co prawda s\u0142uszna, ale nie porywaj\u0105ca. Tusk broni\u0142 swojej filozofii ma\u0142ych krok\u00f3w, pozytywnego podej\u015bcia mimo ci\u0119\u017ckiej atmosfery, powo\u0142ywa\u0142 si\u0119 na budowane autostrady, stadiony,\u00a0 boiska i przedszkola. Wszystko to prawda, ale brak mi by\u0142o jakiego\u015b\u00a0 porywaj\u0105cego konkretu, celu, ba, a mo\u017ce nawet has\u0142a. (Podoba\u0142 mi si\u0119 brak oznak rado\u015bci w tym, co m\u00f3wi\u0142 premier o zabiciu ibn Ladena). Podczas gdy opozycja bez przerwy m\u00f3wi o Polsce i o Smole\u0144sku, premier m\u00f3wi wy\u0142\u0105cznie o prozie \u017cycia, o sprawach praktycznych, przyziemnych. Tusk celowo kontrastuje sw\u00f3j pragmatyzm z populizmem i z demagogi\u0105. Co wi\u0119cej \u2013 forma dostosowana jest u Tuska do tre\u015bci. By\u0142 bardzo stonowany, matowy, za grosz porywaj\u0105cy. Zupe\u0142nie nie jak przyw\u00f3dca obozu rz\u0105dz\u0105cego na p\u00f3\u0142 roku przed wyborami. Zr\u0119cznie omija\u0142 rafy w pytaniach (pomnik LK? Koalicja PO \u2013 SLD?), jak dobry narciarz &#8211; nie mia\u0142 \u017cadnego upadku ani nie wypad\u0142 z bramki, ale jego przejazd po prostu si\u0119 d\u0142u\u017cy\u0142.<\/p>\n","protected":false},"excerpt":{"rendered":"<p>Moje trzy grosze do wypowiedzi prezydenta i premiera z okazji rocznicy Konstytucji 3 Maja, a tak\u017ce by\u0107 mo\u017ce z okazji beatyfikacji Jana Paw\u0142a II. Prezydent Komorowski s\u0142usznie upomnia\u0142 si\u0119 o Polsk\u0119, kt\u00f3r\u0105 prezes Kaczy\u0144ski coraz bardziej uto\u017csamia z sob\u0105 i ze swoja parti\u0105. Komorowski dobrze m\u00f3wi\u0142, \u017ce \u201enikt nie ma Polski na w\u0142asno\u015b\u0107\u201d, a tak\u017ce [&hellip;]<\/p>\n","protected":false},"author":4,"featured_media":0,"comment_status":"open","ping_status":"open","sticky":false,"template":"","format":"standard","meta":{"footnotes":""},"categories":[1],"tags":[],"_links":{"self":[{"href":"https:\/\/blog.polityka.pl\/passent\/wp-json\/wp\/v2\/posts\/878"}],"collection":[{"href":"https:\/\/blog.polityka.pl\/passent\/wp-json\/wp\/v2\/posts"}],"about":[{"href":"https:\/\/blog.polityka.pl\/passent\/wp-json\/wp\/v2\/types\/post"}],"author":[{"embeddable":true,"href":"https:\/\/blog.polityka.pl\/passent\/wp-json\/wp\/v2\/users\/4"}],"replies":[{"embeddable":true,"href":"https:\/\/blog.polityka.pl\/passent\/wp-json\/wp\/v2\/comments?post=878"}],"version-history":[{"count":2,"href":"https:\/\/blog.polityka.pl\/passent\/wp-json\/wp\/v2\/posts\/878\/revisions"}],"predecessor-version":[{"id":880,"href":"https:\/\/blog.polityka.pl\/passent\/wp-json\/wp\/v2\/posts\/878\/revisions\/880"}],"wp:attachment":[{"href":"https:\/\/blog.polityka.pl\/passent\/wp-json\/wp\/v2\/media?parent=878"}],"wp:term":[{"taxonomy":"category","embeddable":true,"href":"https:\/\/blog.polityka.pl\/passent\/wp-json\/wp\/v2\/categories?post=878"},{"taxonomy":"post_tag","embeddable":true,"href":"https:\/\/blog.polityka.pl\/passent\/wp-json\/wp\/v2\/tags?post=878"}],"curies":[{"name":"wp","href":"https:\/\/api.w.org\/{rel}","templated":true}]}}