
{"id":885,"date":"2011-05-11T12:09:12","date_gmt":"2011-05-11T10:09:12","guid":{"rendered":"http:\/\/passent.blog.polityka.pl\/?p=885"},"modified":"2011-05-11T12:09:12","modified_gmt":"2011-05-11T10:09:12","slug":"kazedmu-wedlug-potrzeb","status":"publish","type":"post","link":"https:\/\/blog.polityka.pl\/passent\/2011\/05\/11\/kazedmu-wedlug-potrzeb\/","title":{"rendered":"KA\u017bEDMU WED\u0141UG POTRZEB"},"content":{"rendered":"<p>Wydawa\u0142o si\u0119, \u017ce komunizm jest martwy, a tymczasem zasada \u201eOd ka\u017cdego wed\u0142ug jego mo\u017cliwo\u015bci \u2013 ka\u017cdemu wed\u0142ug jego potrzeb\u201d nadal obowi\u0105zuje. Donald Tusk zauwa\u017cy\u0142, \u017ce pose\u0142 Bartosz Ar\u0142ukowicz, marnuje si\u0119 w SLD, gdzie nie jest wykorzystywany \u201ewed\u0142ug jego mo\u017cliwo\u015bci\u201d. Pose\u0142 czu\u0142, \u017ce jego mo\u017cliwo\u015bci przekraczaj\u0105 sufit, kt\u00f3ry nad nim rozci\u0105gn\u0105\u0142 Grzegorz Napieralski, wyznaczaj\u0105c mu ewentualnie miejsce na li\u015bcie kandydat\u00f3w z Gdyni, podczas gdy elektorat B.A. jest w rodzinnym Szczecinie, albo w Warszawie. Mo\u017cliwo\u015bci i potrzeby Ar\u0142ukowicza przeros\u0142y ramy SLD, gdzie Napieralski nie m\u00f3g\u0142 go \u201ewystawi\u0107\u201d w Szczecinie, usi\u0142owa\u0142 go skierowa\u0107 na tor samorz\u0105dowy, s\u0142owem\u00a0 pose\u0142, kt\u00f3ry bardzo zm\u0119\u017cnia\u0142 w komisji do spraw afery hazardowej, nie mie\u015bci\u0142 si\u0119 na listach SLD. Z pomoc\u0105 przyszed\u0142 Donald Tusk i Platforma, oferuj\u0105c stanowisko ministra w Kancelarii Premiera (do\u015b\u0107 zreszt\u0105 sztucznie stworzone), ale i miejsce na listach PO. Dla Platformy\u00a0 to posuni\u0119cie bardzo zr\u0119czne: Cios w SLD, wyzwanie dla Napieralskiego w Szczecinie, a tak\u017ce dow\u00f3d, \u017ce Tusk nie tylko wypycha z partii co bardziej nieprzeci\u0119tnych polityk\u00f3w (Olechowski, P\u0142u\u017cy\u0144ski, Rokita), ale umie r\u00f3wnie\u017c przyci\u0105ga\u0107.<\/p>\n<p>Natomiast decyzj\u0119 Ar\u0142ukowicza przyj\u0105\u0142em z mieszanymi uczuciami. Odej\u015bcie z dru\u017cyny w trakcie rozgrywek, przesiadanie si\u0119 z \u0142odzi na \u0142\u00f3d\u017a w trakcie regat, jest dwuznaczne. Ja sam gram w dru\u017cynie \u201ePolityki\u201d od ponad p\u00f3\u0142 wieku i \u017cycz\u0119 Bartoszowi Ar\u0142ukowiczowi, \u017ceby znalaz\u0142 swoje miejsce na politycznej mapie Polski. Ar\u0142ukowicz zd\u0105\u017cy\u0142 ju\u017c wys\u0142a\u0107 strza\u0142\u0119 pod adresem SLD, m\u00f3wi\u0105c, \u017ce z ramienia tej partii musia\u0142 stale g\u0142osowa\u0107 tak jak PiS. Niekt\u00f3rzy pos\u0142owie SLD, w tym wicemarsza\u0142ek Sejmu, prze\u015bcigaj\u0105 si\u0119 w z\u0142o\u015bliwo\u015bciach pod adresem Ar\u0142ukowicza \u2013 rozumiem rozgoryczenie, ale lepiej robi\u0107 dobr\u0105 min\u0119 do z\u0142ej gry, tak jak to zrobi\u0142 Grzegorz Napieralski, dzi\u0119kuj\u0105c pos\u0142owi i wyra\u017caj\u0105c nadziej\u0119, \u017ce ten przyczyni si\u0119 do uchwalenia ustawy o in vitro.<\/p>\n<p>\u00a0W tym kontek\u015bcie my\u015bl\u0119 r\u00f3wnie\u017c o Adamie Bielanie, kt\u00f3ry rozsta\u0142 si\u0119 z PJN i zerka w stron\u0119 PiS. Teraz jego los zale\u017cy od prezesa Kaczy\u0144skiego (by\u0107 mo\u017ce wszystko jest uzgodnione). Bielan z\u0142o\u017cy\u0142 form\u0119 samokrytyki i\u00a0 jak syn marnotrawny czeka pod bram\u0105 PiS, odbywa co\u015b w rodzaju kwarantanny, prezes wpu\u015bci go, kiedy A.B. przestanie pachnie\u0107 perfum\u0105 PJN. Jaros\u0142aw Kaczy\u0144ski mo\u017ce by\u0107 zadowolony \u2013 wraca polityk utalentowany i zarazem upokorzony. Dla PJN, kt\u00f3re walczy i \u017cycie,\u00a0 to dotkliwy cios.<\/p>\n<p>Na koniec zostawi\u0142em logo polskiej prezydencji w Unii. Mo\u017ce nie jest genialne, ale jest dobre, do przyj\u0119cia. Pogodne, optymistyczne, dowcipne (strza\u0142ko-ludziki) i polskie. Krytyka ze strony\u00a0 Moniki\u00a0\u00a0 Ma\u0142kowskiej w \u201eRz\u201d (11 maja) te\u017c interesuj\u0105ca i zr\u0119czna, ale tak mo\u017cna skrytykowa\u0107 ka\u017cde logo. Artysta, Jerzy Janiszewski, stworzy\u0142 logo na miar\u0119 swoich mo\u017cliwo\u015bci, ale nie\u00a0 na miar\u0119 potrzeb dziennikarki. Te b\u0119d\u0105 zaspokojone dopiero w Raju.<\/p>\n","protected":false},"excerpt":{"rendered":"<p>Wydawa\u0142o si\u0119, \u017ce komunizm jest martwy, a tymczasem zasada \u201eOd ka\u017cdego wed\u0142ug jego mo\u017cliwo\u015bci \u2013 ka\u017cdemu wed\u0142ug jego potrzeb\u201d nadal obowi\u0105zuje. Donald Tusk zauwa\u017cy\u0142, \u017ce pose\u0142 Bartosz Ar\u0142ukowicz, marnuje si\u0119 w SLD, gdzie nie jest wykorzystywany \u201ewed\u0142ug jego mo\u017cliwo\u015bci\u201d. Pose\u0142 czu\u0142, \u017ce jego mo\u017cliwo\u015bci przekraczaj\u0105 sufit, kt\u00f3ry nad nim rozci\u0105gn\u0105\u0142 Grzegorz Napieralski, wyznaczaj\u0105c mu ewentualnie [&hellip;]<\/p>\n","protected":false},"author":4,"featured_media":0,"comment_status":"open","ping_status":"open","sticky":false,"template":"","format":"standard","meta":{"footnotes":""},"categories":[1],"tags":[],"_links":{"self":[{"href":"https:\/\/blog.polityka.pl\/passent\/wp-json\/wp\/v2\/posts\/885"}],"collection":[{"href":"https:\/\/blog.polityka.pl\/passent\/wp-json\/wp\/v2\/posts"}],"about":[{"href":"https:\/\/blog.polityka.pl\/passent\/wp-json\/wp\/v2\/types\/post"}],"author":[{"embeddable":true,"href":"https:\/\/blog.polityka.pl\/passent\/wp-json\/wp\/v2\/users\/4"}],"replies":[{"embeddable":true,"href":"https:\/\/blog.polityka.pl\/passent\/wp-json\/wp\/v2\/comments?post=885"}],"version-history":[{"count":2,"href":"https:\/\/blog.polityka.pl\/passent\/wp-json\/wp\/v2\/posts\/885\/revisions"}],"predecessor-version":[{"id":887,"href":"https:\/\/blog.polityka.pl\/passent\/wp-json\/wp\/v2\/posts\/885\/revisions\/887"}],"wp:attachment":[{"href":"https:\/\/blog.polityka.pl\/passent\/wp-json\/wp\/v2\/media?parent=885"}],"wp:term":[{"taxonomy":"category","embeddable":true,"href":"https:\/\/blog.polityka.pl\/passent\/wp-json\/wp\/v2\/categories?post=885"},{"taxonomy":"post_tag","embeddable":true,"href":"https:\/\/blog.polityka.pl\/passent\/wp-json\/wp\/v2\/tags?post=885"}],"curies":[{"name":"wp","href":"https:\/\/api.w.org\/{rel}","templated":true}]}}