
{"id":916,"date":"2011-06-05T23:30:21","date_gmt":"2011-06-05T21:30:21","guid":{"rendered":"http:\/\/passent.blog.polityka.pl\/?p=916"},"modified":"2011-06-05T23:30:21","modified_gmt":"2011-06-05T21:30:21","slug":"kania-kwitnie","status":"publish","type":"post","link":"https:\/\/blog.polityka.pl\/passent\/2011\/06\/05\/kania-kwitnie\/","title":{"rendered":"Kania kwitnie"},"content":{"rendered":"<p>W \u201eGazecie Polskiej\u201d odezwa\u0142a si\u0119 dziennikarka, Dorota Kania, odsuni\u0119ta z TVP (gdzie by\u0142a gwiazd\u0105 Misji Specjalnej), a nawet z tygodnika \u201eWprost\u201d za czas\u00f3w \u017cyczliwego\u00a0 PiS Stanis\u0142awa Janeckiego \u2013 ideowego spadkobiercy Marka Kr\u00f3la. Kania musia\u0142a odej\u015b\u0107, poniewa\u017c prokuratura postawi\u0142a jej kompromituj\u0105cy zarzut \u201epowo\u0142ywania si\u0119 na wp\u0142ywy w instytucji pa\u0144stwowej\u201d. Zajmuj\u0105c si\u0119 jako dziennikarka spraw\u0105 lobbysty, Marka Dochnala, kt\u00f3ry przebywa\u0142 w areszcie, Kania po\u017cyczy\u0142a od jego rodziny \u0107wier\u0107 miliona z\u0142otych, obiecuj\u0105c, \u017ce wstawi si\u0119 za lobbyst\u0105 i poprawi jego los. Chwali\u0142a si\u0119, \u017ce zna premiera Jaros\u0142awa Kaczy\u0144skiego, ministra Sprawiedliwo\u015bci Ziobr\u0119, koordynatora s\u0142u\u017cb min. Wassermanna i inne osobisto\u015bci. Na to konto po\u017cyczy\u0142a jeszcze pieni\u0105dze od adwokatki, kt\u00f3ra reprezentowa\u0142a Dochnala.<\/p>\n<p>Dwa lata temu \u201eGW\u201d,(14 maja 2009), zreferowa\u0142a zarzuty postawione Kani. Prokuratura twierdzi, \u017ce\u00a0 Kania \u201ewywo\u0142a\u0142a przekonanie Aleksandry Dochnal, \u017cony Marka Dochnala, Barbary Pietrzyk, a tak\u017ce obro\u0144c\u00f3w Dochnala (\u2026) o swoich wp\u0142ywach w instytucjach pa\u0144stwowych (\u2026) wielokrotnie powo\u0142uj\u0105c si\u0119\u00a0 na te wp\u0142ywy, zw\u0142aszcza na swoje zwi\u0105zki z Prezydentem RP, Prezesem Rady Ministr\u00f3w,\u00a0 z ministrem Sprawiedliwo\u015bci, z prokuratorem krajowym, z koordynatorem ds. s\u0142u\u017cb specjalnych ora z przedstawicielami ABW, podj\u0119\u0142a si\u0119 po\u015brednictwa w za\u0142atwieniu sprawy uchylenia tymczasowego aresztowania wobec Marka Dochnala w zamian za korzy\u015bci maj\u0105tkowe w \u0142\u0105cznej kwocie 270 tys. z\u0142\u201d.<\/p>\n<p>W czasach PiS, Kania by\u0142a osoba wp\u0142ywow\u0105, \u00d3wczesne w\u0142adze darzy\u0142y j\u0105 zaufaniem. Dzia\u0142a\u0142a dwutorowo, w jednej roli rozmawia\u0142a z ministrem oraz z prokuratorem krajowym, a w drugiej, jako dziennikarka broni\u0142a Dochnala i doprowadzi\u0142a do przeniesienia \u015bledztw do Katowic. Gdy to nie pomog\u0142o, a nawet pogorszy\u0142o sytuacj\u0119 D., \u201ezwr\u00f3ci\u0142a \u2013 jak twierdzi Prokuratura &#8211; zaci\u0105gni\u0119t\u0105 po\u017cyczk\u0119 z ra\u017c\u0105c\u0105 zw\u0142ok\u0105 w ratach i nie z w\u0142asnej inicjatywy, lecz po wielokrotnych zdecydowanych \u017c\u0105daniach\u201d. Nale\u017cy si\u0119 domy\u015bla\u0107, \u017ce odsetek i podatku\u00a0 nie by\u0142o.<\/p>\n<p>\u017bona i te\u015bciowa Dochnala zezna\u0142y: \u201eWydzwania\u0142a i\u00a0 przychodzi\u0142a do domu c\u00f3rki. M\u00f3wi\u0142a, \u017ce zna bardzo wp\u0142ywowe osoby w rz\u0105dzie\u201d. (Bracia Kaczy\u0144scy, Kaczmarek, Ziobro, Wassermann). \u201eM\u00f3wi\u0142a, \u017ce od lat utrzymuje z nimi kontakty i ma zawsze wej\u015bcie. (\u2026) C\u00f3rka nie wyobra\u017ca\u0142a sobie nie udzieli\u0107 jej pomocy\u201d. Aleksandra Dochnala: Kwesti\u0119 po\u017cyczek wi\u0105za\u0142a ze swoimi wp\u0142ywami w ministerstwie. Kania wprost i bezpo\u015brednio m\u00f3wi\u0142a, \u017ce pomo\u017ce uwolni\u0107 mojego m\u0119\u017ca\u201d. \u201eKilka razy p. Kania chwali\u0142a si\u0119 C\u00f3rce, \u017ce idzie na wywiad z premierem (Kaczy\u0144skim \u2013 Pass) i prezydentem oraz, \u017ce podczas\u00a0 tych wywiad\u00f3w znajdzie odpowiedni moment, by porozmawia\u0107 o naszej sprawie\u201d.<\/p>\n<p>Kr\u00f3tko m\u00f3wi\u0105c, kiedy red. Kania przychodzi\u0142a do swoich rozm\u00f3wc\u00f3w, wysoko usytuowanych w IV RP, to oni nie wiedzieli, w jakiej ona wyst\u0119puje roli \u2013 dziennikarki czy lobbystki, nie ca\u0142kiem bezinteresownej.<\/p>\n<p>Kania\u00a0 wszystkiemu zaprzecza, twierdzi \u017ce sprawa jest polityczna. Ciekawe, kiedy i jaki zapadnie wyrok. Na razie Dorota Kania kwitnie w \u201eGazecie Polskiej\u201d i lustruje, jak za swoich najlepszych czas\u00f3w. Czeka j\u0105 proces. Ja mog\u0119 za\u015bwiadczy\u0107, \u017ce kiedy lustrowa\u0142a mnie \u2013 nie pyta\u0142a o pieni\u0105dze.<\/p>\n","protected":false},"excerpt":{"rendered":"<p>W \u201eGazecie Polskiej\u201d odezwa\u0142a si\u0119 dziennikarka, Dorota Kania, odsuni\u0119ta z TVP (gdzie by\u0142a gwiazd\u0105 Misji Specjalnej), a nawet z tygodnika \u201eWprost\u201d za czas\u00f3w \u017cyczliwego\u00a0 PiS Stanis\u0142awa Janeckiego \u2013 ideowego spadkobiercy Marka Kr\u00f3la. Kania musia\u0142a odej\u015b\u0107, poniewa\u017c prokuratura postawi\u0142a jej kompromituj\u0105cy zarzut \u201epowo\u0142ywania si\u0119 na wp\u0142ywy w instytucji pa\u0144stwowej\u201d. Zajmuj\u0105c si\u0119 jako dziennikarka spraw\u0105 lobbysty, Marka [&hellip;]<\/p>\n","protected":false},"author":4,"featured_media":0,"comment_status":"open","ping_status":"open","sticky":false,"template":"","format":"standard","meta":{"footnotes":""},"categories":[1],"tags":[],"_links":{"self":[{"href":"https:\/\/blog.polityka.pl\/passent\/wp-json\/wp\/v2\/posts\/916"}],"collection":[{"href":"https:\/\/blog.polityka.pl\/passent\/wp-json\/wp\/v2\/posts"}],"about":[{"href":"https:\/\/blog.polityka.pl\/passent\/wp-json\/wp\/v2\/types\/post"}],"author":[{"embeddable":true,"href":"https:\/\/blog.polityka.pl\/passent\/wp-json\/wp\/v2\/users\/4"}],"replies":[{"embeddable":true,"href":"https:\/\/blog.polityka.pl\/passent\/wp-json\/wp\/v2\/comments?post=916"}],"version-history":[{"count":2,"href":"https:\/\/blog.polityka.pl\/passent\/wp-json\/wp\/v2\/posts\/916\/revisions"}],"predecessor-version":[{"id":918,"href":"https:\/\/blog.polityka.pl\/passent\/wp-json\/wp\/v2\/posts\/916\/revisions\/918"}],"wp:attachment":[{"href":"https:\/\/blog.polityka.pl\/passent\/wp-json\/wp\/v2\/media?parent=916"}],"wp:term":[{"taxonomy":"category","embeddable":true,"href":"https:\/\/blog.polityka.pl\/passent\/wp-json\/wp\/v2\/categories?post=916"},{"taxonomy":"post_tag","embeddable":true,"href":"https:\/\/blog.polityka.pl\/passent\/wp-json\/wp\/v2\/tags?post=916"}],"curies":[{"name":"wp","href":"https:\/\/api.w.org\/{rel}","templated":true}]}}