
{"id":920,"date":"2011-06-07T22:49:07","date_gmt":"2011-06-07T20:49:07","guid":{"rendered":"http:\/\/passent.blog.polityka.pl\/?p=920"},"modified":"2011-06-07T22:49:07","modified_gmt":"2011-06-07T20:49:07","slug":"kwestia-elegancji","status":"publish","type":"post","link":"https:\/\/blog.polityka.pl\/passent\/2011\/06\/07\/kwestia-elegancji\/","title":{"rendered":"KWESTIA ELEGANCJI"},"content":{"rendered":"<p>Kilka spraw r\u00f3\u017cnej wagi. Zaczn\u0119 od b\u0142ahostki. Odpowiadaj\u0105c na pytania dziennikarzy, premier Tusk m\u00f3wi dzisiaj o swoim ministrze per \u201eGrabarczyk\u201d. Nie \u201epan Grabarczyk\u201d, \u201eminister Grabarczyk\u201d, \u201eCezary Grabarczyk\u201d, ale po prostu \u201eGrabarczyk\u201d. Mnie si\u0119 to nie podoba. To jest niegrzeczne. W wyst\u0105pieniu publicznym premier\u00a0 nie powinien u\u017cywa\u0107 tej formy, to jest po prostu arogancja. Szef rz\u0105du powinien by\u0107 wzorem kultury i elegancji. Pose\u0142 Hofman m\u00f3wi\u0142 dzi\u015b podobnie per \u201eTusk\u201d. Wygadany ten m\u0142odzieniec lekcje kindersztuby pobiera\u0142 chyba u prezesa. Niekt\u00f3rzy ludzie z PiS m\u00f3wi\u0105 nawet \u201eKomorowski\u201d. Wstyd, panowie!<\/p>\n<p>Premier nie powinien by\u0142 tak\u017ce robi\u0107 \u017cart\u00f3w a propos\u00a0 niestosownego sk\u0105din\u0105d ubioru pewnej dziennikarki, kt\u00f3ra przysz\u0142a na konferencj\u0119 prasow\u0105 z go\u0142ymi ramionami. Mam pretensje do premiera za niestosowny \u017cart i do dziennikarki za niestosowny str\u00f3j. Dziennikarze (-ki), kamerzy\u015bci, fotoreporterzy i inne osoby, kt\u00f3re pokazuj\u0105 si\u0119 publicznie, powinni pami\u0119ta\u0107, \u017ce s\u0105 w pracy, cz\u0119sto w miejscach znacz\u0105cych, podczas powa\u017cnych wydarze\u0144, powinni ubiera\u0107 si\u0119 odpowiednio do okoliczno\u015bci. Koszulki typu T-shirt i bluzeczki pla\u017cowe, lub zbyt odwa\u017cne kreacje wieczorowe nie pasuj\u0105 do budynk\u00f3w rz\u0105dowych i do okoliczno\u015bci oficjalnych. Bran\u017ca dziennikarska powinna umie\u0107\u00a0 si\u0119 zachowa\u0107. Byle jakie ubranie, lub m\u00f3wienie per\u00a0 \u201eTusk\u201d, \u201eGrabarczyk\u201d, to upadek dobrych\u00a0 obyczaj\u00f3w. \u201ePanie Tusk\u201d, \u201ePanie Hofman\u201d \u2013 liczcie si\u0119 ze s\u0142owami!<\/p>\n<p>Ze spraw wi\u0119kszej wagi, nie podobaj\u0105 mi si\u0119 pog\u0142oski o mo\u017cliwym przej\u015bciu Joanny Kluzik-Rostkowskiej do Platformy. Dla mnie jest to kwestia elegancji. Jeszcze bardzo niedawno pani J.K.-R. by\u0142a na dworze prezesa PiS, robi\u0142a mu makija\u017c wyborczy, \u017ceby jak najlepiej oszuka\u0107 wyborc\u00f3w. Potem odesz\u0142a do w\u0142asnej partii, przesiad\u0142a si\u0119 na w\u0142asn\u0105 \u0142\u00f3dk\u0119\u00a0 \u2013 to jest OK. Ale gdyby teraz, kiedy jej \u0142\u00f3dka nabiera wody, mia\u0142a porzuci\u0107\u00a0 swoj\u0105 za\u0142og\u0119 i szuka\u0107 ratunku na kr\u0105\u017cowniku Platformy \u2013 to by eleganckie nie by\u0142o. Podobnie jak przesiadka \u201eAr\u0142ukowicza\u201d. Pardon, pos\u0142a i ministra Ar\u0142ukowicza.\u00a0\u00a0\u00a0\u00a0<\/p>\n<p>PS. Z lektury, polecam bardzo ciekawy wywiad z prezydentem Obam\u0105 w dzisiejszej papierowej \u201ePolityce\u201d,\u00a0 nie zdawkowy, konkretny, m.in. w sprawie stosunk\u00f3w z Rosj\u0105 i z Polska, a tak\u017ce nie mniej ciekaw\u0105 rozmow\u0119 z prof. Janem Widackim\u00a0 w \u201ePrzegl\u0105dzie\u201d, uniewinnionym po pi\u0119ciu latach z wszystkich zarzut\u00f3w zmajstrowanych przez IV RP. Gor\u0105co polecam.<\/p>\n","protected":false},"excerpt":{"rendered":"<p>Kilka spraw r\u00f3\u017cnej wagi. Zaczn\u0119 od b\u0142ahostki. Odpowiadaj\u0105c na pytania dziennikarzy, premier Tusk m\u00f3wi dzisiaj o swoim ministrze per \u201eGrabarczyk\u201d. Nie \u201epan Grabarczyk\u201d, \u201eminister Grabarczyk\u201d, \u201eCezary Grabarczyk\u201d, ale po prostu \u201eGrabarczyk\u201d. Mnie si\u0119 to nie podoba. To jest niegrzeczne. W wyst\u0105pieniu publicznym premier\u00a0 nie powinien u\u017cywa\u0107 tej formy, to jest po prostu arogancja. Szef rz\u0105du [&hellip;]<\/p>\n","protected":false},"author":4,"featured_media":0,"comment_status":"open","ping_status":"open","sticky":false,"template":"","format":"standard","meta":{"footnotes":""},"categories":[1],"tags":[],"_links":{"self":[{"href":"https:\/\/blog.polityka.pl\/passent\/wp-json\/wp\/v2\/posts\/920"}],"collection":[{"href":"https:\/\/blog.polityka.pl\/passent\/wp-json\/wp\/v2\/posts"}],"about":[{"href":"https:\/\/blog.polityka.pl\/passent\/wp-json\/wp\/v2\/types\/post"}],"author":[{"embeddable":true,"href":"https:\/\/blog.polityka.pl\/passent\/wp-json\/wp\/v2\/users\/4"}],"replies":[{"embeddable":true,"href":"https:\/\/blog.polityka.pl\/passent\/wp-json\/wp\/v2\/comments?post=920"}],"version-history":[{"count":2,"href":"https:\/\/blog.polityka.pl\/passent\/wp-json\/wp\/v2\/posts\/920\/revisions"}],"predecessor-version":[{"id":922,"href":"https:\/\/blog.polityka.pl\/passent\/wp-json\/wp\/v2\/posts\/920\/revisions\/922"}],"wp:attachment":[{"href":"https:\/\/blog.polityka.pl\/passent\/wp-json\/wp\/v2\/media?parent=920"}],"wp:term":[{"taxonomy":"category","embeddable":true,"href":"https:\/\/blog.polityka.pl\/passent\/wp-json\/wp\/v2\/categories?post=920"},{"taxonomy":"post_tag","embeddable":true,"href":"https:\/\/blog.polityka.pl\/passent\/wp-json\/wp\/v2\/tags?post=920"}],"curies":[{"name":"wp","href":"https:\/\/api.w.org\/{rel}","templated":true}]}}