
{"id":923,"date":"2011-06-09T23:27:21","date_gmt":"2011-06-09T21:27:21","guid":{"rendered":"http:\/\/passent.blog.polityka.pl\/?p=923"},"modified":"2011-06-09T23:29:31","modified_gmt":"2011-06-09T21:29:31","slug":"transfery-%e2%80%93-mniejsze-zlo","status":"publish","type":"post","link":"https:\/\/blog.polityka.pl\/passent\/2011\/06\/09\/transfery-%e2%80%93-mniejsze-zlo\/","title":{"rendered":"TRANSFERY \u2013 MNIEJSZE Z\u0141O"},"content":{"rendered":"<p>Jako osobnik, kt\u00f3ry wytrwa\u0142 ponad 50 lat w zwi\u0105zku partnerskim z \u201ePolityk\u0105\u201d, krzywo patrz\u0119 na wszelkiego rodzaju transfery. Dla mnie to jest kwestia elegancji. Tymczasem pos\u0142anka J.K.-R., kt\u00f3ra nie tak dawno by\u0142a szefow\u0105 kampanii prezydenckiej prezesa PiS, potem za\u0142o\u017cy\u0142a w\u0142asn\u0105 parti\u0119, teraz jest obiektem zainteresowania Platformy oraz\u00a0 PSL i jest ca\u0142kiem prawdopodobne, \u017ce porzuci swoje w\u0142asne PJN, skazane na pora\u017ck\u0119, na rzecz kandydowania do Sejmu z ramienia skazanej na sukces Platformy .<\/p>\n<p>Mnie si\u0119 to nie podoba, ale \u201eja rozumie\u201d, \u017ce ka\u017cdy wybiera\u00a0 mniejsze z\u0142o. Pos\u0142owie, politycy, kt\u00f3rzy za pi\u0119\u0107 dwunasta przechodz\u0105\u00a0 do Platformy, kogo\u015b za sob\u0105 zostawiaj\u0105, nie ogl\u0105daj\u0105 si\u0119 za siebie, tylko usi\u0142uj\u0105 z\u0142apa\u0107 ko\u0142o ratunkowe. SDPL si\u0119 rozpada, PJN si\u0119 rozpada, ratuj si\u0119 kto mo\u017ce, nie czas na solidarno\u015b\u0107, kiedy do wybor\u00f3w pozosta\u0142o kilka miesi\u0119cy. Platforma przyjmie do Sejmu Dariusza Rosatiego, po\u015brednio poprze do Senatu\u00a0 niezale\u017cnego Marka Borowskiego (nie wystawiaj\u0105c w tym okr\u0119gu swojego kandydata). Szkoda, \u017ceby tak \u015bwietni politycy pozostawali poza parlamentem. Nie spos\u00f3b si\u0119 z tym nie zgodzi\u0107.<\/p>\n<p>I ja, cho\u0107 hormonalnie jestem przeciwko transferom, musz\u0119 si\u0119 z tymi transferami pogodzi\u0107, poniewa\u017c w polityce cel u\u015bwi\u0119ca \u015brodki. Nie lojalno\u015b\u0107 wobec dawnych koleg\u00f3w, nie pryncypia ideowe, ale cel, cel i jeszcze raz cel. A tym celem jest pokonanie Prawa i Sprawiedliwo\u015bci, nie dopuszczenie PP. prezesa Kaczy\u0144skiego, Ziobry, Kami\u0144skiego, Brudzi\u0144skiego, Kempy, B\u0142aszczaka, Hofmana i ca\u0142ego tego \u015brodowiska, do w\u0142adzy. Tutaj zgadzam si\u0119 z pani\u0105 Kluzik-Rostkowsk\u0105, \u017ce PiS\u00a0 nale\u017cy otoczy\u0107 kordonem sanitarnym. Im mocniejszy on b\u0119dzie, tym lepiej. Z\u017cymam si\u0119, \u017ce tym mniejszym z\u0142em jest Platforma, kt\u00f3ra czy to w sprawie likwidacji CBA czy IPN, akceptacji in vitro, rozdzia\u0142u ko\u015bcio\u0142a od pa\u0144stwa, medi\u00f3w publicznych i w wielu innych sprawach nie spe\u0142nia moich oczekiwa\u0144, ale ka\u017cde inne \u201ez\u0142o\u201d jest wi\u0119ksze.\u00a0 Pozostaje mniejsze z\u0142o \u2013 zaciskaj\u0105c z\u0119by, pogodzi\u0107 si\u0119 z transferami. Z tym, \u017ce ja bym na Borowskiego i Rosatiego g\u0142osowa\u0142, a na J.K.-R. \u2013 nie. Na szcz\u0119\u015bcie nie mieszkam w Katowicach, ani w Rybniku&#8230;<\/p>\n","protected":false},"excerpt":{"rendered":"<p>Jako osobnik, kt\u00f3ry wytrwa\u0142 ponad 50 lat w zwi\u0105zku partnerskim z \u201ePolityk\u0105\u201d, krzywo patrz\u0119 na wszelkiego rodzaju transfery. Dla mnie to jest kwestia elegancji. Tymczasem pos\u0142anka J.K.-R., kt\u00f3ra nie tak dawno by\u0142a szefow\u0105 kampanii prezydenckiej prezesa PiS, potem za\u0142o\u017cy\u0142a w\u0142asn\u0105 parti\u0119, teraz jest obiektem zainteresowania Platformy oraz\u00a0 PSL i jest ca\u0142kiem prawdopodobne, \u017ce porzuci swoje [&hellip;]<\/p>\n","protected":false},"author":4,"featured_media":0,"comment_status":"open","ping_status":"open","sticky":false,"template":"","format":"standard","meta":{"footnotes":""},"categories":[1],"tags":[],"_links":{"self":[{"href":"https:\/\/blog.polityka.pl\/passent\/wp-json\/wp\/v2\/posts\/923"}],"collection":[{"href":"https:\/\/blog.polityka.pl\/passent\/wp-json\/wp\/v2\/posts"}],"about":[{"href":"https:\/\/blog.polityka.pl\/passent\/wp-json\/wp\/v2\/types\/post"}],"author":[{"embeddable":true,"href":"https:\/\/blog.polityka.pl\/passent\/wp-json\/wp\/v2\/users\/4"}],"replies":[{"embeddable":true,"href":"https:\/\/blog.polityka.pl\/passent\/wp-json\/wp\/v2\/comments?post=923"}],"version-history":[{"count":4,"href":"https:\/\/blog.polityka.pl\/passent\/wp-json\/wp\/v2\/posts\/923\/revisions"}],"predecessor-version":[{"id":926,"href":"https:\/\/blog.polityka.pl\/passent\/wp-json\/wp\/v2\/posts\/923\/revisions\/926"}],"wp:attachment":[{"href":"https:\/\/blog.polityka.pl\/passent\/wp-json\/wp\/v2\/media?parent=923"}],"wp:term":[{"taxonomy":"category","embeddable":true,"href":"https:\/\/blog.polityka.pl\/passent\/wp-json\/wp\/v2\/categories?post=923"},{"taxonomy":"post_tag","embeddable":true,"href":"https:\/\/blog.polityka.pl\/passent\/wp-json\/wp\/v2\/tags?post=923"}],"curies":[{"name":"wp","href":"https:\/\/api.w.org\/{rel}","templated":true}]}}