
{"id":928,"date":"2011-06-12T15:34:27","date_gmt":"2011-06-12T13:34:27","guid":{"rendered":"http:\/\/passent.blog.polityka.pl\/?p=928"},"modified":"2011-06-12T21:09:44","modified_gmt":"2011-06-12T19:09:44","slug":"bomba-w-gore","status":"publish","type":"post","link":"https:\/\/blog.polityka.pl\/passent\/2011\/06\/12\/bomba-w-gore\/","title":{"rendered":"Bomba w g\u00f3r\u0119"},"content":{"rendered":"<p><strong>W sobot\u0119, 11 czerwca, rozpocz\u0119\u0142a si\u0119 ju\u017c w pe\u0142ni kampania wyborcza. Konwencja Platformy Obywatelskiej na Wybrze\u017cu robi\u0142a mieszane wra\u017cenie<\/strong>.<\/p>\n<p>PO stronie plus\u00f3w zapisa\u0142bym rozmach, rozmiar i przem\u00f3wienie Donalda Tuska. Moj\u0105 uwag\u0119 zwr\u00f3ci\u0142a zapowied\u017a, \u017ce jego rz\u0105d nie b\u0119dzie si\u0119 k\u0142ania\u0142 \u201ebankierom, zwi\u0105zkowcom ani ksi\u0119\u017com\u201d, po czym nast\u0105pi\u0142y oklaski. Tusk mo\u017ce tak m\u00f3wi\u0107, poniewa\u017c SLD zostawia bankier\u00f3w i ksi\u0119\u017cy w spokoju, oddaj\u0105c pole Platformie.<\/p>\n<p>PO stronie minus\u00f3w \u2013 zm\u0119czenie delegat\u00f3w, oficjalna atmosfera, brak entuzjazmu, kt\u00f3ry potrafili wywo\u0142a\u0107 tylko Schetyna (kiedy \u2013 ca\u0142kiem s\u0142usznie &#8211; wspomnia\u0142 nie\u017cyj\u0105cych dzia\u0142aczy PO) i Donald Tusk. Konwencja nie mia\u0142a wcale charakteru programowego (takie by\u0142o za\u0142o\u017cenie, ale taka jest te\u017c rzeczywisto\u015b\u0107 w polskiej polityce), za to niepotrzebnie by\u0142a zdominowana przez transfery. Widok w pierwszym\u00a0 rz\u0119dzie pani Kluzik-Rostkowskiej tak przyci\u0105gn\u0105\u0142 uwag\u0119 medi\u00f3w, \u017ce o niczym innym si\u0119 nie m\u00f3wi\u0142o.<\/p>\n<p>Co my\u015bl\u0119 o tym transferze \u2013 ju\u017c pisa\u0142em: Nie podoba mi si\u0119,\u00a0 nie wiem nawet, czy PO na tym zyska. Pozosta\u0142e transfery wydaj\u0105 si\u0119 bardziej zrozumia\u0142e, je\u015bli przyczyni\u0105\u00a0 do budowy owego kordonu sanitarnego dooko\u0142a PiS. Czy PO skr\u0119ca w lewo z powodu akcesu Rosatiego i Piniora? \u2013 w\u0105tpi\u0119. Platforma jest\u00a0 du\u017cym okr\u0119tem. Dwie lub trzy osoby wi\u0119cej na lewej czy prawej burcie\u00a0 niewiele zmieni\u0105. Na prawo od Platformy nie ma czego \u0142owi\u0107, panuje tam niepodzielnie PiS. W centrum i na lewicy jest elektorat, zw\u0142aszcza m\u0142ody,\u00a0 kt\u00f3ry PO mo\u017ce kokietowa\u0107.<\/p>\n<p>Spotkanie z m\u0142odzie\u017c\u0105 PiS na Ursynowie (prezes plus m\u0142odzie\u017c) przebieg\u0142o chyba bez zgrzyt\u00f3w i niespodzianek. Prezes Kaczy\u0144ski by\u0142 troch\u0119 zagubiony w gor\u0105cych rytmach muzyki\u00a0 m\u0142odzie\u017cowej. Wyg\u0142osi\u0142 przem\u00f3wienie do\u015b\u0107 banalne, takie, jakiego mo\u017cna by\u0142o oczekiwa\u0107 od szefa najwi\u0119kszej partii opozycyjnej: w Gda\u0144sku zebrali si\u0119 ludzie gnu\u015bni, zm\u0119czeni, kt\u00f3rzy maj\u0105 karki ugi\u0119te na Wsch\u00f3d i na Zach\u00f3d. \u0179le si\u0119 dzieje w pa\u0144stwie polskim. Przytoczy\u0142 (z pami\u0119ci \u2013 brawo!) fragment piosenki o \u201eTitanicu\u201d, kt\u00f3ry ton\u0105\u0142, a orkiestra (w Gda\u0144sku na konwencji Platformy) gra\u0142a do ko\u0144ca.<\/p>\n<p>Por\u00f3wnanie Polski do ton\u0105cego statku jest mo\u017ce dobrym chwytem dla pozyskania ludzi niezadowolonych, wykluczonych, bezrobotnych i biednych, ale tak daleko odbiega od rzeczywisto\u015bci \u201ezielonej wyspy\u201d i tego, co wida\u0107 dooko\u0142a, \u017ce mo\u017ce nie wystarczy\u0107. Obietnice, \u017ce rz\u0105d PiS zniesie op\u0142aty za drugi kierunek studi\u00f3w w uczelniach publicznych oraz przywr\u00f3ci zni\u017ck\u0119 51 proc. na \u015brodki komunikacji dla m\u0142odzie\u017cy ucz\u0105cej na pewno zostan\u0105 odebrane pozytywnie. Czy b\u0119dzie z czego te obietnice spe\u0142ni\u0107 \u2013 to inna sprawa. Najwy\u017cej odbierze si e komu\u015b innemu.<\/p>\n<p>Garstka dzia\u0142aczy PJN\u00a0 mia\u0142a swoj\u0105 konferencj\u0119 prasow\u0105. Nowy lider, eurodeputowany Pawe\u0142 Kowal, \u0142adnie i elegancko po\u017cegna\u0142 Joann\u0119 Kluzik-Rostkowsk\u0105. To si\u0119 chwali. Pozosta\u0142a cz\u0119\u015b\u0107 przem\u00f3wienia (przede wszystkim wezwanie rz\u0105du do niepodnoszenia podatk\u00f3w) by\u0142a standardowa. Wida\u0107 wyra\u017anie,\u00a0 \u017ce pod rz\u0105dami PP. Jakubiak i Kowala PJN skr\u0119ci w prawo. Pr\u00f3buje to wykorzysta\u0107 Marek Jurek, oferuj\u0105c koalicj\u0119 prawicowego planktonu na prawo od PiS.<\/p>\n<p>W sumie otwarcie kampanii nie przynios\u0142o wiele nowego, ale oby\u0142o si\u0119 bez brutalnych oskar\u017ce\u0144 i chamskich atak\u00f3w, co nale\u017cy uzna\u0107 za osi\u0105gni\u0119cie. Zanosi si\u0119 na pasjonuj\u0105cy wy\u015bcig. Poparcie dla PO wynosi\u00a0 30+ (w porywach 40), PiS 20+, SLD 10+, PSL 5. Platforma\u00a0 marzy, \u017ceby otrzyma\u0107 44 proc. (to daje mo\u017cliwo\u015b\u0107 rz\u0105dzenia samemu), SLD marzy, \u017ceby doj\u015b\u0107 do w\u0142adzy (wszystko jedno z kim), PiS chce ugra\u0107 jak najwi\u0119cej, \u017ceby prezes mia\u0142 swoj\u0105 parti\u0119 (ju\u017c zapowiedzia\u0142, \u017ce nie zrezygnuje, bez wzgl\u0119du na wynik wybor\u00f3w), a mo\u017ce nawet wygra\u0107, czyli zdoby\u0107 najwi\u0119cej g\u0142os\u00f3w. Trudno w to uwierzy\u0107, ale tak wieszczy profesor Janusz Czapi\u0144ski, autor kolejnych diagnoz spo\u0142ecznych. Oby si\u0119 myli\u0142.<\/p>\n","protected":false},"excerpt":{"rendered":"<p>W sobot\u0119, 11 czerwca, rozpocz\u0119\u0142a si\u0119 ju\u017c w pe\u0142ni kampania wyborcza. Konwencja Platformy Obywatelskiej na Wybrze\u017cu robi\u0142a mieszane wra\u017cenie. PO stronie plus\u00f3w zapisa\u0142bym rozmach, rozmiar i przem\u00f3wienie Donalda Tuska. Moj\u0105 uwag\u0119 zwr\u00f3ci\u0142a zapowied\u017a, \u017ce jego rz\u0105d nie b\u0119dzie si\u0119 k\u0142ania\u0142 \u201ebankierom, zwi\u0105zkowcom ani ksi\u0119\u017com\u201d, po czym nast\u0105pi\u0142y oklaski. Tusk mo\u017ce tak m\u00f3wi\u0107, poniewa\u017c SLD zostawia [&hellip;]<\/p>\n","protected":false},"author":4,"featured_media":0,"comment_status":"open","ping_status":"open","sticky":false,"template":"","format":"standard","meta":{"footnotes":""},"categories":[1],"tags":[],"_links":{"self":[{"href":"https:\/\/blog.polityka.pl\/passent\/wp-json\/wp\/v2\/posts\/928"}],"collection":[{"href":"https:\/\/blog.polityka.pl\/passent\/wp-json\/wp\/v2\/posts"}],"about":[{"href":"https:\/\/blog.polityka.pl\/passent\/wp-json\/wp\/v2\/types\/post"}],"author":[{"embeddable":true,"href":"https:\/\/blog.polityka.pl\/passent\/wp-json\/wp\/v2\/users\/4"}],"replies":[{"embeddable":true,"href":"https:\/\/blog.polityka.pl\/passent\/wp-json\/wp\/v2\/comments?post=928"}],"version-history":[{"count":7,"href":"https:\/\/blog.polityka.pl\/passent\/wp-json\/wp\/v2\/posts\/928\/revisions"}],"predecessor-version":[{"id":931,"href":"https:\/\/blog.polityka.pl\/passent\/wp-json\/wp\/v2\/posts\/928\/revisions\/931"}],"wp:attachment":[{"href":"https:\/\/blog.polityka.pl\/passent\/wp-json\/wp\/v2\/media?parent=928"}],"wp:term":[{"taxonomy":"category","embeddable":true,"href":"https:\/\/blog.polityka.pl\/passent\/wp-json\/wp\/v2\/categories?post=928"},{"taxonomy":"post_tag","embeddable":true,"href":"https:\/\/blog.polityka.pl\/passent\/wp-json\/wp\/v2\/tags?post=928"}],"curies":[{"name":"wp","href":"https:\/\/api.w.org\/{rel}","templated":true}]}}