
{"id":936,"date":"2011-06-15T11:30:49","date_gmt":"2011-06-15T09:30:49","guid":{"rendered":"http:\/\/passent.blog.polityka.pl\/?p=936"},"modified":"2011-06-15T11:32:11","modified_gmt":"2011-06-15T09:32:11","slug":"usta-pelne-roboty","status":"publish","type":"post","link":"https:\/\/blog.polityka.pl\/passent\/2011\/06\/15\/usta-pelne-roboty\/","title":{"rendered":"Usta pe\u0142ne roboty"},"content":{"rendered":"<p><strong>W tym roku nie b\u0119dzie urlopu od polityki. Awantura goni awantur\u0119. Pi\u0119\u0107dziesi\u0105t kilometr\u00f3w autostrady uros\u0142o do rangi Linii Maginota \u2013 jak gdyby od tego zale\u017ca\u0142o bezpiecze\u0144stwo narodowe. (Linia Maginota i tak Francuzom nie pomog\u0142a&#8230;). Owszem, to jest niepowodzenie, ale od tego Polska si\u0119 nie zawali. Nie bardzo wierz\u0119 w optymizm Donalda Tuska w sprawie autostrady, ale Euro si\u0119 odb\u0119dzie i nie b\u0119dzie \u017ale<\/strong>.<\/p>\n<p>Nie podoba\u0142a mi si\u0119 niefrasobliwo\u015b\u0107 premiera Tuska w sprawie projektu (Ryszarda Kalisza) sprawozdania komisji do wyja\u015bnienia okoliczno\u015bci \u015bmierci Barbary Blidy. Zamiast ustosunkowa\u0107 si\u0119 do tre\u015bci projektu, lub zachowa\u0107 dystans (bo projektu nie mia\u0142 kiedy pozna\u0107), premier nawi\u0105za\u0142 do obecno\u015bci Kalisza na paradzie r\u00f3wno\u015bci, czyli poszed\u0142 tropem Zbigniewa Ziobry, kt\u00f3ry kpi\u0142 z \u201et\u0119czowego Kalisza\u201d. Kalisz, owszem, cz\u0119sto bywa pogodny i weso\u0142y, ale sprawa jest powa\u017cna, ba, chodzi o tragiczn\u0105 \u015bmier\u0107. (A w domy\u015ble tak\u017ce o innych ludzi, na kt\u00f3rych IV RP zarzuca\u0142a sieci). Nie znam projektu Ryszarda Kalisza, ale ani poprzedni, ani obecny premier nie powinni z tego dworowa\u0107. J. Kaczy\u0144ski i Z. Ziobro postanowili wy\u015bmia\u0107 konkluzje przewodnicz\u0105cego, \u017ce powinni stan\u0105\u0107 przed Trybuna\u0142em Stanu. Kpiny i dowcipasy z Syberii, ze strony obu pan\u00f3w mnie nie dziwi\u0105, broni\u0105 si\u0119 jak umiej\u0105, ale premier Tusk nie powinien robi\u0107 aluzji ad personam pod adresem Kalisza. Co w tym z\u0142ego, \u017ce pose\u0142 by\u0142 w paradzie r\u00f3wno\u015bci? Nawet je\u017celi premier uwa\u017ca wniosek o Trybuna\u0142 za przesadny, to od tego s\u0105 cz\u0142onkowie komisji, Komisja Odpowiedzialno\u015bci Konstytucyjnej (do kt\u00f3rej ta sprawa raczej nie trafi) i Sejm, \u017ceby te spraw\u0119 rozpatrze\u0107, a nie szef rz\u0105du.<\/p>\n<p>Politycy, zw\u0142aszcza obozu w\u0142adzy, musz\u0105 bardzo uwa\u017ca\u0107 na s\u0142owa. Przekona\u0142 si\u0119 o tym prof. Na\u0142\u0119cz, kt\u00f3ry musia\u0142 przeprosi\u0107 za s\u0142owa o \u201epedofilii politycznej\u201d, przy pomocy kt\u00f3rych okre\u015bli\u0142 zachowanie J. Kaczy\u0144skiego wobec m\u0142odzie\u017cy pisowskiej. Gdy najbardziej eksponowany doradca prezydenta czuje si\u0119 zmuszony przeprosi\u0107, to znaczy, \u017ce po\u015brednio zaszkodzi\u0142 g\u0142owie pa\u0144stwa. Poniewa\u017c zaczyna si\u0119 gor\u0105ce lato (prezydencja i kampania wyborcza), warto zaapelowa\u0107 do wszystkich uczestnik\u00f3w \u017cycia publicznego, zw\u0142aszcza polityk\u00f3w i dziennikarzy: Hamujcie si\u0119! Pow\u015bci\u0105gnijcie swoje temperamenty! Wybory to jeszcze nie jest koniec \u015bwiata.<\/p>\n<p>Jak\u017ce by\u0142oby dobrze, gdyby politycy i dziennikarze przestali zwraca\u0107 si\u0119 do siebie wzajemnie per \u201ewy\u201d. Od Dominiki Wielowieyskiej rano po red. Rymanowskiego wieczorem \u2013 prawie wszyscy m\u00f3wi\u0105 per \u201ewy\u201d \u2013 \u201eco wy macie\u201d, \u201eco wy robicie\u201d, \u201eco uwa\u017cacie\u201d, \u201ekiedy zaczniecie\u201d, \u201ekiedy przestaniecie\u201d, \u201ekiedy sko\u0144czycie\u201d? Jak\u017ce by si\u0119 przyda\u0142o odrobin\u0119 wi\u0119cej grzeczno\u015bci i kultury, szczeg\u00f3lnie teraz, kiedy zaczyna si\u0119 kampania i prezydencja, a usta b\u0119d\u0105 pe\u0142ne oskar\u017ce\u0144. O ile by\u0142oby l\u017cej , gdyby dobre wychowanie obj\u0119\u0142o chocia\u017c \u201eelyt\u0119\u201d, gdyby nawet znani politycy nie m\u00f3wili \u201epi\u0119\u0107 z\u0142oty\u201d i nie m\u00f3wili o sobie tylko po nazwisku. O ile by nam wszystkim by\u0142o \u0142atwiej znie\u015b\u0107 nadchodz\u0105ce lato. Ale kto tych ludzi ma nauczy\u0107 kultury?<\/p>\n","protected":false},"excerpt":{"rendered":"<p>W tym roku nie b\u0119dzie urlopu od polityki. Awantura goni awantur\u0119. Pi\u0119\u0107dziesi\u0105t kilometr\u00f3w autostrady uros\u0142o do rangi Linii Maginota \u2013 jak gdyby od tego zale\u017ca\u0142o bezpiecze\u0144stwo narodowe. (Linia Maginota i tak Francuzom nie pomog\u0142a&#8230;). Owszem, to jest niepowodzenie, ale od tego Polska si\u0119 nie zawali. Nie bardzo wierz\u0119 w optymizm Donalda Tuska w sprawie autostrady, [&hellip;]<\/p>\n","protected":false},"author":4,"featured_media":0,"comment_status":"open","ping_status":"open","sticky":false,"template":"","format":"standard","meta":{"footnotes":""},"categories":[1],"tags":[],"_links":{"self":[{"href":"https:\/\/blog.polityka.pl\/passent\/wp-json\/wp\/v2\/posts\/936"}],"collection":[{"href":"https:\/\/blog.polityka.pl\/passent\/wp-json\/wp\/v2\/posts"}],"about":[{"href":"https:\/\/blog.polityka.pl\/passent\/wp-json\/wp\/v2\/types\/post"}],"author":[{"embeddable":true,"href":"https:\/\/blog.polityka.pl\/passent\/wp-json\/wp\/v2\/users\/4"}],"replies":[{"embeddable":true,"href":"https:\/\/blog.polityka.pl\/passent\/wp-json\/wp\/v2\/comments?post=936"}],"version-history":[{"count":5,"href":"https:\/\/blog.polityka.pl\/passent\/wp-json\/wp\/v2\/posts\/936\/revisions"}],"predecessor-version":[{"id":941,"href":"https:\/\/blog.polityka.pl\/passent\/wp-json\/wp\/v2\/posts\/936\/revisions\/941"}],"wp:attachment":[{"href":"https:\/\/blog.polityka.pl\/passent\/wp-json\/wp\/v2\/media?parent=936"}],"wp:term":[{"taxonomy":"category","embeddable":true,"href":"https:\/\/blog.polityka.pl\/passent\/wp-json\/wp\/v2\/categories?post=936"},{"taxonomy":"post_tag","embeddable":true,"href":"https:\/\/blog.polityka.pl\/passent\/wp-json\/wp\/v2\/tags?post=936"}],"curies":[{"name":"wp","href":"https:\/\/api.w.org\/{rel}","templated":true}]}}