
{"id":943,"date":"2011-06-19T16:16:02","date_gmt":"2011-06-19T14:16:02","guid":{"rendered":"http:\/\/passent.blog.polityka.pl\/?p=943"},"modified":"2011-06-19T16:16:02","modified_gmt":"2011-06-19T14:16:02","slug":"temida-nas-nie-zbawi","status":"publish","type":"post","link":"https:\/\/blog.polityka.pl\/passent\/2011\/06\/19\/temida-nas-nie-zbawi\/","title":{"rendered":"Temida nas nie zbawi"},"content":{"rendered":"<p>Polskie \u017cycie polityczne toczy si\u0119 dooko\u0142a dw\u00f3ch instytucji: prokuratury i Trybuna\u0142u Stanu. Nie ma dnia, \u017ceby kto\u015b nie zawiadamia\u0142 prokuratury o mo\u017cliwo\u015bci pope\u0142nienia przest\u0119pstwa,\u00a0 nie ma dnia bez dzia\u0142a\u0144 prokuratury w sprawie katastrofy smole\u0144skiej, w sprawie Krzysztofa Olejnika, w sprawie kontraktu na budow\u0119 autostrady, w sprawie \u0142amania praw cz\u0142owieka w tajnym wi\u0119zieniu, m\u00f3wi si\u0119 o mo\u017cliwo\u015bci postawienia przed Trybuna\u0142em Stanu Aleksandra Kwa\u015bniewskiego i Leszka Millera (tortury w tajnym wi\u0119zieniu) z jednej strony, oraz Jaros\u0142awa Kaczy\u0144skiego i Zbigniewa Ziobry (\u015bmier\u0107 Barbary Blidy) \u2013 z drugiej. Ka\u017cda strona ma swoje argumenty: prawa cz\u0142owieka i Konstytucja, czy bezpiecze\u0144stwo kraju i sojusze? Walka z \u201emafia w\u0119glow\u0105\u201d czy eliminowanie rywali politycznych?<\/p>\n<p>Chwilami wygl\u0105da na to, \u017ce najwa\u017cniejsz\u0105 instytucj\u0105\u00a0 w naszym pa\u0144stwie jest prokuratura, a od Prokuratora Generalnego zale\u017cy wi\u0119cej ni\u017c od prezydenta. Jeden z uczestnik\u00f3w programu \u201eSi\u00f3dmy dzie\u0144 tygodnia\u201d w Radiu Zet da\u0142 do zrozumienia, \u017ce warto by uruchomi\u0107 Trybuna\u0142 Stanu, bo jest dawno nie u\u017cywany. Zaniepokoi\u0142o mnie to stwierdzenie, gdy\u017c r\u00f3zga, pr\u0119gierz, gilotyna i szubienica tak\u017ce\u00a0 nie s\u0105 od dawna u\u017cywane i nie odczuwam ich braku.<\/p>\n<p>Polskie spo\u0142ecze\u0144stwo jest represyjne i wierzy, \u017ce je\u017celi kilku polityk\u00f3w trafi za kratki, albo poniesie inn\u0105 kar\u0119, to w Polsce b\u0119dzie lepiej. A ju\u017c ca\u0142kiem dobrze b\u0119dzie, gdy za kraty, ba, do oboz\u00f3w pracy, trafi\u0105 wszyscy politycy, a po nich i dziennikarze. Zdolno\u015b\u0107 honorow\u0105 do pojedynkowania si\u0119 zast\u0119puje zdolno\u015b\u0107 kierowania sprawy do prokuratury. Nic to nie kosztuje, a wygl\u0105da si\u0119 na cz\u0142owieka honorowego. Do pewnego stopnia win\u0119 ponosz\u0105 sami politycy, kt\u00f3rzy wzajemnie wysy\u0142aj\u0105 si\u0119 do s\u0105du, wymy\u015blaj\u0105c rozmaite przest\u0119pstwa, jak np. kilka lat temu, kiedy Jacek Kurski wymy\u015bli\u0142 finansowanie kampanii Platformy przez PZU.<\/p>\n<p>Marzenie o karz\u0105cej r\u0119ce sprawiedliwo\u015bci bierze si\u0119 st\u0105d, \u017ce w demokracji\u00a0 \u017caden sp\u00f3r\u00a0 nie jest i nie b\u0119dzie inaczej rozstrzygni\u0119ty, upragniony consensus jest niemo\u017cliwy: w sprawie oceny PRL, Okr\u0105g\u0142ego Sto\u0142u, lustracji, agenta Bolka,\u00a0 CBA, Smole\u0144ska, rozdzia\u0142u stanowisk Prokuratora Generalnego od ministra Sprawiedliwo\u015bci,\u00a0 Komisji Maj\u0105tkowej (cho\u0107 tu wypowiedzia\u0142 si\u0119 nawet Trybuna\u0142 Konstytucyjny), dzia\u0142ania s\u0142u\u017cb, likwidacji WSI (za kt\u00f3r\u0105 Pastwo p\u0142aci kosztowne odszkodowania), przywilej\u00f3w Ko\u015bcio\u0142a, niegospodarno\u015bci (casus budynek ambasady RP w Berlinie), medi\u00f3w publicznych itd. Wiele os\u00f3b\u00a0 nie mo\u017ce si\u0119 pogodzi\u0107 z r\u00f3\u017cnic\u0105 zda\u0144, pragnie rozstrzygni\u0119\u0107 definitywnych i poszukuje ich w prokuraturze, w Trybunale Stanu, w Strasburgu, bo gdzie jeszcze ich szuka\u0107? Jest to, oczywi\u015bcie, nadzieja p\u0142onna, bo takie przypadki jak ci\u0105ganie po s\u0105dach by\u0142ych ministr\u00f3w Skarbu Pa\u0144stwa (za \u201ez\u0142odziejsk\u0105 prywatyzacj\u0119\u201d), czy sprawa\u00a0 Olewnika pokazuje, \u017ce aparat \u015bcigania oraz wymiar sprawiedliwo\u015bci s\u0105 ulepione z tej samej gliny, co reszta Polski, nie s\u0105 ani lepsze ani gorsze i stamt\u0105d nie nale\u017cy spodziewa\u0107 si\u0119 zbawienia.<\/p>\n<p>Jak tak dalej p\u00f3jdzie, to prokuratura stanie si\u0119 najwi\u0119kszym i najwa\u017cniejszym urz\u0119dem w Polsce. Wkr\u00f3tce trafi\u0105 do niej dwie kolejne katastrofy lotnicze \u2013 w Hiszpanii i w P\u0142ocku, chocia\u017c w g\u0142\u0119bi serca mo\u017cna podejrzewa\u0107, gdzie tkwi\u0105 ich przyczyny. Temida nas nie zbawi.<\/p>\n","protected":false},"excerpt":{"rendered":"<p>Polskie \u017cycie polityczne toczy si\u0119 dooko\u0142a dw\u00f3ch instytucji: prokuratury i Trybuna\u0142u Stanu. Nie ma dnia, \u017ceby kto\u015b nie zawiadamia\u0142 prokuratury o mo\u017cliwo\u015bci pope\u0142nienia przest\u0119pstwa,\u00a0 nie ma dnia bez dzia\u0142a\u0144 prokuratury w sprawie katastrofy smole\u0144skiej, w sprawie Krzysztofa Olejnika, w sprawie kontraktu na budow\u0119 autostrady, w sprawie \u0142amania praw cz\u0142owieka w tajnym wi\u0119zieniu, m\u00f3wi si\u0119 o [&hellip;]<\/p>\n","protected":false},"author":4,"featured_media":0,"comment_status":"open","ping_status":"open","sticky":false,"template":"","format":"standard","meta":{"footnotes":""},"categories":[1],"tags":[],"_links":{"self":[{"href":"https:\/\/blog.polityka.pl\/passent\/wp-json\/wp\/v2\/posts\/943"}],"collection":[{"href":"https:\/\/blog.polityka.pl\/passent\/wp-json\/wp\/v2\/posts"}],"about":[{"href":"https:\/\/blog.polityka.pl\/passent\/wp-json\/wp\/v2\/types\/post"}],"author":[{"embeddable":true,"href":"https:\/\/blog.polityka.pl\/passent\/wp-json\/wp\/v2\/users\/4"}],"replies":[{"embeddable":true,"href":"https:\/\/blog.polityka.pl\/passent\/wp-json\/wp\/v2\/comments?post=943"}],"version-history":[{"count":2,"href":"https:\/\/blog.polityka.pl\/passent\/wp-json\/wp\/v2\/posts\/943\/revisions"}],"predecessor-version":[{"id":945,"href":"https:\/\/blog.polityka.pl\/passent\/wp-json\/wp\/v2\/posts\/943\/revisions\/945"}],"wp:attachment":[{"href":"https:\/\/blog.polityka.pl\/passent\/wp-json\/wp\/v2\/media?parent=943"}],"wp:term":[{"taxonomy":"category","embeddable":true,"href":"https:\/\/blog.polityka.pl\/passent\/wp-json\/wp\/v2\/categories?post=943"},{"taxonomy":"post_tag","embeddable":true,"href":"https:\/\/blog.polityka.pl\/passent\/wp-json\/wp\/v2\/tags?post=943"}],"curies":[{"name":"wp","href":"https:\/\/api.w.org\/{rel}","templated":true}]}}