
{"id":946,"date":"2011-06-21T23:36:27","date_gmt":"2011-06-21T21:36:27","guid":{"rendered":"http:\/\/passent.blog.polityka.pl\/?p=946"},"modified":"2011-11-22T15:54:07","modified_gmt":"2011-11-22T13:54:07","slug":"nigdy-bym-nie-pomyslal","status":"publish","type":"post","link":"https:\/\/blog.polityka.pl\/passent\/2011\/06\/21\/nigdy-bym-nie-pomyslal\/","title":{"rendered":"Nigdy bym nie pomy\u015bla\u0142"},"content":{"rendered":"<p><strong>Jedn\u0105 z nielicznych przyjemno\u015bci, jakie przynosi obserwacja \u017cycia publicznego, jest poznawanie cudzych my\u015bli, kt\u00f3re potrafi\u0105 by\u0107 zaskakuj\u0105ce. <\/strong><\/p>\n<p>Monika Olejnik w \u201eKropce nad i\u201d zapyta\u0142a Ryszarda Kalisza, dlaczego \u2013 jego zdaniem \u2013 Platforma Obywatelska nie popiera jego wniosku, by PP. Kaczy\u0144skiego i Ziobro postawi\u0107 przed Trybuna\u0142em Stanu? Moj\u0105 pierwsz\u0105 my\u015bl\u0105 by\u0142o, \u017ce Donald Tusk nie chce awantury, nie chce robi\u0107 z prezesa \u2013 ofiary, nie chce nowej wojny, \u017ceby sympatie roz\u0142o\u017cy\u0142y si\u0119 \u201ep\u00f3\u0142 na p\u00f3\u0142\u201d. Woli ignorowa\u0107 PiS, tak jak to uczyni\u0142 podczas niedawnej konwencji PO w Gda\u0144sku.<\/p>\n<p>Ale pose\u0142 Kalisz zaoferowa\u0142 inne wyja\u015bnienie: Platforma boi si\u0119, \u017ce w raporcie komisji Millera w sprawie katastrofy smole\u0144skiej mo\u017ce znale\u017a\u0107 si\u0119 wniosek o postawienie przed Trybuna\u0142em Stanu dw\u00f3ch ministr\u00f3w Tuska (domy\u015blam si\u0119, \u017ce chodzi o PP. Arabskiego i Klicha). Nie chce wi\u0119c precedensu, \u017ce skoro przed TS mieliby trafi\u0107 Kaczy\u0144ski i Ziobro \u201eza Blid\u0119\u201d, to r\u00f3wnie\u017c powinni si\u0119 tam znale\u017a\u0107 Klich i Arabski \u201eza Smole\u0144sk\u201d.\u00a0 Rozumowanie to mnie zaskoczy\u0142o, bo w og\u00f3le nie przesz\u0142o mi przez my\u015bl, ale brzmi ca\u0142kiem rozs\u0105dnie. Mo\u017cliwe zreszt\u0105, \u017ce wszystkie te przyczyny razem spowoduj\u0105 brak poparcia Platformy dla wniosku Kalisza. Tak czy owak \u2013 by\u0142em zaskoczony jego komentarzem do decyzji PO (je\u015bli taka faktycznie zapad\u0142a).<\/p>\n<p>By\u0142em tak\u017ce zaskoczony sugesti\u0105, \u017ce Kalisz jest przeciwnikiem parytetu, bo wypar\u0142 z pierwszego miejsca w Warszawie kobiet\u0119 \u2013 Katarzyn\u0119 Piekarsk\u0105. Wszystko przesz\u0142o mi przez g\u0142ow\u0119. \u017be Kalisz kr\u0119ci, udaj\u0105c, \u017ce nie ma z tym nic wsp\u00f3lnego, \u017ce Piekarska zachowa\u0142a si\u0119 z klas\u0105, \u017ce partia (czytaj: Napieralski) j\u0105 do tego gestu zmusi\u0142a, ale \u017ce sprawa ma aspekt \u201eparytetowy\u201d, feministyczny \u2013 to nie przesz\u0142o mi przez my\u015bl. Warto jednak od czasu do czasu \u015bledzi\u0107 media \u2013 mo\u017cna w nich znale\u017a\u0107 inny, zaskakuj\u0105cy, \u00a0punkt widzenia.<\/p>\n<p>Oryginalny punkt widzenia zaoferowa\u0142 tak\u017ce pewien m\u00f3j przyjaciel, kt\u00f3rego zapyta\u0142em, po co Warszawie dwa\u00a0 nowoczesne stadiony pi\u0142karskie \u2013 Legia i Narodowy? Ten drugi, cho\u0107 \u201etylko\u201d na 55 tys. miejsc, g\u00f3ruje nad centrum miasta i troch\u0119 mnie razi, wizualnie przeszkadza. Mniejsza jednak o to, ale kto go utrzyma, co si\u0119 b\u0119dzie na nim dzia\u0142o przez okr\u0105g\u0142y rok po mistrzostwach Europy? Zdaniem mojego przyjaciela, stadion powinien zn\u00f3w\u00a0 pe\u0142ni\u0107 rol\u0119 jarmarku. Tym razem w eleganckich, kulturalnych, higienicznych warunkach, we przestronnych pomieszczeniach dla VIP, restauracje, toalety, ubikacje, \u0142azienki, szatnie, WC, woda bie\u017c\u0105ca ciep\u0142a i zimna, handel\u00a0 pod okiem kamer i monitor\u00f3w, co zwi\u0119kszy bezpiecze\u0144stwo sprzedawc\u00f3w i kupuj\u0105cych\u00a0 oraz u\u0142atwi nadz\u00f3r policyjny, bo wiadomo, \u017ce na targowiskach r\u00f3\u017cnie bywa. Op\u0142ata targowiskowa pozwoli utrzyma\u0107 stadion przez ca\u0142y rok.\u00a0 \u017badna inna stolica w Europie nie b\u0119dzie mia\u0142a takiego jarmarku. Zamiast martwego giganta &#8211; stolicy przyb\u0119dzie\u00a0 t\u0119tni\u0105cy \u017cyciem jarmark. A\u00a0 pi\u0142k\u0119\u00a0 b\u0119dzie mo\u017cna b\u0119dzie kopa\u0107 na Legii \u2013 m\u00f3wi m\u00f3j przyjaciel. Faktycznie \u2013 nigdy bym nie pomy\u015bla\u0142.<\/p>\n<p>\u017bycz\u0119 przyjemnego, d\u0142ugiego weekendu, i do zobaczenia na najbardziej nowoczesnym targowisku w Europie!<\/p>\n","protected":false},"excerpt":{"rendered":"<p>Jedn\u0105 z nielicznych przyjemno\u015bci, jakie przynosi obserwacja \u017cycia publicznego, jest poznawanie cudzych my\u015bli, kt\u00f3re potrafi\u0105 by\u0107 zaskakuj\u0105ce. Monika Olejnik w \u201eKropce nad i\u201d zapyta\u0142a Ryszarda Kalisza, dlaczego \u2013 jego zdaniem \u2013 Platforma Obywatelska nie popiera jego wniosku, by PP. Kaczy\u0144skiego i Ziobro postawi\u0107 przed Trybuna\u0142em Stanu? Moj\u0105 pierwsz\u0105 my\u015bl\u0105 by\u0142o, \u017ce Donald Tusk nie chce [&hellip;]<\/p>\n","protected":false},"author":4,"featured_media":0,"comment_status":"open","ping_status":"open","sticky":false,"template":"","format":"standard","meta":{"footnotes":""},"categories":[11],"tags":[],"_links":{"self":[{"href":"https:\/\/blog.polityka.pl\/passent\/wp-json\/wp\/v2\/posts\/946"}],"collection":[{"href":"https:\/\/blog.polityka.pl\/passent\/wp-json\/wp\/v2\/posts"}],"about":[{"href":"https:\/\/blog.polityka.pl\/passent\/wp-json\/wp\/v2\/types\/post"}],"author":[{"embeddable":true,"href":"https:\/\/blog.polityka.pl\/passent\/wp-json\/wp\/v2\/users\/4"}],"replies":[{"embeddable":true,"href":"https:\/\/blog.polityka.pl\/passent\/wp-json\/wp\/v2\/comments?post=946"}],"version-history":[{"count":4,"href":"https:\/\/blog.polityka.pl\/passent\/wp-json\/wp\/v2\/posts\/946\/revisions"}],"predecessor-version":[{"id":1192,"href":"https:\/\/blog.polityka.pl\/passent\/wp-json\/wp\/v2\/posts\/946\/revisions\/1192"}],"wp:attachment":[{"href":"https:\/\/blog.polityka.pl\/passent\/wp-json\/wp\/v2\/media?parent=946"}],"wp:term":[{"taxonomy":"category","embeddable":true,"href":"https:\/\/blog.polityka.pl\/passent\/wp-json\/wp\/v2\/categories?post=946"},{"taxonomy":"post_tag","embeddable":true,"href":"https:\/\/blog.polityka.pl\/passent\/wp-json\/wp\/v2\/tags?post=946"}],"curies":[{"name":"wp","href":"https:\/\/api.w.org\/{rel}","templated":true}]}}