
{"id":949,"date":"2011-06-24T16:37:25","date_gmt":"2011-06-24T14:37:25","guid":{"rendered":"http:\/\/passent.blog.polityka.pl\/?p=949"},"modified":"2011-11-22T15:43:50","modified_gmt":"2011-11-22T13:43:50","slug":"dyzurny-krzykacz","status":"publish","type":"post","link":"https:\/\/blog.polityka.pl\/passent\/2011\/06\/24\/dyzurny-krzykacz\/","title":{"rendered":"Dy\u017curny krzykacz"},"content":{"rendered":"<p><strong>Nie s\u0105dzi\u0142em, \u017ce kiedykolwiek wyst\u0105pi\u0119 w obronie biskupa, a jednak\u2026<br \/>\n<\/strong><\/p>\n<p>W tygodniku\u00a0 \u201eUwa\u017cam Rze\u201d pan Artur Bazak rozprawia si\u0119 z biskupem Tadeuszem Pieronkiem. Wystarczy przeczyta\u0107 tytu\u0142 \u201eRzecznik s\u0142usznej partii\u201d (czyli Platformy), \u017ceby wiedzie\u0107 o co chodzi. Autor przytacza\u00a0 pod adresem biskupa szereg zarzut\u00f3w, m.in. \u017ce zawsze dobrze \u017cy\u0142 z \u201eGazet\u0105 Wyborcz\u0105\u201d, udziela\u0142 wywiad\u00f3w \u201eGazecie\u201d, zasiada\u0142 w Radzie Fundacji im. Stefana Batorego, cieszy si\u0119 poparciem \u201eprorz\u0105dowych medi\u00f3w\u201d, ma <em>\u201edu\u017cy tupet granicz\u0105cy z bezczelno\u015bci\u0105\u201d<\/em> (to zdaniem esbeka, do kt\u00f3rego opinii dotar\u0142a nieoceniona Dorota Kania),\u00a0 oraz inne grzechy.<\/p>\n<p>Zatrzymam si\u0119 tylko przy jednym grzechu biskupa, mianowicie nies\u0142usznym (z punktu widzenia autora) stanowisku w sprawie katastrofy smole\u0144skiej. Zdaniem red. Bazaka, w latach poprzednich bp Pieronek zachowywa\u0142 si\u0119 rozmaicie, ale dopiero katastrofa smole\u0144ska<em> \u201eujawni\u0142a kto jest kim naprawd\u0119\u201d<\/em>. To wtedy bp Pieronek zmieni\u0142 si\u0119 gwa\u0142townie z niezale\u017cnego krytyka Ko\u015bcio\u0142a i polityki, w <em>\u201edy\u017curnego krzykacza, kt\u00f3rego narracja tylko niekiedy r\u00f3\u017cni si\u0119 od retoryki Janusza Palikot czy Dominika Tarsa\u201d<\/em>.<\/p>\n<p>C\u00f3\u017c takiego strasznego powiedzia\u0142 bp Pieronek? Oto s\u0142owo jego: <em>\u201eOwszem, 10 kwietnia zgin\u0119\u0142o prawie 100 os\u00f3b, w dodatku ponios\u0142y \u015bmier\u0107 w jednym momencie (\u2026 skr\u00f3ty red. Bazaka &#8211; Pass). Ale te\u017c trzeba pami\u0119ta\u0107 \u017ce to by\u0142a katastrofa. Nie zamach. Katastrofa w\u0142a\u015bnie. (\u2026) Tak\u0105 prze\u0142omow\u0105 dat\u0105 by\u0142 na przyk\u0142ad 30 sierpnia 1980 r., kiedy dosz\u0142o do podpisania porozumie\u0144 sierpniowych mi\u0119dzy rz\u0105dz\u0105ca parti\u0105 komunistyczn\u0105 a \u2018Solidarno\u015bci\u0105\u2019. To by\u0142 prze\u0142om nie tylko na miar\u0119 krajow\u0105, ale wr\u0119cz europejsk\u0105, kt\u00f3ry w konsekwencji doprowadzi\u0142 do demonta\u017cu ustroju komunistycznego w Europie \u015arodkowej. Dlatego to data wa\u017cna i b\u0119dzie ona si\u0119 pojawia\u0107 na kartach podr\u0119cznik\u00f3w do historii. 10 kwietnia 2010 r. takim dniem nie by\u0142\u201d<\/em>.<\/p>\n<p>Z powodu takich banalnych i oczywistych s\u0142\u00f3w, autor pamfletu na Pieronka ma do niego \u017cal. A przecie\u017c, \u017ceby nie wiem jak ubolewa\u0107 nad tragedi\u0105 smole\u0144sk\u0105, trudno j\u0105 uzna\u0107 za moment prze\u0142omowy w dziejach Polski i Europy. To, co powiedzia\u0142 biskup nt. porozumie\u0144 sierpniowych jest oczywiste, podobnie jak wydarzeniem historycznym by\u0142o obalenie muru berli\u0144skiego.<\/p>\n<p>Bp Pieronek nie jest moim faworytem, jego niekt\u00f3re wypowiedzi, np. o <em>\u201efeministycznym betonie, kt\u00f3ry si\u0119 nie zmieni nawet pod wp\u0142ywem kwasu solnego\u201d<\/em>, czy odes\u0142anie pos\u0142anki Senyszyn do \u201edojenia kr\u00f3w\u201d, wystawia mu kiepskie \u015bwiadectwo. Ale w tej sprawie &#8211; co jest, a co nie jest wydarzeniem epokowym \u2013 ma racj\u0119. Podobnie jak wtedy, kiedy powiedzia\u0142, \u017ce \u201ewi\u0119kszo\u015b\u0107 biskup\u00f3w jest zadymiona PiS-em\u201d.<\/p>\n<p>Owszem, Pieronek grzeszy, ale nazywa\u0107 go dy\u017curnym krzykaczem i wr\u00f3\u017cy\u0107, \u017ce \u017ale sko\u0144czy, bo \u201edowala PiS\u201d \u2013 to chyba przesada. Chyba, \u017ce na S\u0105dzie Ostatecznym b\u0119d\u0105 tylko trzy pytania: O stosunek do katastrofy smole\u0144skiej, do \u201eGazety Wyborczej\u201d i do PiS. Przekonamy si\u0119 na tamtym \u015bwiecie.<\/p>\n","protected":false},"excerpt":{"rendered":"<p>Nie s\u0105dzi\u0142em, \u017ce kiedykolwiek wyst\u0105pi\u0119 w obronie biskupa, a jednak\u2026 W tygodniku\u00a0 \u201eUwa\u017cam Rze\u201d pan Artur Bazak rozprawia si\u0119 z biskupem Tadeuszem Pieronkiem. Wystarczy przeczyta\u0107 tytu\u0142 \u201eRzecznik s\u0142usznej partii\u201d (czyli Platformy), \u017ceby wiedzie\u0107 o co chodzi. Autor przytacza\u00a0 pod adresem biskupa szereg zarzut\u00f3w, m.in. \u017ce zawsze dobrze \u017cy\u0142 z \u201eGazet\u0105 Wyborcz\u0105\u201d, udziela\u0142 wywiad\u00f3w \u201eGazecie\u201d, zasiada\u0142 [&hellip;]<\/p>\n","protected":false},"author":4,"featured_media":0,"comment_status":"open","ping_status":"open","sticky":false,"template":"","format":"standard","meta":{"footnotes":""},"categories":[23],"tags":[],"_links":{"self":[{"href":"https:\/\/blog.polityka.pl\/passent\/wp-json\/wp\/v2\/posts\/949"}],"collection":[{"href":"https:\/\/blog.polityka.pl\/passent\/wp-json\/wp\/v2\/posts"}],"about":[{"href":"https:\/\/blog.polityka.pl\/passent\/wp-json\/wp\/v2\/types\/post"}],"author":[{"embeddable":true,"href":"https:\/\/blog.polityka.pl\/passent\/wp-json\/wp\/v2\/users\/4"}],"replies":[{"embeddable":true,"href":"https:\/\/blog.polityka.pl\/passent\/wp-json\/wp\/v2\/comments?post=949"}],"version-history":[{"count":4,"href":"https:\/\/blog.polityka.pl\/passent\/wp-json\/wp\/v2\/posts\/949\/revisions"}],"predecessor-version":[{"id":1191,"href":"https:\/\/blog.polityka.pl\/passent\/wp-json\/wp\/v2\/posts\/949\/revisions\/1191"}],"wp:attachment":[{"href":"https:\/\/blog.polityka.pl\/passent\/wp-json\/wp\/v2\/media?parent=949"}],"wp:term":[{"taxonomy":"category","embeddable":true,"href":"https:\/\/blog.polityka.pl\/passent\/wp-json\/wp\/v2\/categories?post=949"},{"taxonomy":"post_tag","embeddable":true,"href":"https:\/\/blog.polityka.pl\/passent\/wp-json\/wp\/v2\/tags?post=949"}],"curies":[{"name":"wp","href":"https:\/\/api.w.org\/{rel}","templated":true}]}}