
{"id":954,"date":"2011-06-27T23:19:38","date_gmt":"2011-06-27T21:19:38","guid":{"rendered":"http:\/\/passent.blog.polityka.pl\/?p=954"},"modified":"2011-11-22T15:42:21","modified_gmt":"2011-11-22T13:42:21","slug":"grzmoty-przed-burza","status":"publish","type":"post","link":"https:\/\/blog.polityka.pl\/passent\/2011\/06\/27\/grzmoty-przed-burza\/","title":{"rendered":"Grzmoty przed burz\u0105"},"content":{"rendered":"<p>Raport komisji Millera zosta\u0142 zako\u0144czony w terminie bardzo dogodnym (cho\u0107 na taki raport pora nigdy nie jest odpowiednia). Do obj\u0119cia prezydencji europejskiej przez Polsk\u0119 pozosta\u0142o zaledwie kilka dni. Prezydencja jest wydarzeniem na tyle efektownym i wymownym, \u017ce nawet je\u017celi rz\u0105dowa machina PR nie b\u0119dzie przesadza\u0107, to i tak skupi ona na sobie znaczn\u0105 cz\u0119\u015b\u0107 zainteresowania. Tusk, kt\u00f3rego zdolno\u015b\u0107\u00a0 przetrwania podziwia\u0142 dzi\u015b Marek Belka w TVN 24, b\u0119dzie m\u00f3g\u0142 przyst\u0105pi\u0107 do prezydencji z ulg\u0105, \u017ce ma \u201eto\u201d (czyli raport) ju\u017c za sob\u0105. Zapewne b\u0119dzie musia\u0142 si\u0119 liczy\u0107 z ostrym atakiem PiS, ale gniew opozycji to dla premiera zjawisko normalne. Zapewne tak\u017ce premier b\u0119dzie musia\u0142 wyci\u0105gn\u0105\u0107 przykre wnioski z raportu, mo\u017ce nawet jednego\u00a0 i drugiego ministra zwolni\u0107, ale rozstania to dla Donalda Tuska nic nadzwyczajnego. Najpierw post\u0105pi\u0142 lojalnie i nikogo nie usun\u0105\u0142 przed otrzymaniem raportu, teraz mo\u017ce kogo\u015b zwolni\u0107, no bo \u201eto wynika z raportu\u201d.<\/p>\n<p>PiS na pewno b\u0119dzie z raportu niezadowolony. Jedn\u0105 czy drug\u0105 konkluzj\u0119 mo\u017ce nawet poprze, ale og\u00f3lna wymowa b\u0119dzie brzmia\u0142a: za ma\u0142o, za p\u00f3\u017ano, za bardzo pro-moskiewsko. Na wynik wybor\u00f3w raport nie b\u0119dzie mia\u0142 wi\u0119kszego wp\u0142ywu. To jest drugi pow\u00f3d, dlaczego raport ukazuje si\u0119 w terminie dla koalicji PO-PSL dogodnym: do wybor\u00f3w pozosta\u0142o ca\u0142e lato i p\u00f3\u0142 jesieni. Polacy wyje\u017cd\u017caj\u0105 na urlopy. Przez 4 miesi\u0105ce nie da si\u0119 utrzyma\u0107 raportu w centrum uwagi. Wa\u017cne, \u017ce ceny \u017cywno\u015bci i benzyny ju\u017c nie zwy\u017ckuj\u0105, a nawet zaczynaj\u0105 spada\u0107.<\/p>\n<p>Zanim raport zostanie opublikowany, mamy inne, mniejsze konflikty.\u00a0 Krzysztof Bondaryk, szef ABW, wydaje si\u0119 nie do obrony. Za zachowaniem go na obecnym stanowisku przemawia jego lojalno\u015b\u0107 wobec premiera oraz fakt, \u017ce du\u017co wie. Przeciwko \u2013 kompromituj\u0105ce wpadki finansowe, zdumiewaj\u0105co wysoko odprawa z poprzedniego miejsca pracy oraz zdumiewaj\u0105co niska cena u\u017cywanego samochodu s\u0142u\u017cbowego. M\u00f3wcie, co chcecie \u2013 ja bym od tego pana u\u017cywanego samochodu nie kupi\u0142. Prawa mo\u017ce nie z\u0142ama\u0142, ale zaufania nie budzi.<\/p>\n<p>Afera Rydzyka, czyli ojciec dyrektor m\u00f3wi w Brukseli, \u017ce w Polsce panuje totalitaryzm, jest gorzej ni\u017c za komunizmu, od 1939 roku nie rz\u0105dz\u0105 Polacy i temu podobne brednie. Czy min. Sikorski s\u0142usznie napisa\u0142 not\u0119 do Watykanu &#8211;\u00a0 nie wiem, mo\u017ce wystarczy\u0142o zaprosi\u0107 na rozmow\u0119 nuncjusza. Ale je\u017celi kilka dni wcze\u015bniej premier powiedzia\u0142 \u201eA\u201d, czyli, \u017ce nie b\u0119dzie kl\u0119ka\u0142 przed ksi\u0119dzem, tylko w ko\u015bciele, przed Panem Bogiem,\u00a0\u00a0 to teraz nale\u017ca\u0142o powiedzie\u0107 \u201eB\u201d i wykona\u0107 jaki\u015b gest dezaprobaty dla o. Rydzyka i jego stronnik\u00f3w w Episkopacie. Z punktu widzenia nadchodz\u0105cych wybor\u00f3w (a to jest dla PP.\u00a0 Tuska i Sikorskiego najwa\u017cniejsze) jest to kolejny uk\u0142on pod adresem centro-lewicy. Na g\u0142osy \u015brodowisk radio-maryjnych Platforma i tak nie ma co liczy\u0107. Je\u015bli s\u0105 jeszcze g\u0142osy do z\u0142owienia, to w\u015br\u00f3d przeciwnik\u00f3w\u00a0 doktora-dyrektora, maj\u0105cych premierowi za z\u0142e nadmiern\u0105 uleg\u0142o\u015b\u0107 wobec Episkopatu w takich sprawach jak zwi\u0105zki partnerskie, in vitro i w og\u00f3le pe\u0142zaj\u0105ca teokracja.<\/p>\n<p>I wreszcie kwestia opinii psychiatrycznej na temat: czy Jaros\u0142aw Kaczy\u0144ski mo\u017ce uczestniczy\u0107 w rozprawie s\u0105dowej? W tej sprawie dziwi mnie opinia Stefana Niesio\u0142owskiego i wszystkich, kt\u00f3rzy uwa\u017caj\u0105, \u017ce to jest dla prezesa PiS \u201eupokarzaj\u0105ce\u201d. Czas najwy\u017cszy przesta\u0107 traktowa\u0107 problemy zdrowia\u00a0 psychicznego jak choroby wstydliwe, np. weneryczne, ki\u0142a, syfilis etc. W czasach, kiedy coraz wi\u0119cej ludzi kulturalnych szuka porady u psycholog\u00f3w, a dobrzy psychiatrzy potrafi\u0105 bra\u0107 za wizyt\u0119 prywatn\u0105 200-300 z\u0142otych, czas porzuci\u0107 fa\u0142szywy wstyd. Przesta\u0144my traktowa\u0107 problemy psychiczne jako wstydliwe,\u00a0 a ludzi, kt\u00f3rzy si\u0119 z nimi borykaj\u0105, jak tr\u0119dowatych.<\/p>\n<p>Teraz pozostaje czeka\u0107 na\u00a0 burz\u0119 smole\u0144sk\u0105.<\/p>\n","protected":false},"excerpt":{"rendered":"<p>Raport komisji Millera zosta\u0142 zako\u0144czony w terminie bardzo dogodnym (cho\u0107 na taki raport pora nigdy nie jest odpowiednia). Do obj\u0119cia prezydencji europejskiej przez Polsk\u0119 pozosta\u0142o zaledwie kilka dni. Prezydencja jest wydarzeniem na tyle efektownym i wymownym, \u017ce nawet je\u017celi rz\u0105dowa machina PR nie b\u0119dzie przesadza\u0107, to i tak skupi ona na sobie znaczn\u0105 cz\u0119\u015b\u0107 zainteresowania. [&hellip;]<\/p>\n","protected":false},"author":4,"featured_media":0,"comment_status":"open","ping_status":"open","sticky":false,"template":"","format":"standard","meta":{"footnotes":""},"categories":[11],"tags":[],"_links":{"self":[{"href":"https:\/\/blog.polityka.pl\/passent\/wp-json\/wp\/v2\/posts\/954"}],"collection":[{"href":"https:\/\/blog.polityka.pl\/passent\/wp-json\/wp\/v2\/posts"}],"about":[{"href":"https:\/\/blog.polityka.pl\/passent\/wp-json\/wp\/v2\/types\/post"}],"author":[{"embeddable":true,"href":"https:\/\/blog.polityka.pl\/passent\/wp-json\/wp\/v2\/users\/4"}],"replies":[{"embeddable":true,"href":"https:\/\/blog.polityka.pl\/passent\/wp-json\/wp\/v2\/comments?post=954"}],"version-history":[{"count":7,"href":"https:\/\/blog.polityka.pl\/passent\/wp-json\/wp\/v2\/posts\/954\/revisions"}],"predecessor-version":[{"id":1189,"href":"https:\/\/blog.polityka.pl\/passent\/wp-json\/wp\/v2\/posts\/954\/revisions\/1189"}],"wp:attachment":[{"href":"https:\/\/blog.polityka.pl\/passent\/wp-json\/wp\/v2\/media?parent=954"}],"wp:term":[{"taxonomy":"category","embeddable":true,"href":"https:\/\/blog.polityka.pl\/passent\/wp-json\/wp\/v2\/categories?post=954"},{"taxonomy":"post_tag","embeddable":true,"href":"https:\/\/blog.polityka.pl\/passent\/wp-json\/wp\/v2\/tags?post=954"}],"curies":[{"name":"wp","href":"https:\/\/api.w.org\/{rel}","templated":true}]}}