
{"id":960,"date":"2011-07-03T11:21:35","date_gmt":"2011-07-03T09:21:35","guid":{"rendered":"http:\/\/passent.blog.polityka.pl\/?p=960"},"modified":"2011-11-22T15:41:27","modified_gmt":"2011-11-22T13:41:27","slug":"pogrzeby-to-nasza-spejalnosc","status":"publish","type":"post","link":"https:\/\/blog.polityka.pl\/passent\/2011\/07\/03\/pogrzeby-to-nasza-spejalnosc\/","title":{"rendered":"Pogrzeby to nasza specjalno\u015b\u0107"},"content":{"rendered":"<p>Mamy za sob\u0105 wielki tydzie\u0144, kt\u00f3ry chcia\u0142bym podsumowa\u0107. Zaczn\u0119 banalnie: Najgorsza by\u0142a pogoda. By\u0107 mo\u017ce jest to reakcja niebios na zapowied\u017a Donalda Tuska, \u017ce nie b\u0119dzie kl\u0119ka\u0142 przed ksi\u0119\u017cmi, a tylko przed panem Bogiem \u00a0w ko\u015bciele? By\u0107 mo\u017ce zapomnia\u0142 si\u0119 pomodli\u0107? Mo\u017ce za kr\u00f3tko kl\u0119cza\u0142? W ka\u017cdym razie pogoda zepsu\u0142 troch\u0119 nastr\u00f3j\u00a0 wielu dobrze pomy\u015blanych imprez, mam na my\u015bli koncert na Placu Defilad (frekwencja i tak by\u0142a imponuj\u0105ca), dywan z kwiat\u00f3w na Pl. Zamkowym i wydarzenia przy fontannach na Podzamczu. Ale w sumie inauguracja polskiej PREZYDENCJI wypad\u0142a bez zarzutu. Nawet prezes Kaczy\u0144ski zapowiedzia\u0142, \u017ce jego partia chce, \u017ceby prezydencja si\u0119 uda\u0142a, nie b\u0119dzie skaka\u0142 z rado\u015bci w razie niepowodze\u0144. Inna sprawa, \u017ce nic innego nie m\u00f3g\u0142 powiedzie\u0107, i miejmy nadziej\u0119, \u017ce za tymi s\u0142owami p\u00f3jd\u0105 czyny. Jak dotychczas, \u017caden z polskich polityk\u00f3w nie pope\u0142ni\u0142 gafy.<\/p>\n<p>By\u0142em w Teatrze Wielkim na uroczystym koncercie (\u201eKr\u00f3l Roger\u201d w \u015bwietnej inscenizacji). Przemawiali wszyscy unijni \u015bwi\u0119ci. Premier Buzek troch\u0119 przynudza\u0142, przewodnicz\u0105cy Barroso dosta\u0142 oklaski, gdy\u017c dobrze zna Polsk\u0119, dobrze si\u0119 u nas czuje, wypowiedzia\u0142 kilka s\u0142\u00f3w po polsku, co publiczno\u015b\u0107\u00a0 zawsze lubi, przypomnia\u0142, \u017ce Polska dosta\u0142a trzy smakowite k\u0105ski: Prezydencj\u0119, Euro 2012 i Wroc\u0142aw stolica kulturalna Europy w 2016 roku. To nie byle co.\u00a0 Donald Tusk \u2013 jako jedyny \u2013 przemawia\u0142 bez kartki, ale to, co najwa\u017cniejsze, powiedzia\u0142. Dobrze wypad\u0142 przekazuj\u0105cy prezydencj\u0119 premier W\u0119gier Victor Orban, kt\u00f3rego przem\u00f3wienie by\u0142o oczekiwane z zainteresowaniem, poniewa\u017c jest w Polsce s\u0142abo znany, a jego polityka budzi strach jako bardzo konserwatywna i\u00a0 autorytarna (stosunek do medi\u00f3w!). Orban zebra\u0142 wiele pochwa\u0142 za prezydencj\u0119 w\u0119giersk\u0105, wyg\u0142osi\u0142 dobre przem\u00f3wienie, jak przysta\u0142o na twardego konserwatyst\u0119, jako jedyny wspomnia\u0142 o komunizmie i o panu Bogu. Uroczysto\u015bci si\u0119 sko\u0144czy\u0142y i teraz czas na prezydencj\u0119. B\u0119dzie trudna (Grecja! Afryka P\u00f3\u0142nocna! Euro! ), ale udana \u2013 mamy wielu dobrych dyplomat\u00f3w i urz\u0119dnik\u00f3w, tak\u017ce w Brukseli. Tusk zebra\u0142 wiele pochwa\u0142, wida\u0107, \u017ce on i Polska s\u0105 dzi\u015b w Unii akceptowane.<\/p>\n<p>Opozycja robi swoje. Tu\u017c przed obj\u0119ciem prezydencji\u00a0 przypu\u015bci\u0142a atak: Najwi\u0119ksza od lat demonstracja Solidarno\u015bci zwi\u0105zkowej oraz BIA\u0141A KSI\u0118GA zespo\u0142u Macierewicza. To \u015bwi\u0119te prawo opozycji, cho\u0107 pozostaje dyskusyjne, czy wigilia polskiej prezydencji, to najbardziej stosowny moment. Zwi\u0105zek zawodowy \u201eS\u201d pod nowym kierownictwem nie rzuca przynajmniej kamieniami i nie pali opon jak za czas\u00f3w p. \u015aniadka. To ju\u017c jest post\u0119p.<\/p>\n<p>Natomiast Antoni Macierewicz si\u0119 nie zmienia \u2013 jego raport o wszystko obwinia Rosjan i ich polskich wsp\u00f3lnik\u00f3w, &#8222;Tuska i sp\u00f3\u0142k\u0119\u201d, tylko nie Kancelari\u0119 Prezydenta Kaczy\u0144skiego oraz tragiczne ofiary. W Bia\u0142ej Ksi\u0119dze zamiast absurd\u00f3w o sztucznej mgle, helu i super-magnezie, pojawi\u0142 si\u0119 nowy, o \u201eobezw\u0142adnieniu\u201d samolotu na wysoko\u015bci 15 m. Cz\u0119\u015b\u0107 pretensji Bia\u0142ej Ksi\u0119gi dotycz\u0105ca przygotowania wizyty przez stron\u0119 polsk\u0105 i nieudolnym naprowadzeniu samolotu zawiera\u0142aby racjonalne j\u0105dro, gdyby nie by\u0142a podlana insynuacjami o celowym prowadzaniu samolotu do katastrofy itd., gdyby to wszystko nie by\u0142o w takim partyjnym sosie, gdyby winni nie byli tylko ludzie Putina i Tuska. Bia\u0142a Ksi\u0119ga zosta\u0142a przekre\u015blona przez ekspert\u00f3w lotniczych, nie podpisa\u0142 si\u0119 pod ni\u0105 \u017caden znany specjalista. O wiele wi\u0119cej zaufania budzi\u0142 wywiad prof. \u017bylicza w \u201eGW\u201d, kt\u00f3ry potwierdza\u0142, \u017ce winien by\u0142 s\u0142owia\u0144ski ba\u0142agan i lekcewa\u017cenie norm po obu stronach granicy. Nie by\u0142 to wywiad pocieszaj\u0105cy dla min. Klicha.<\/p>\n<p>Z nadziej\u0105 czekam na RAPORT KOMISJI MILLERA, kt\u00f3ry zostanie opublikowany lada dzie\u0144. Nie spodziewam si\u0119 rewelacji, tylko rzeczowego om\u00f3wienia okoliczno\u015bci i b\u0142\u0119d\u00f3w. Nie podoba\u00a0 mi si\u0119 poganianie autor\u00f3w i t\u0142umaczy. Czas przygotowania raportu nie jest d\u0142ugi, a t\u0142umaczenia \u2013 potrzebne, \u017ceby unikn\u0105\u0107 rozmaitych interpretacji kluczowych nie raz s\u0142\u00f3w. Ten raport musi by\u0107 przede wszystkim dobry, rzetelny, apolityczny. Niestety, media domagaj\u0105 si\u0119 przede wszystkim personali\u00f3w, ofiar, chc\u0105 mie\u0107 g\u0142owy winnych podane na tacy. Bardzo jestem ciekaw, co zrobi premier, czy po\u015bwi\u0119ci ministra Klicha, ale najwa\u017cniejsze jest usuni\u0119cie b\u0142\u0119d\u00f3w systemowych (szkolenie pilot\u00f3w) i zmiana mentalno\u015bci, kt\u00f3rej tragiczne dowody mieli\u015bmy ostatnio w Hiszpanii oraz na pokazach lotniczych w P\u0142ocku, a tak\u017ce ponad 70 ofiar \u015bmiertelnych podczas weekendu na drogach. Nasza kultura jest na poziomie furmanek i latawc\u00f3w, a nie szybkich samochod\u00f3w, samolot\u00f3w i \u015bmig\u0142owc\u00f3w. Nasza specjalno\u015b\u0107 to nadal pogrzeby.<\/p>\n","protected":false},"excerpt":{"rendered":"<p>Mamy za sob\u0105 wielki tydzie\u0144, kt\u00f3ry chcia\u0142bym podsumowa\u0107. Zaczn\u0119 banalnie: Najgorsza by\u0142a pogoda. By\u0107 mo\u017ce jest to reakcja niebios na zapowied\u017a Donalda Tuska, \u017ce nie b\u0119dzie kl\u0119ka\u0142 przed ksi\u0119\u017cmi, a tylko przed panem Bogiem \u00a0w ko\u015bciele? By\u0107 mo\u017ce zapomnia\u0142 si\u0119 pomodli\u0107? Mo\u017ce za kr\u00f3tko kl\u0119cza\u0142? W ka\u017cdym razie pogoda zepsu\u0142 troch\u0119 nastr\u00f3j\u00a0 wielu dobrze pomy\u015blanych [&hellip;]<\/p>\n","protected":false},"author":4,"featured_media":0,"comment_status":"open","ping_status":"open","sticky":false,"template":"","format":"standard","meta":{"footnotes":""},"categories":[11],"tags":[],"_links":{"self":[{"href":"https:\/\/blog.polityka.pl\/passent\/wp-json\/wp\/v2\/posts\/960"}],"collection":[{"href":"https:\/\/blog.polityka.pl\/passent\/wp-json\/wp\/v2\/posts"}],"about":[{"href":"https:\/\/blog.polityka.pl\/passent\/wp-json\/wp\/v2\/types\/post"}],"author":[{"embeddable":true,"href":"https:\/\/blog.polityka.pl\/passent\/wp-json\/wp\/v2\/users\/4"}],"replies":[{"embeddable":true,"href":"https:\/\/blog.polityka.pl\/passent\/wp-json\/wp\/v2\/comments?post=960"}],"version-history":[{"count":7,"href":"https:\/\/blog.polityka.pl\/passent\/wp-json\/wp\/v2\/posts\/960\/revisions"}],"predecessor-version":[{"id":1186,"href":"https:\/\/blog.polityka.pl\/passent\/wp-json\/wp\/v2\/posts\/960\/revisions\/1186"}],"wp:attachment":[{"href":"https:\/\/blog.polityka.pl\/passent\/wp-json\/wp\/v2\/media?parent=960"}],"wp:term":[{"taxonomy":"category","embeddable":true,"href":"https:\/\/blog.polityka.pl\/passent\/wp-json\/wp\/v2\/categories?post=960"},{"taxonomy":"post_tag","embeddable":true,"href":"https:\/\/blog.polityka.pl\/passent\/wp-json\/wp\/v2\/tags?post=960"}],"curies":[{"name":"wp","href":"https:\/\/api.w.org\/{rel}","templated":true}]}}