
{"id":976,"date":"2011-07-17T18:12:35","date_gmt":"2011-07-17T16:12:35","guid":{"rendered":"http:\/\/passent.blog.polityka.pl\/?p=976"},"modified":"2011-11-22T15:36:29","modified_gmt":"2011-11-22T13:36:29","slug":"panu-juz-dziekujemy","status":"publish","type":"post","link":"https:\/\/blog.polityka.pl\/passent\/2011\/07\/17\/panu-juz-dziekujemy\/","title":{"rendered":"Panu ju\u017c dzi\u0119kujemy"},"content":{"rendered":"<p>Panie premierze!<\/p>\n<p>Nazywam si\u0119 Marian, mam 27 lat. Jestem kibicem \u201eLegii\u201d. To ja trzyma\u0142em transparent, kt\u00f3ry policja wyrywa\u0142a nam z r\u0105k. Wszed\u0142em na muraw\u0119, bo kocham pi\u0142k\u0119. Mimo, \u017ce przyszed\u0142em na legalny mecz, by\u0142em szarpany za koszulk\u0119, zosta\u0142em spisany i sfotografowany przez policj\u0119. Musz\u0119 pana zapyta\u0107 \u2013 jak d\u0142ugo jeszcze polscy kibice b\u0119d\u0105 traktowani jak przest\u0119pcy? Czy kiedy pan idzie na mecz, to nie boi si\u0119 pan dosta\u0107 pa\u0142k\u0105 i zosta\u0107 poplamiony przez armatk\u0119 wodn\u0105? Przecie\u017c tu nie jest Grecja, tylko Polska.\u00a0\u00a0\u00a0 Kibic te\u017c cz\u0142owiek, p\u0142aci za bilet i oczekuje godnego traktowania. I niech pan mi nie m\u00f3wi, \u017ce kto krytykuje policj\u0119, ten krytykuje Polsk\u0119. Czas na odwa\u017cne decyzje \u2013 wykopuj\u0119 pana na out!<\/p>\n<p>Nazywam si\u0119 Helena, lat 73. Chcia\u0142am si\u0119 zapisa\u0107 na uniwersytet trzeciego wieku, to nie przyj\u0119li z braku miejsc. Chcia\u0142am wej\u015b\u0107 do centrum imienia Kopernika \u2013 dwie godziny stania po bilet. Czas oczekiwania na operacj\u0119 stawu biodrowego \u2013 rok. Na protez\u0119 stomatologiczn\u0105 \u2013 dwa. Nawet m\u0142odsi ode mnie nie mogli tyle usta\u0107 w kolejce. Do waszego rz\u0105du trzeba mie\u0107 ko\u0144skie zdrowie. Macie usta pe\u0142ne troski o ludzi wykluczonych, co ten minister Ar\u0142ukowicz robi poza dobrym wra\u017ceniem? Mo\u017ce by nas\u00a0 zabra\u0142 chocia\u017c do planetarium? Musz\u0119 to panu powiedzie\u0107: Panu ju\u017c dzi\u0119kuj\u0119. Mam nadziej\u0119, \u017ce do\u017cyj\u0119 do nowego rz\u0105du.<\/p>\n<p>Nazywam si\u0119 Justyna, lat 23. Sko\u0144czy\u0142am studia dziennikarskie, na uczelni\u0119 pa\u0144stwow\u0105 si\u0119 nie dosta\u0142am, bo pochodz\u0119 ze Skoczowa i nie mam znajomo\u015bci. Rodzice p\u0142acili za moje studia. Teraz, kiedy powinnam na siebie zarabia\u0107, nie mog\u0119 dosta\u0107 pracy w zawodzie. W mediach panuje kryzys, za kt\u00f3ry odpowiada rz\u0105d. To po co wyci\u0105gano od nas pieni\u0105dze i \u0142udzono mira\u017cem kariery? Czy ze swoim dyplomem mam stan\u0105\u0107 na zmywaku? Niech pan mi nie m\u00f3wi, \u017ce kto krytykuje pana, ten krytykuje nasz\u0105 prezydencj\u0119. Jaka ona \u201enasza\u201d? To pana prezydencja, a panu ju\u017c dzi\u0119kujemy.<\/p>\n<p>Nazywam si\u0119 Witek, lat 19. Jestem internaut\u0105. Nie mam czasu ani pieni\u0119dzy, \u017ceby zrobi\u0107 matur\u0119, bo za tematy trzeba zap\u0142aci\u0107 kup\u0119 kasy. Ci\u0105gle chodz\u0119 niewyspany, nocami siedz\u0119 w Internacie, pod \u0142\u00f3\u017ckiem trzymam zapasow\u0105 zmian\u0119 bielizny i szczoteczk\u0119 do z\u0119b\u00f3w.. Wstaj\u0119\u00a0 o 5.30 rano, \u017ceby posprz\u0105ta\u0107 i zrobi\u0107 kaw\u0119 na\u00a0 przyj\u015bcie CBA. Panowie lubi\u0105 jak jest czysto i smacznie. Mam ju\u017c tego do\u015b\u0107, my\u015bl\u0119 o emigracji, ale wola\u0142bym, \u017ceby to pan wyemigrowa\u0142, panie Tusk do tej swojej Angeli. Ch\u0119tnie do\u0142o\u017c\u0119 si\u0119 do biletu. Czas na odwa\u017cnom decyzje!<\/p>\n<p>Nazywam si\u0119 Hieronim, lat 60. Mieszkam niedaleko tr\u0105by powietrznej. Widzia\u0142em, jak pan zwiedza\u0142 zag\u0142\u0119bie paprykowe. Ci\u0105gle pan si\u0119 wypowiada\u0142 w telewizji, ale s\u0142owem nie wspomnia\u0142 o ubezpieczeniach plon\u00f3w i teraz ja oraz inni podatnicy mamy p\u0142aci\u0107 paprykowym kapitalistom. Gdyby Platforma mia\u0142a odrobin\u0119 odwagi, to by wprowadzi\u0142a obowi\u0105zkowe ubezpieczenie. Boi si\u0119 pan, \u017ce spotka pana\u00a0 los Cimoszewicza. Czas na odwa\u017cne decyzje. Pozdrowienia dla pani Jaruckiej i pos\u0142a Miodowicza! Zwalniam pana ze skutkiem natychmiastowym.<\/p>\n<p>Panie premierze, s\u0142yszy mnie pan? Nie jestem aktork\u0105, tylko Polk\u0105. Oburza mnie, \u017ce minister Rostowski, poprzez swoje znajomo\u015bci w Londynie, znalaz\u0142 kupca na 51 proc. udzia\u0142\u00f3w\u00a0 w moim ulubionym koncernie Presspublika. Ciekawe, jak\u0105 wzi\u0105\u0142 prowizj\u0119 i czy podzieli\u0142 si\u0119 tylko z ministrem skarbu, czy w z panem r\u00f3wnie\u017c. Pa\u0144ski rz\u0105d, za pa\u0144stwowe pieni\u0105dze i poprzez podstawionego cz\u0142owieka, chce zlikwidowa\u0107 jedyny niezale\u017cny i opiniotw\u00f3rczy dziennik w Polsce. Musz\u0119 to panu powiedzie\u0107: Je\u017celi \u201eRzeczpolita\u201d dostanie si\u0119 w \u0142apy rz\u0105du, to czas na odwa\u017cne decyzje &#8211; ja emigruj\u0119 do \u201eNews of the World\u201d.\u00a0\u00a0 A pan chyba na Kajmany.<\/p>\n","protected":false},"excerpt":{"rendered":"<p>Panie premierze! Nazywam si\u0119 Marian, mam 27 lat. Jestem kibicem \u201eLegii\u201d. To ja trzyma\u0142em transparent, kt\u00f3ry policja wyrywa\u0142a nam z r\u0105k. Wszed\u0142em na muraw\u0119, bo kocham pi\u0142k\u0119. Mimo, \u017ce przyszed\u0142em na legalny mecz, by\u0142em szarpany za koszulk\u0119, zosta\u0142em spisany i sfotografowany przez policj\u0119. Musz\u0119 pana zapyta\u0107 \u2013 jak d\u0142ugo jeszcze polscy kibice b\u0119d\u0105 traktowani jak [&hellip;]<\/p>\n","protected":false},"author":4,"featured_media":0,"comment_status":"open","ping_status":"open","sticky":false,"template":"","format":"standard","meta":{"footnotes":""},"categories":[11],"tags":[],"_links":{"self":[{"href":"https:\/\/blog.polityka.pl\/passent\/wp-json\/wp\/v2\/posts\/976"}],"collection":[{"href":"https:\/\/blog.polityka.pl\/passent\/wp-json\/wp\/v2\/posts"}],"about":[{"href":"https:\/\/blog.polityka.pl\/passent\/wp-json\/wp\/v2\/types\/post"}],"author":[{"embeddable":true,"href":"https:\/\/blog.polityka.pl\/passent\/wp-json\/wp\/v2\/users\/4"}],"replies":[{"embeddable":true,"href":"https:\/\/blog.polityka.pl\/passent\/wp-json\/wp\/v2\/comments?post=976"}],"version-history":[{"count":5,"href":"https:\/\/blog.polityka.pl\/passent\/wp-json\/wp\/v2\/posts\/976\/revisions"}],"predecessor-version":[{"id":1182,"href":"https:\/\/blog.polityka.pl\/passent\/wp-json\/wp\/v2\/posts\/976\/revisions\/1182"}],"wp:attachment":[{"href":"https:\/\/blog.polityka.pl\/passent\/wp-json\/wp\/v2\/media?parent=976"}],"wp:term":[{"taxonomy":"category","embeddable":true,"href":"https:\/\/blog.polityka.pl\/passent\/wp-json\/wp\/v2\/categories?post=976"},{"taxonomy":"post_tag","embeddable":true,"href":"https:\/\/blog.polityka.pl\/passent\/wp-json\/wp\/v2\/tags?post=976"}],"curies":[{"name":"wp","href":"https:\/\/api.w.org\/{rel}","templated":true}]}}