
{"id":983,"date":"2011-07-24T19:06:21","date_gmt":"2011-07-24T17:06:21","guid":{"rendered":"http:\/\/passent.blog.polityka.pl\/?p=983"},"modified":"2011-11-22T15:33:27","modified_gmt":"2011-11-22T13:33:27","slug":"wulkan-multi-kulti","status":"publish","type":"post","link":"https:\/\/blog.polityka.pl\/passent\/2011\/07\/24\/wulkan-multi-kulti\/","title":{"rendered":"Wulkan multi-kulti"},"content":{"rendered":"<p>Potworne zbrodnie w Norwegii ka\u017c\u0105 si\u0119 zastanowi\u0107 nad przysz\u0142o\u015bci\u0105 polityki multi-kulti w Ameryce i w Europie.\u00a0 To prawdziwy wulkan, kt\u00f3ry od czasu do czasu wybucha, czyni\u0105c potworne szkody: rozruchy we Francji, zamach w Oklahoma City (1995), napi\u0119cie w \u201etureckich\u201d dzielnicach\u00a0 w Niemczech, konflikt wok\u00f3\u0142 Rom\u00f3w w naszej cz\u0119\u015bci Europy, fala nielegalnych imigrant\u00f3w, kt\u00f3rzy przyp\u0142ywaj\u0105 do W\u0142och, Francji i Hiszpanii \u2013 wszystko to pokazuje na groz\u0119 sytuacji.<\/p>\n<p>Kompromitacja rasizmu, kt\u00f3rego kulminacj\u0105 by\u0142a II Wojna \u015awiatowa, zbrodnie Hitlera i Stalina,\u00a0 koniec kolonializmu, powojenna prosperity Europy, kt\u00f3ra potrzebowa\u0142a r\u0105k do pracy, liberalna polityka Unii Europejskiej, respektowanie praw cz\u0142owieka\u00a0 \u2013 wszystko to spowodowa\u0142o, \u017ce mamy dzi\u015b Europ\u0119 nie tylko wielonarodow\u0105, ale i wieloetniczn\u0105. Budzi to coraz wi\u0119ksze niezadowolenie bia\u0142ej, chrze\u015bcija\u0144skiej wi\u0119kszo\u015bci. Na scenie politycznej oznacza to wzrost nacjonalizmu, ksenofobii, rasizmu i partii politycznych, kt\u00f3re s\u0105 tego wyrazem. Najwi\u0119kszy sprzeciw notujemy tam, gdzie polityka multi-kulti by\u0142a najwi\u0119ksza, czyli w Skandynawii, w Niemczech i we Francji. W Szwecji partia Szwedzkich Demokrat\u00f3w uzyska\u0142a 5,7 % g\u0142os\u00f3w i po raz pierwszy wesz\u0142a do parlamentu, W Holandii Partia Wolno\u015bci \u2013 15,5 %, Partia Prawdziwych Fin\u00f3w\u00a0 &#8211; 19 %, w Norwegii Partia Post\u0119pu \u2013 23 %, we Francji kandydatka Frontu Narodowego na urz\u0105d prezydenta, Le Pen, ma szanse wej\u015b\u0107 do drugiej tury wybor\u00f3w.<\/p>\n<p>W Niemczech kanclerz Merkel przyzna\u0142a niedawno, \u017ce polityka multi-kulti ponios\u0142a fiasko.\u00a0 Jak pisze \u201eNew York Times\u201d,\u00a0 to o czym do niedawno rozmawiano w piwiarniach i pok\u0105tnie, wesz\u0142o do g\u0142\u00f3wnego\u00a0 dyskursu politycznego. Has\u0142a, kt\u00f3re uchodzi\u0142y za wstydliwe, pojawiaj\u0105 si\u0119 na plakatach i w przem\u00f3wieniach. Jak powiedzia\u0142 Hajo Funke, z Wolnego Uniwersytetu w Berlinie, \u201eTo m\u00f3g\u0142 by\u0107 czyn pojedynczego szale\u0144ca, ale \u015brodowisko skrajnej prawicy stwarza atmosfer\u0119 w kt\u00f3rej tacy ludzie mog\u0105 wkroczy\u0107 na drog\u0119 przemocy\u201d. Nie od rzeczy w tym wszystkim jest rola Internetu i wzrost nienawi\u015bci, o czym \u015bwiadczy nasz polski przypadek zab\u00f3jstwa dzia\u0142acza PiS w \u0141odzi.<\/p>\n<p>Multi-kulti to kwadratura ko\u0142a, kt\u00f3rej nikt nie potrafi rozwi\u0105za\u0107.\u00a0 Wkr\u00f3tce pojawi si\u0119 on i w Polsce.\u00a0 Nie mo\u017cna b\u0119dzie tego zrzuci\u0107 wy\u0142\u0105cznie na Uni\u0119 Europejsk\u0105, gdy\u017c nawet Szwajcaria, nie m\u00f3wi\u0105c o Norwegii, nie jest wolna od tego problemu. Bogate kraje nie mog\u0105 ju\u017c uwolni\u0107 si\u0119\u00a0 od mniejszo\u015bci etnicznych, w Stanach Zjednoczonych Latynosi stanowi\u0105 ju\u017c najwi\u0119ksz\u0105 mniejszo\u015b\u0107 i wkr\u00f3tce stan\u0105 si\u0119 wi\u0119kszo\u015bci\u0105,\u00a0 w Europie przybywa muzu\u0142man\u00f3w, kt\u00f3rzy skupiaj\u0105 na sobie wrogo\u015b\u0107 nienawistnik\u00f3w, tak jak kiedy\u015b \u017bydzi. Obok terroryzmu rodem z pa\u0144stw islamskich, powraca terroryzm rasy wy\u017cszej, etnicznie czystych blondyn\u00f3w.\u00a0 Skutkiem b\u0119dzie wzrost napi\u0119cia, zaostrzenie przepis\u00f3w imigracyjnych, kryzys pa\u0144stwa dobrobytu, kt\u00f3re \u201erozpieszcza\u0142o\u201d imigrant\u00f3w, ale na d\u0142u\u017csz\u0105 met\u0119 problem nie wydaje si\u0119 do rozwi\u0105zania.<\/p>\n","protected":false},"excerpt":{"rendered":"<p>Potworne zbrodnie w Norwegii ka\u017c\u0105 si\u0119 zastanowi\u0107 nad przysz\u0142o\u015bci\u0105 polityki multi-kulti w Ameryce i w Europie.\u00a0 To prawdziwy wulkan, kt\u00f3ry od czasu do czasu wybucha, czyni\u0105c potworne szkody: rozruchy we Francji, zamach w Oklahoma City (1995), napi\u0119cie w \u201etureckich\u201d dzielnicach\u00a0 w Niemczech, konflikt wok\u00f3\u0142 Rom\u00f3w w naszej cz\u0119\u015bci Europy, fala nielegalnych imigrant\u00f3w, kt\u00f3rzy przyp\u0142ywaj\u0105 do [&hellip;]<\/p>\n","protected":false},"author":4,"featured_media":0,"comment_status":"open","ping_status":"open","sticky":false,"template":"","format":"standard","meta":{"footnotes":""},"categories":[11],"tags":[],"_links":{"self":[{"href":"https:\/\/blog.polityka.pl\/passent\/wp-json\/wp\/v2\/posts\/983"}],"collection":[{"href":"https:\/\/blog.polityka.pl\/passent\/wp-json\/wp\/v2\/posts"}],"about":[{"href":"https:\/\/blog.polityka.pl\/passent\/wp-json\/wp\/v2\/types\/post"}],"author":[{"embeddable":true,"href":"https:\/\/blog.polityka.pl\/passent\/wp-json\/wp\/v2\/users\/4"}],"replies":[{"embeddable":true,"href":"https:\/\/blog.polityka.pl\/passent\/wp-json\/wp\/v2\/comments?post=983"}],"version-history":[{"count":7,"href":"https:\/\/blog.polityka.pl\/passent\/wp-json\/wp\/v2\/posts\/983\/revisions"}],"predecessor-version":[{"id":988,"href":"https:\/\/blog.polityka.pl\/passent\/wp-json\/wp\/v2\/posts\/983\/revisions\/988"}],"wp:attachment":[{"href":"https:\/\/blog.polityka.pl\/passent\/wp-json\/wp\/v2\/media?parent=983"}],"wp:term":[{"taxonomy":"category","embeddable":true,"href":"https:\/\/blog.polityka.pl\/passent\/wp-json\/wp\/v2\/categories?post=983"},{"taxonomy":"post_tag","embeddable":true,"href":"https:\/\/blog.polityka.pl\/passent\/wp-json\/wp\/v2\/tags?post=983"}],"curies":[{"name":"wp","href":"https:\/\/api.w.org\/{rel}","templated":true}]}}