
{"id":99,"date":"2006-07-30T23:59:53","date_gmt":"2006-07-30T21:59:53","guid":{"rendered":"http:\/\/passent.blog.polityka.pl\/?p=99"},"modified":"2006-07-31T00:04:56","modified_gmt":"2006-07-30T22:04:56","slug":"koniec-tygodnia-to","status":"publish","type":"post","link":"https:\/\/blog.polityka.pl\/passent\/2006\/07\/30\/koniec-tygodnia-to\/","title":{"rendered":"Koniec tygodnia to:"},"content":{"rendered":"<p>+ <strong>Czytanie<\/strong> &#8211; wspomnienia Mieczys\u0142awa Ja\u0142owieckiego \u201eNa skraju imperium\u201d, t. I, z okresu I wojny \u015bwiatowej, doskona\u0142a rzecz, ale dla cierpliwych. Powolna narracja, troch\u0119 nie na dzisiejsze czasy. Ale te\u017c i czasy by\u0142y niedzisiejsze:\u00a0zab\u00f3r rosyjski, ziemia\u0144stwo, dekadencja w Petersburgu. \u015awietna lektura do poduszki. Z prasy bie\u017c\u0105cej \u2013 ciekawy dialog\u00a0 w \u201eGazecie \u015awi\u0105tecznej\u201d. Prof. Karol Modzelewski (ten od listu Kuronia i Modzelewskiego), jeden z najwybitniejszych dzia\u0142aczy lewicowej opozycji antykomunistycznej, o bie\u017c\u0105cej sytuacji w Polsce: \u201eCzy przyw\u00f3dcy PiS maj\u0105 zamiar uczyni\u0107 z Polskie pa\u0144stwo policyjne? Moim zdaniem nie, ale ich s\u0142owa i czyny krok za krokiem prowadz\u0105 w takim kierunku. Czy perspektywa przej\u015bcia od demokracji do autorytaryzmu jest u nas realna? Moim zdaniem tak, poniewa\u017c istnieje spo\u0142eczne przyzwolenie dla takiej zmiany.\u201d Natomiast premier Jaros\u0142aw Kaczy\u0144ski w Radiu Maryja m\u00f3wi: \u201eJe\u017celi kto\u015b twierdzi, \u017ce dzisiaj w Polsce zagro\u017cona jest demokracja, to m\u00f3wi oczywist\u0105 nieprawd\u0119\u201d. No i b\u0105d\u017a tu m\u0105dry! Mnie bli\u017cszy jest pogl\u0105d Modzelewskiego \u2013 lepiej dmucha\u0107 na zimne.<\/p>\n<p>+ <strong>Rodzina<\/strong> \u2013 pierwsza wizyta wnuka, Kubusia, z rodzicami, w naszym domu. Kubu\u015b ma ju\u017c 4 tygodnie. Wydarzenie prywatne, uwiecznione zosta\u0142o na licznych zdj\u0119ciach, fotografowali\u015bmy na trzy aparaty, ka\u017cdy chcia\u0142 mie\u0107 zdj\u0119cie w Kubusiem. To wk\u0142ad naszej rodziny w polityk\u0119 prorodzinn\u0105. Becikowe czyni cuda!<\/p>\n<p>+ <strong>Sztuka<\/strong> \u2013 wizyta w Zach\u0119cie. Na parterze wybitny czeski fotograf Josef Sudek (+1976), fotografie z lat 1940-1970.\u00a0 Fotografia czarno-bia\u0142a, na granicy malarstwa, liczne martwe\u00a0natury i fotografie przez szyb\u0119 w\u0142asnego okna, nieustanne d\u0105\u017cenie do doskona\u0142o\u015bci. A na pi\u0119trze &#8211; sam Leger!!! Gigantyczna wystawa, jaka zdarza si\u0119 w Warszawie raz na pokolenie. Gor\u0105co zach\u0119cam, to mo\u017ce by\u0107 jedyna szansa w \u017cyciu.\u00a0 Sam poszed\u0142em zmobilizowany przez c\u00f3rk\u0119, kt\u00f3ra dba o to, \u017cebym nie zardzewia\u0142. Zach\u0119ta, opr\u00f3cz dzia\u0142alno\u015bci \u00a0wystawienniczej, prowadzi m.in. \u015bwietne zaj\u0119cia plastyczne dla dzieci. M\u00f3j przyszywany wnuk, Jasio (4), bardzo lubi bra\u0107 w nich udzia\u0142.<\/p>\n<p>+ <strong>\u017bycie towarzyskie i polityczne <\/strong>&#8211; lunch z dyplomat\u0105 z jednego z pa\u0144stw Europy Zachodniej. Jego zdaniem polska polityka zagraniczna jest tak podporz\u0105dkowana polityce wewn\u0119trznej, \u017ce w\u0142a\u015bciwie nie istnieje, nie wiadomo jaka jest. &#8211; Has\u0142a o obronie interesu narodowego g\u0142osi ka\u017cdy, nie tylko wy, Polacy \u2013 m\u00f3wi. Nie wywieraj\u0105\u00a0 wi\u0119c wi\u0119kszego wra\u017cenia na nikim. Wa\u017cne, jak ta obrona jest prowadzona. Polski rz\u0105d traktuje stosunki mi\u0119dzynarodowe jako gr\u0119 zero-jedynkow\u0105, tzn. je\u017celi kto\u015b zyska, to kto\u015b inny musi straci\u0107, je\u017celi co\u015b jest korzystne dla Niemiec, to musi by\u0107 szkodliwe dla Polski lub na odwr\u00f3t. \u201eNiemcy s\u0105 silniejsze, wi\u0119c powinny pierwsze p\u00f3j\u015b\u0107 na ust\u0119pstwa\u201d \u2013 powiedzia\u0142 wczoraj w wywiadzie radiowym prezydent Kaczy\u0144ski. Dzi\u015b \u2013 twierdzi m\u00f3j rozm\u00f3wca \u2013 obowi\u0105zuje inna zasada: poszukiwanie konsensusu tak d\u0142ugo, a\u017c ka\u017cdy zyska, nikt nie b\u0119dzie przegrany, ale te\u017c nikt nie dostanie tyle, ile by chcia\u0142. \u201eNieufni wobec Niemiec s\u0105 wszyscy, ale inni nie psuj\u0105 z tego powodu swoich z nimi stosunk\u00f3w\u201d &#8211; m\u00f3wi. Zamiast zwala\u0107 win\u0119 na Niemcy, \u017ce dbaj\u0105 o swoje interesy i widzie\u0107 w nich tylko egoist\u00f3w, przypomnijcie sobie, jak byli pomocni, cho\u0107by w negocjacjach bud\u017cetowych, i pr\u00f3bujcie si\u0119 z nimi dogada\u0107, bo je\u015bli b\u0119dziecie mieli napi\u0119te stosunki z Niemcami, to tylko pomo\u017ce Rosji, za\u015b Amerykanie na pewno nie zaryzykuj\u0105 swoich stosunk\u00f3w z Niemcami, \u017ceby poprze\u0107 Polsk\u0119, bo Niemcy to ich najwa\u017cniejszy sojusznik\u00a0na starym kontynencie (W.Brytania to jednak wyspa). Poza tym m\u00f3j rozm\u00f3wca skar\u017cy\u0142 si\u0119:\u00a0\u201eJa mam trudno\u015bci\u00a0 z wyt\u0142umaczeniem w moim kraju fenomenu PiS. Niech pan mi powie, kto w Polsce rz\u0105dzi \u2013 lewica czy prawica?\u201d \u2013 domaga\u0142 si\u0119. W sferze warto\u015bci i obyczaj\u00f3w, PiS to partia konserwatywna: patriotyzm, religia, silne pa\u0144stwo, porz\u0105dek, dyscyplina i pos\u0142usze\u0144stwo. Natomiast w sferze gospodarczej i socjalnej to partia lewicowa, nieufna wobec bogatych, nawet grozi renacjonalizacj\u0105. Ka\u017cdy rz\u0105d pilnuje sektora pa\u0144stwowego, je\u015bli taki istnieje, ale nie ka\u017cdy straszy ludzi bogatych: \u201eNie mamy nic przeciwko temu, \u017ce macie pieni\u0105dze, chcemy tylko wiedzie\u0107 sk\u0105d\u2026\u201d \u2013 m\u00f3wi\u0105. Wi\u0119c co ja mam pisa\u0107 do siebie, do kraju? \u2013 pyta\u0142, nieco w Polsce zagubiony.<\/p>\n<p>Wieczorem bra\u0142em udzia\u0142 w imprezie \u0142\u017ce-elity: dwie osoby wyrzucone z telewizji, jeden redaktor gazety prywatnej jeszcze si\u0119 trzyma; rozmowa g\u0142\u00f3wnie o tym, kogo i jak wyrzucaj\u0105, a tak\u017ce kogo awansuj\u0105. M\u00f3wi\u0142o si\u0119 m.in.\u00a0o pi\u0105tkowym udziale red. Anity Gargas (dawniej z \u201eOzonu\u201d, obecnie zast\u0119pczyni szefowej publicystyki w TVP 1) w miniony pi\u0105tek rano w programie Jacka \u017bakowskiego w radiu TOK FM. Pani Gargas nie by\u0142a zadowolona ze spotkania Lech Kaczy\u0144ski \u2013 Aleksander Kwa\u015bniewski, dawa\u0142a do zrozumienia, \u017ce Kwa\u015bniewski nie spotyka\u0142 si\u0119 ze swoim poprzednikiem. Dopiero \u201e\u017baku\u201d musia\u0142 jej przypomnie\u0107, \u017ce Lech Wa\u0142\u0119sa przez d\u0142ugie lata nie chcia\u0142 si\u0119 z \u201eKwachem\u201d spotka\u0107, m\u00f3wi\u0142 o nim per \u201eten pan\u201d i oferowa\u0142 co najwy\u017cej, \u017ce mu poda\u2026 nog\u0119. Do spotkania dosz\u0142o dopiero na pogrzebie JP II. Tak\u017ce red. Wo\u0142ek wyja\u015bnia\u0142 nowej gwie\u017adzie dziennikarstwa, \u017ce prezydent mo\u017ce od swojego poprzednika tego i owego si\u0119 dowiedzie\u0107,\u00a0cho\u0107by o Ukrainie. (Nb. Lech Kaczy\u0144ski wyra\u017ca si\u0119 o swoim poprzednik\u00f3w w elegancki i taktowny spos\u00f3b, chyba zbyt elegancko dla pani Gargas).\u00a0S\u0142uchaj\u0105c Anity Gargas mia\u0142o si\u0119 wra\u017cenie, \u017ce idzie nowe, a w\u0142a\u015bciwie ju\u017c przysz\u0142o.<\/p>\n<p>Przepraszam za d\u0142ugi wpis, obiecuj\u0119 popraw\u0119. A mo\u017ce Pa\u0144stwo opisz\u0105, jak sp\u0119dzili weekend?<\/p>\n<p>Pozdrawiam, gospodarz blogu.<\/p>\n","protected":false},"excerpt":{"rendered":"<p>+ Czytanie &#8211; wspomnienia Mieczys\u0142awa Ja\u0142owieckiego \u201eNa skraju imperium\u201d, t. I, z okresu I wojny \u015bwiatowej, doskona\u0142a rzecz, ale dla cierpliwych. Powolna narracja, troch\u0119 nie na dzisiejsze czasy. Ale te\u017c i czasy by\u0142y niedzisiejsze:\u00a0zab\u00f3r rosyjski, ziemia\u0144stwo, dekadencja w Petersburgu. \u015awietna lektura do poduszki. Z prasy bie\u017c\u0105cej \u2013 ciekawy dialog\u00a0 w \u201eGazecie \u015awi\u0105tecznej\u201d. Prof. Karol Modzelewski [&hellip;]<\/p>\n","protected":false},"author":4,"featured_media":0,"comment_status":"open","ping_status":"open","sticky":false,"template":"","format":"standard","meta":{"footnotes":""},"categories":[1],"tags":[],"_links":{"self":[{"href":"https:\/\/blog.polityka.pl\/passent\/wp-json\/wp\/v2\/posts\/99"}],"collection":[{"href":"https:\/\/blog.polityka.pl\/passent\/wp-json\/wp\/v2\/posts"}],"about":[{"href":"https:\/\/blog.polityka.pl\/passent\/wp-json\/wp\/v2\/types\/post"}],"author":[{"embeddable":true,"href":"https:\/\/blog.polityka.pl\/passent\/wp-json\/wp\/v2\/users\/4"}],"replies":[{"embeddable":true,"href":"https:\/\/blog.polityka.pl\/passent\/wp-json\/wp\/v2\/comments?post=99"}],"version-history":[{"count":0,"href":"https:\/\/blog.polityka.pl\/passent\/wp-json\/wp\/v2\/posts\/99\/revisions"}],"wp:attachment":[{"href":"https:\/\/blog.polityka.pl\/passent\/wp-json\/wp\/v2\/media?parent=99"}],"wp:term":[{"taxonomy":"category","embeddable":true,"href":"https:\/\/blog.polityka.pl\/passent\/wp-json\/wp\/v2\/categories?post=99"},{"taxonomy":"post_tag","embeddable":true,"href":"https:\/\/blog.polityka.pl\/passent\/wp-json\/wp\/v2\/tags?post=99"}],"curies":[{"name":"wp","href":"https:\/\/api.w.org\/{rel}","templated":true}]}}