
{"id":994,"date":"2011-08-01T22:59:58","date_gmt":"2011-08-01T20:59:58","guid":{"rendered":"http:\/\/passent.blog.polityka.pl\/?p=994"},"modified":"2011-11-22T15:31:56","modified_gmt":"2011-11-22T13:31:56","slug":"kaczynski-i-sikorski","status":"publish","type":"post","link":"https:\/\/blog.polityka.pl\/passent\/2011\/08\/01\/kaczynski-i-sikorski\/","title":{"rendered":"Kaczy\u0144ski i Sikorski"},"content":{"rendered":"<p>W przeddzie\u0144 og\u0142oszenia raportu komisji Jerzego Millera (sk\u0105din\u0105d bardzo dobrego), ukaza\u0142 si\u0119 spot telewizyjny PiS po\u015bwi\u0119cony Marii i Lechowi Kaczy\u0144skim, z komentarzem \u201eOni czekaj\u0105 na prawd\u0119\u201d. Powiedzia\u0142em od razu w radiu TOK FM, \u017ce to by\u0142o okropne, mam na my\u015bli wykorzystanie tragicznej \u015bmierci brata i bratowej do dyskredytacji raportu i rz\u0105du, kt\u00f3ry za nim do pewnego stopnia stoi. W ka\u017cdej innej chwili spot po\u015bwi\u0119cony parze prezydenckiej by\u0142by jak najbardziej na miejscu. Zw\u0142aszcza gdyby to by\u0142o np. w rocznice katastrofy. Prawo i Sprawiedliwo\u015b\u0107 ma pe\u0142ne prawo powo\u0142ywa\u0107 si\u0119 na jednego ze swoich tw\u00f3rc\u00f3w, prezydenta RP i jego ma\u0142\u017conk\u0119. Ale og\u0142oszenie takiego spotu\u00a0 w przeddzie\u0144 raportu wydaje mi si\u0119 r\u00f3wnie nie na miejscu\u00a0 jak Wawel.<\/p>\n<p>Z kolei w przeddzie\u0144 rocznicy Powstania Warszawskiego,\u00a0 na Twitterze pojawi\u0142 si\u0119 wpis Rados\u0142awa Sikorskiego, \u017ce powinni\u015bmy wyci\u0105gn\u0105\u0107 lekcj\u0119 z tej \u201ekatastrofy narodowej\u201d. Merytorycznie nie widz\u0119 w tym wpisie niczego z\u0142ego. Sp\u00f3r o Postanie trwa ju\u017c ponad 60 lat i nigdy si\u0119 nie zako\u0144czy. Sikorski ma prawo uwa\u017ca\u0107 je za katastrof\u0119, podzielam ten pogl\u0105d. Czy minister musia\u0142 to pisa\u0107 akurat w przeddzie\u0144 obchod\u00f3w jubileuszu \u2013 to inna sprawa. Sikorski jest zbyt do\u015bwiadczonym politykiem, \u017ceby nie wiedzia\u0142, \u017ce PiS natychmiast wykorzysta t\u0119 okazj\u0119 do ataku nie tylko na niego, ale i na Tuska. Niekt\u00f3rzy politycy Platformy, cho\u0107by Hanna Gronkiewicz Waltz, kt\u00f3ra \u2013 jako prezydent warszawy znalaz\u0142a si\u0119 w trudnej sytuacji &#8211; ju\u017c si\u0119 od tego odci\u0119li. Je\u017celi mimo to Rados\u0142aw Sikorski tak post\u0105pi\u0142, to albo si\u0119 pospieszy\u0142 (co mu si\u0119 czasami zdarza, patrz \u201ewataha\u201d, albo \u201eRibbentrop \u2013 Mo\u0142otow\u201d), albo buduje w\u0142asny wizerunek, zwraca si\u0119 do swojego elektoratu, inwestuje w swoj\u0105 przysz\u0142o\u015b\u0107. Kadencja prezydenta Komorowskiego kiedy\u015b dobiegnie ko\u0144ca. W Platformie wida\u0107\u00a0 dw\u00f3ch kandydat\u00f3w na jego nast\u0119pc\u0119 \u2013 Tuska i Sikorskiego. Premier Tusk nie bardzo b\u0119dzie chcia\u0142 wdawa\u0107 si\u0119 w dyskusje o Powstaniu. Wi\u0119c mo\u017ce Sikorski nie tyle paln\u0105\u0142, co dobrze wymierzy\u0142.<\/p>\n","protected":false},"excerpt":{"rendered":"<p>W przeddzie\u0144 og\u0142oszenia raportu komisji Jerzego Millera (sk\u0105din\u0105d bardzo dobrego), ukaza\u0142 si\u0119 spot telewizyjny PiS po\u015bwi\u0119cony Marii i Lechowi Kaczy\u0144skim, z komentarzem \u201eOni czekaj\u0105 na prawd\u0119\u201d. Powiedzia\u0142em od razu w radiu TOK FM, \u017ce to by\u0142o okropne, mam na my\u015bli wykorzystanie tragicznej \u015bmierci brata i bratowej do dyskredytacji raportu i rz\u0105du, kt\u00f3ry za nim do [&hellip;]<\/p>\n","protected":false},"author":4,"featured_media":0,"comment_status":"open","ping_status":"open","sticky":false,"template":"","format":"standard","meta":{"footnotes":""},"categories":[11],"tags":[],"_links":{"self":[{"href":"https:\/\/blog.polityka.pl\/passent\/wp-json\/wp\/v2\/posts\/994"}],"collection":[{"href":"https:\/\/blog.polityka.pl\/passent\/wp-json\/wp\/v2\/posts"}],"about":[{"href":"https:\/\/blog.polityka.pl\/passent\/wp-json\/wp\/v2\/types\/post"}],"author":[{"embeddable":true,"href":"https:\/\/blog.polityka.pl\/passent\/wp-json\/wp\/v2\/users\/4"}],"replies":[{"embeddable":true,"href":"https:\/\/blog.polityka.pl\/passent\/wp-json\/wp\/v2\/comments?post=994"}],"version-history":[{"count":3,"href":"https:\/\/blog.polityka.pl\/passent\/wp-json\/wp\/v2\/posts\/994\/revisions"}],"predecessor-version":[{"id":1176,"href":"https:\/\/blog.polityka.pl\/passent\/wp-json\/wp\/v2\/posts\/994\/revisions\/1176"}],"wp:attachment":[{"href":"https:\/\/blog.polityka.pl\/passent\/wp-json\/wp\/v2\/media?parent=994"}],"wp:term":[{"taxonomy":"category","embeddable":true,"href":"https:\/\/blog.polityka.pl\/passent\/wp-json\/wp\/v2\/categories?post=994"},{"taxonomy":"post_tag","embeddable":true,"href":"https:\/\/blog.polityka.pl\/passent\/wp-json\/wp\/v2\/tags?post=994"}],"curies":[{"name":"wp","href":"https:\/\/api.w.org\/{rel}","templated":true}]}}