
{"id":997,"date":"2011-08-04T23:00:48","date_gmt":"2011-08-04T21:00:48","guid":{"rendered":"http:\/\/passent.blog.polityka.pl\/?p=997"},"modified":"2011-11-22T15:30:59","modified_gmt":"2011-11-22T13:30:59","slug":"chamstwo-wszedzie-co-to-bedzie-3","status":"publish","type":"post","link":"https:\/\/blog.polityka.pl\/passent\/2011\/08\/04\/chamstwo-wszedzie-co-to-bedzie-3\/","title":{"rendered":"Chamstwo wsz\u0119dzie, co to b\u0119dzie"},"content":{"rendered":"<p>DYMISJA ministra,13 oficer\u00f3w w tym trzech genera\u0142\u00f3w,\u00a0 wydaje si\u0119 s\u0142uszna i na czasie. Nie jestem specjalist\u0105, kt\u00f3ry mo\u017ce uzasadni\u0107 ka\u017cd\u0105 dymisj\u0119 osobno, ale katastrofa wymaga krok\u00f3w radykalnych. Kto\u015b mo\u017ce zapyta\u0107 \u2013 dlaczego tak p\u00f3\u017ano? \u2013 ale gdyby dymisje posypa\u0142y si\u0119 wcze\u015bniej, przed raportem komisji Millera, w\u00f3wczas pad\u0142by zarzut, \u017ce premier nie czeka\u0142 na opini\u0119 ekspert\u00f3w, dymisje s\u0105 arbitralne itp. Warto pami\u0119ta\u0107, \u017ce dymisje to naj\u0142atwiejsza i najbardziej efektowna decyzja. Najtrudniejsze \u2013 przed nami. Kiedy s\u0142ysz\u0119, jaka bieda panuje w wojsku, stare wys\u0142u\u017cone samoloty,\u00a0\u00a0 \u017ale op\u0142acani piloci, to my\u015bl\u0119, \u017ce to przecie\u017c rz\u0105d, a nie genera\u0142owie,\u00a0 ogranicza\u0142 wydatki na wojsko. Mo\u017ce PP. Tusk i Rostowski wyja\u015bni\u0105, jakiej chc\u0105 armii \u2013 ubogiej, nie doszkolonej, nie wyposa\u017conej, czy mo\u017ce ma\u0142ej, bez marynarki wojennej i tym podobnych luksus\u00f3w. Tylko czy NATO \u201ena to\u201d pozwoli? Przyda\u0142aby si\u0119 jaka\u015b kompetentna\u00a0 wypowied\u017a na ten temat z k\u00f3\u0142 rz\u0105dowych (co o tym my\u015bli np. min Siemoniak) lub z Kancelarii Prezydenta. Dymisje \u2013 dymisjami, ale pieni\u0119dzy od tego nie przyb\u0119dzie.<\/p>\n<p>POSE\u0141 CZUMA, jako przewodnicz\u0105cy specjalnej komisji \u201enaciskowej\u201d, w projekcie sprawozdania uzna\u0142, \u017ce wi\u0119kszo\u015bci nacisk\u00f3w nie by\u0142o. Je\u017celi to jest prawda, to \u2013 po pierwsze \u2013 to dobra wiadomo\u015b\u0107, skoro nacisk\u00f3w nie by\u0142o,\u00a0 to radujmy si\u0119. Po drugie &#8211; mnie to troch\u0119 przypomina twierdzenie, \u017ce nie by\u0142o tak\u017ce nacisk\u00f3w na za\u0142og\u0119 TU-154M. Obecno\u015b\u0107 prze\u0142o\u017conego w kabinie, zwierzchnik si\u0142 zbrojnych na pok\u0142adzie, uczestnicy uroczysto\u015bci, kt\u00f3rzy czekaj\u0105 w Katyniu \u2013 to wszystko ma\u0142o? Po trzecie \u2013 je\u017celi pose\u0142 Czuma ma racj\u0119 i post\u0105pi\u0142 wbrew oskar\u017ceniom, jakie jego partia wysuwa\u0142a \u2013 to dobrze dla autorytetu specjalnych komisji sejmowych. Mo\u017ce to sk\u0142oni Platform\u0119 do przyj\u0119cia raportu Komisji Kalisza ds. wyja\u015bnienia okoliczno\u015bci tragicznej \u015bmierci Barbary Blidy? A mo\u017ce to wszystko jest ukartowane przez przebieg\u0142ego Tuska \u2013 odpu\u015bcimy Kaczy\u0144skiemu i Ziobrze za naciski, ale poprzemy raport w sprawie Blidy? Ja raczej sk\u0142aniam si\u0119 ku temu, \u017ce pose\u0142 Czuma jest nieobliczalny, czasami (naciski) trafiam, czasami (zwolennik broni palnej) chybia.<\/p>\n<p>EL\u017bBIETA KRUK, pos\u0142anka PiS,\u00a0 zn\u00f3w pokaza\u0142a, na co j\u0105 sta\u0107. Por\u00f3wna\u0142a komisj\u0119 Millera do \u201ekomisji Niko\u0142aja Burdenki\u201d, powo\u0142anej przez Stalina do \u201ewyja\u015bnienia\u201d zbrodni katy\u0144skiej, komisji, kt\u00f3ra m.in. zaj\u0119\u0142a si\u0119 fa\u0142szowaniem dokument\u00f3w, \u017ceby udowodni\u0107 win\u0119 niemieck\u0105. To, co zrobi\u0142a pani Kruk, kwalifikuje si\u0119 do oceny w najgorszych s\u0142owach, kt\u00f3rych\u00a0 nie chc\u0119 na tym blogu u\u017cywa\u0107. Wszystko powinno mie\u0107 swoje granice. I pomy\u015ble\u0107, \u017ce\u00a0 PiS obsadzi\u0142o t\u0119 osob\u0119 w IV.RP na stanowisku przewodnicz\u0105cej KRRiTV. Wstyd. Powr\u00f3t takich ludzi jak Kruk do w\u0142adzy by\u0142by nieszcz\u0119\u015bciem. Chamstwo w komisji sejmowej, chamstwo na Pow\u0105zkach, na Jasnej G\u00f3rze, pod Wawelem i na Krakowskim Przedmie\u015bciu. Popieram starania PP. Lisa, Sikorskiego, \u017bakowskiego, \u017ceby nie pozostawa\u0107 wobec tego biernym. Chamstwo w Internecie (w tym i na\u00a0 moderowanym blogu), znajduje swoje przed\u0142u\u017cenie nawet w parlamencie. To nie s\u0105 \u017carty.<\/p>\n<p>PS. Jola z Ostro\u0142\u0119ki, Spokojny \u2013 dzi\u0119kuj\u0119 bardzo za dobre s\u0142owo w zwi\u0105zku z ankiet\u0105 pisma \u201ePress\u201d! Pozdrawiam!<\/p>\n","protected":false},"excerpt":{"rendered":"<p>DYMISJA ministra,13 oficer\u00f3w w tym trzech genera\u0142\u00f3w,\u00a0 wydaje si\u0119 s\u0142uszna i na czasie. Nie jestem specjalist\u0105, kt\u00f3ry mo\u017ce uzasadni\u0107 ka\u017cd\u0105 dymisj\u0119 osobno, ale katastrofa wymaga krok\u00f3w radykalnych. Kto\u015b mo\u017ce zapyta\u0107 \u2013 dlaczego tak p\u00f3\u017ano? \u2013 ale gdyby dymisje posypa\u0142y si\u0119 wcze\u015bniej, przed raportem komisji Millera, w\u00f3wczas pad\u0142by zarzut, \u017ce premier nie czeka\u0142 na opini\u0119 ekspert\u00f3w, [&hellip;]<\/p>\n","protected":false},"author":4,"featured_media":0,"comment_status":"open","ping_status":"open","sticky":false,"template":"","format":"standard","meta":{"footnotes":""},"categories":[11],"tags":[],"_links":{"self":[{"href":"https:\/\/blog.polityka.pl\/passent\/wp-json\/wp\/v2\/posts\/997"}],"collection":[{"href":"https:\/\/blog.polityka.pl\/passent\/wp-json\/wp\/v2\/posts"}],"about":[{"href":"https:\/\/blog.polityka.pl\/passent\/wp-json\/wp\/v2\/types\/post"}],"author":[{"embeddable":true,"href":"https:\/\/blog.polityka.pl\/passent\/wp-json\/wp\/v2\/users\/4"}],"replies":[{"embeddable":true,"href":"https:\/\/blog.polityka.pl\/passent\/wp-json\/wp\/v2\/comments?post=997"}],"version-history":[{"count":3,"href":"https:\/\/blog.polityka.pl\/passent\/wp-json\/wp\/v2\/posts\/997\/revisions"}],"predecessor-version":[{"id":1175,"href":"https:\/\/blog.polityka.pl\/passent\/wp-json\/wp\/v2\/posts\/997\/revisions\/1175"}],"wp:attachment":[{"href":"https:\/\/blog.polityka.pl\/passent\/wp-json\/wp\/v2\/media?parent=997"}],"wp:term":[{"taxonomy":"category","embeddable":true,"href":"https:\/\/blog.polityka.pl\/passent\/wp-json\/wp\/v2\/categories?post=997"},{"taxonomy":"post_tag","embeddable":true,"href":"https:\/\/blog.polityka.pl\/passent\/wp-json\/wp\/v2\/tags?post=997"}],"curies":[{"name":"wp","href":"https:\/\/api.w.org\/{rel}","templated":true}]}}