
{"id":10102,"date":"2025-12-20T20:29:15","date_gmt":"2025-12-20T19:29:15","guid":{"rendered":"https:\/\/blog.polityka.pl\/penszko\/?p=10102"},"modified":"2025-12-20T20:29:15","modified_gmt":"2025-12-20T19:29:15","slug":"choinka-dla-orlow","status":"publish","type":"post","link":"https:\/\/blog.polityka.pl\/penszko\/2025\/12\/20\/choinka-dla-orlow\/","title":{"rendered":"Choinka dla or\u0142\u00f3w"},"content":{"rendered":"\n<p>Gwoli formalno\u015bci: choinka jest choinkowym sudoku X, czyli wariantem sudoku, w kt\u00f3rym komplet cyfr od 1 do 9 powinien si\u0119 pojawi\u0107 nie tylko w ka\u017cdym wierszu, kolumnie i bloku 3\u00d73, ale te\u017c na ka\u017cdej z dwu przek\u0105tnych diagramu oznaczonych lini\u0105 przerywan\u0105.<\/p>\n\n\n\n<figure class=\"wp-block-image size-full is-resized\"><a href=\"\/penszko\/wp-content\/uploads\/2025\/11\/Chdo_1.jpg\"><img loading=\"lazy\" decoding=\"async\" width=\"1000\" height=\"1104\" src=\"\/penszko\/wp-content\/uploads\/2025\/11\/Chdo_1.jpg\" alt=\"\" class=\"wp-image-10103\" style=\"width:400px\"\/><\/a><\/figure>\n\n\n\n<p>Jak wynika z tytu\u0142u, zadanie nie jest \u0142atwe. Wr\u0119cz przeciwnie, jest prawie \u2013 rzec by mo\u017cna \u2013 do\u2026 nierozwi\u0105zania. Wprawdzie na pocz\u0105tku daje si\u0119 wpisa\u0107 g\u0142adko troch\u0119 cyfr, ale potem zaczynaj\u0105 si\u0119 schody. Bardzo w\u0105tpi\u0119, czy kto\u015b b\u0119dzie w stanie wszystkie ich stopnie pokona\u0107 bez komputerowego wsparcia. Wprawdzie s\u0105 sposoby, aby tego dokona\u0107 na piechot\u0119, jednak to metody ekstremalne, a \u015bci\u015blej: bardzo trudno znale\u017a\u0107 miejsca, w kt\u00f3rych mo\u017cna te metody stosowa\u0107. Prostsza, cho\u0107 mocno mozolna, wydaje si\u0119 metoda pr\u00f3b i b\u0142\u0119d\u00f3w, ale wtedy jest dobrze, gdy ma si\u0119 fart, tzn. droga, kt\u00f3r\u0105 si\u0119 wybiera \u2013 zaczynaj\u0105c od wpisania do danej kratki jednej z pasuj\u0105cych do nie cyfr \u2013 okazuje si\u0119 wiod\u0105c\u0105 do celu.<br>Gdyby jednak jakie\u015b or\u0142y do celu dolecia\u0142y, to jako ko\u0144cowe rozwi\u0105zanie wystarczy poda\u0107 sum\u0119 cyfr w 11 zielonych choinkowych kratkach, kt\u00f3re s\u0105 puste na pocz\u0105tku.<\/p>\n\n\n\n<p><em>Komentarze z&nbsp;prawid\u0142owym rozwi\u0105zaniem ujawniane s\u0105 wieczorem w&nbsp;przeddzie\u0144 kolejnego wpisu (z b\u0142\u0119dnym zwykle od razu). Wpisy pojawiaj\u0105 si\u0119 co 7 dni.<\/em><\/p>\n","protected":false},"excerpt":{"rendered":"<p>Gwoli formalno\u015bci: choinka jest choinkowym sudoku X, czyli wariantem sudoku, w kt\u00f3rym komplet cyfr od 1 do 9 powinien si\u0119 pojawi\u0107 nie tylko w ka\u017cdym wierszu, kolumnie i bloku 3\u00d73, ale te\u017c na ka\u017cdej z dwu przek\u0105tnych diagramu oznaczonych lini\u0105 przerywan\u0105. Jak wynika z tytu\u0142u, zadanie nie jest \u0142atwe. Wr\u0119cz przeciwnie, jest prawie \u2013 rzec [&hellip;]<\/p>\n","protected":false},"author":3,"featured_media":0,"comment_status":"open","ping_status":"closed","sticky":true,"template":"","format":"standard","meta":{"footnotes":""},"categories":[1],"tags":[],"_links":{"self":[{"href":"https:\/\/blog.polityka.pl\/penszko\/wp-json\/wp\/v2\/posts\/10102"}],"collection":[{"href":"https:\/\/blog.polityka.pl\/penszko\/wp-json\/wp\/v2\/posts"}],"about":[{"href":"https:\/\/blog.polityka.pl\/penszko\/wp-json\/wp\/v2\/types\/post"}],"author":[{"embeddable":true,"href":"https:\/\/blog.polityka.pl\/penszko\/wp-json\/wp\/v2\/users\/3"}],"replies":[{"embeddable":true,"href":"https:\/\/blog.polityka.pl\/penszko\/wp-json\/wp\/v2\/comments?post=10102"}],"version-history":[{"count":3,"href":"https:\/\/blog.polityka.pl\/penszko\/wp-json\/wp\/v2\/posts\/10102\/revisions"}],"predecessor-version":[{"id":10106,"href":"https:\/\/blog.polityka.pl\/penszko\/wp-json\/wp\/v2\/posts\/10102\/revisions\/10106"}],"wp:attachment":[{"href":"https:\/\/blog.polityka.pl\/penszko\/wp-json\/wp\/v2\/media?parent=10102"}],"wp:term":[{"taxonomy":"category","embeddable":true,"href":"https:\/\/blog.polityka.pl\/penszko\/wp-json\/wp\/v2\/categories?post=10102"},{"taxonomy":"post_tag","embeddable":true,"href":"https:\/\/blog.polityka.pl\/penszko\/wp-json\/wp\/v2\/tags?post=10102"}],"curies":[{"name":"wp","href":"https:\/\/api.w.org\/{rel}","templated":true}]}}