
{"id":10119,"date":"2026-01-10T10:09:58","date_gmt":"2026-01-10T09:09:58","guid":{"rendered":"https:\/\/blog.polityka.pl\/penszko\/?p=10119"},"modified":"2026-01-10T10:09:58","modified_gmt":"2026-01-10T09:09:58","slug":"555","status":"publish","type":"post","link":"https:\/\/blog.polityka.pl\/penszko\/2026\/01\/10\/555\/","title":{"rendered":"555"},"content":{"rendered":"\n<p>Optymistyczn\u0105 wizj\u0119 zwi\u0105zan\u0105 z ujawnionym w przedpoprzednim wpisie faktem, \u017ce liczba 2026 jest weso\u0142a, zak\u0142\u00f3ca informacja, kt\u00f3ra nie spodoba si\u0119 zw\u0142aszcza osobom przes\u0105dnym: w roku 2026 mamy trzy \u201epi\u0105tki trzynastego\u201d \u2013 13 lutego, 13 marca i 13 listopada. To czwarty taki pechowy rok w tym stuleciu \u2013 po 2009, 2012 i 2015.<br>W ka\u017cdym roku jeden \u201epi\u0105tek trzynastego\u201d by\u0107 musi \u2013 tak by\u0142o w minionym roku (13 czerwca) i tak b\u0119dzie w 2027 (13 sierpnia). Na szcz\u0119\u015bcie wi\u0119cej ni\u017c trzy pechowe pi\u0105tki by\u0107 nie mog\u0105, a niepechowe stanowi\u0105 tytu\u0142 tego wpisu oraz ujawnione s\u0105 w poni\u017cszym szkieletowym mno\u017ceniu. Chodzi oczywi\u015bcie o rozszyfrowanie dzia\u0142ania, w zapisie kt\u00f3rego wyst\u0119puj\u0105 jeszcze tylko dwie cyfry nieparzyste (r\u00f3\u017cowe kratki) \u2013 obie s\u0105 jednakowe, ale nie s\u0105 to pi\u0105tki.<\/p>\n\n\n\n<figure class=\"wp-block-image size-full is-resized\"><a href=\"\/penszko\/wp-content\/uploads\/2025\/11\/555_1.jpg\"><img loading=\"lazy\" decoding=\"async\" width=\"1000\" height=\"1316\" src=\"\/penszko\/wp-content\/uploads\/2025\/11\/555_1.jpg\" alt=\"\" class=\"wp-image-10120\" style=\"width:300px\"\/><\/a><\/figure>\n\n\n\n<p>I jeszcze zakr\u0119cony dodatek do wspomnianych wcze\u015bniej osobliwo\u015bci 2026. Poza tym, \u017ce to liczba weso\u0142a i p\u00f3\u0142pierwsza o 1 wi\u0119ksza od kwadratu, to tak\u017ce suma jej cyfr (10) jest liczb\u0105 weso\u0142\u0105 i p\u00f3\u0142pierwsz\u0105 o jeden wi\u0119ksz\u0105 od kwadratu. Liczby tak poczw\u00f3rnie osobliwe mniejsze od 2026 s\u0105 tylko dwie \u2013 82 (2*41) i 901 (17*53). T\u0119 ciekawostk\u0119 otrzyma\u0142em od znajomego \u201eliczbofila\u201d (kalka j\u0119zykowa angielskiego <em>numberphile<\/em>).<\/p>\n\n\n\n<p><em>Komentarze z&nbsp;prawid\u0142owym rozwi\u0105zaniem ujawniane s\u0105 wieczorem w&nbsp;przeddzie\u0144 kolejnego wpisu (z b\u0142\u0119dnym zwykle od razu). Wpisy pojawiaj\u0105 si\u0119 co 7 dni.<\/em><\/p>\n","protected":false},"excerpt":{"rendered":"<p>Optymistyczn\u0105 wizj\u0119 zwi\u0105zan\u0105 z ujawnionym w przedpoprzednim wpisie faktem, \u017ce liczba 2026 jest weso\u0142a, zak\u0142\u00f3ca informacja, kt\u00f3ra nie spodoba si\u0119 zw\u0142aszcza osobom przes\u0105dnym: w roku 2026 mamy trzy \u201epi\u0105tki trzynastego\u201d \u2013 13 lutego, 13 marca i 13 listopada. To czwarty taki pechowy rok w tym stuleciu \u2013 po 2009, 2012 i 2015.W ka\u017cdym roku jeden [&hellip;]<\/p>\n","protected":false},"author":3,"featured_media":0,"comment_status":"open","ping_status":"closed","sticky":true,"template":"","format":"standard","meta":{"footnotes":""},"categories":[1],"tags":[],"_links":{"self":[{"href":"https:\/\/blog.polityka.pl\/penszko\/wp-json\/wp\/v2\/posts\/10119"}],"collection":[{"href":"https:\/\/blog.polityka.pl\/penszko\/wp-json\/wp\/v2\/posts"}],"about":[{"href":"https:\/\/blog.polityka.pl\/penszko\/wp-json\/wp\/v2\/types\/post"}],"author":[{"embeddable":true,"href":"https:\/\/blog.polityka.pl\/penszko\/wp-json\/wp\/v2\/users\/3"}],"replies":[{"embeddable":true,"href":"https:\/\/blog.polityka.pl\/penszko\/wp-json\/wp\/v2\/comments?post=10119"}],"version-history":[{"count":5,"href":"https:\/\/blog.polityka.pl\/penszko\/wp-json\/wp\/v2\/posts\/10119\/revisions"}],"predecessor-version":[{"id":10129,"href":"https:\/\/blog.polityka.pl\/penszko\/wp-json\/wp\/v2\/posts\/10119\/revisions\/10129"}],"wp:attachment":[{"href":"https:\/\/blog.polityka.pl\/penszko\/wp-json\/wp\/v2\/media?parent=10119"}],"wp:term":[{"taxonomy":"category","embeddable":true,"href":"https:\/\/blog.polityka.pl\/penszko\/wp-json\/wp\/v2\/categories?post=10119"},{"taxonomy":"post_tag","embeddable":true,"href":"https:\/\/blog.polityka.pl\/penszko\/wp-json\/wp\/v2\/tags?post=10119"}],"curies":[{"name":"wp","href":"https:\/\/api.w.org\/{rel}","templated":true}]}}