
{"id":10130,"date":"2026-01-03T08:55:59","date_gmt":"2026-01-03T07:55:59","guid":{"rendered":"https:\/\/blog.polityka.pl\/penszko\/?p=10130"},"modified":"2026-01-03T08:55:59","modified_gmt":"2026-01-03T07:55:59","slug":"jak-w-raju","status":"publish","type":"post","link":"https:\/\/blog.polityka.pl\/penszko\/2026\/01\/03\/jak-w-raju\/","title":{"rendered":"Jak w raju"},"content":{"rendered":"\n<p>Adam jest starszy od Ewy, a jego wiek wyra\u017ca si\u0119 dwucyfrow\u0105 liczb\u0105 pierwsz\u0105. R\u00f3\u017cnica i suma lat obojga tak\u017ce s\u0105 liczbami pierwszymi. Liczb\u0105 pierwsz\u0105 jest te\u017c r\u00f3\u017cnica lat Adama i w\u0119\u017ca-kusiciela. W\u0105\u017c nie jest wprawdzie r\u00f3wie\u015bnikiem Ewy, ale jego wiek sk\u0142ada si\u0119 z dw\u00f3ch takich samych cyfr jak jej wiek i jest liczb\u0105 p\u00f3\u0142pierwsz\u0105, czyli iloczynem dwu liczb pierwszych.<br>Ile lat ma ka\u017cdy z tej tr\u00f3jki?<\/p>\n\n\n\n<p><em>Komentarze z&nbsp;prawid\u0142owym rozwi\u0105zaniem ujawniane s\u0105 wieczorem w&nbsp;przeddzie\u0144 kolejnego wpisu (z b\u0142\u0119dnym zwykle od razu). Wpisy pojawiaj\u0105 si\u0119 co 7 dni.<\/em><\/p>\n","protected":false},"excerpt":{"rendered":"<p>Adam jest starszy od Ewy, a jego wiek wyra\u017ca si\u0119 dwucyfrow\u0105 liczb\u0105 pierwsz\u0105. R\u00f3\u017cnica i suma lat obojga tak\u017ce s\u0105 liczbami pierwszymi. Liczb\u0105 pierwsz\u0105 jest te\u017c r\u00f3\u017cnica lat Adama i w\u0119\u017ca-kusiciela. W\u0105\u017c nie jest wprawdzie r\u00f3wie\u015bnikiem Ewy, ale jego wiek sk\u0142ada si\u0119 z dw\u00f3ch takich samych cyfr jak jej wiek i jest liczb\u0105 p\u00f3\u0142pierwsz\u0105, czyli [&hellip;]<\/p>\n","protected":false},"author":3,"featured_media":0,"comment_status":"open","ping_status":"closed","sticky":true,"template":"","format":"standard","meta":{"footnotes":""},"categories":[1],"tags":[],"_links":{"self":[{"href":"https:\/\/blog.polityka.pl\/penszko\/wp-json\/wp\/v2\/posts\/10130"}],"collection":[{"href":"https:\/\/blog.polityka.pl\/penszko\/wp-json\/wp\/v2\/posts"}],"about":[{"href":"https:\/\/blog.polityka.pl\/penszko\/wp-json\/wp\/v2\/types\/post"}],"author":[{"embeddable":true,"href":"https:\/\/blog.polityka.pl\/penszko\/wp-json\/wp\/v2\/users\/3"}],"replies":[{"embeddable":true,"href":"https:\/\/blog.polityka.pl\/penszko\/wp-json\/wp\/v2\/comments?post=10130"}],"version-history":[{"count":3,"href":"https:\/\/blog.polityka.pl\/penszko\/wp-json\/wp\/v2\/posts\/10130\/revisions"}],"predecessor-version":[{"id":10134,"href":"https:\/\/blog.polityka.pl\/penszko\/wp-json\/wp\/v2\/posts\/10130\/revisions\/10134"}],"wp:attachment":[{"href":"https:\/\/blog.polityka.pl\/penszko\/wp-json\/wp\/v2\/media?parent=10130"}],"wp:term":[{"taxonomy":"category","embeddable":true,"href":"https:\/\/blog.polityka.pl\/penszko\/wp-json\/wp\/v2\/categories?post=10130"},{"taxonomy":"post_tag","embeddable":true,"href":"https:\/\/blog.polityka.pl\/penszko\/wp-json\/wp\/v2\/tags?post=10130"}],"curies":[{"name":"wp","href":"https:\/\/api.w.org\/{rel}","templated":true}]}}