
{"id":206,"date":"2008-06-06T07:20:59","date_gmt":"2008-06-06T06:20:59","guid":{"rendered":"http:\/\/penszko.blog.polityka.pl\/?p=206"},"modified":"2008-06-06T07:20:59","modified_gmt":"2008-06-06T06:20:59","slug":"sudoku-sensacyjne-odkrycie","status":"publish","type":"post","link":"https:\/\/blog.polityka.pl\/penszko\/2008\/06\/06\/sudoku-sensacyjne-odkrycie\/","title":{"rendered":"Sudoku &#8211; sensacyjne odkrycie!"},"content":{"rendered":"<p>Bezpo\u015brednim ogniskiem sudokowej zarazy by\u0142a przed trzema laty Anglia, ale wyspiarze ujawnili natychmiast i z przyjemno\u015bci\u0105, \u017ce wirusa przywlekli z Japonii. Z kolei Japo\u0144czyk\u00f3w trzeba by\u0142o troch\u0119 przycisn\u0105\u0107 zanim przyznali si\u0119, \u017ce pomys\u0142 \u015bci\u0105gn\u0119li od Amerykan\u00f3w. W mi\u0119dzyczasie &#8211; zanim Amerykanie zg\u0142\u0119bili pradzieje tej zabawy\u00a0na swoim podw\u00f3rku i ustalili, \u017ce wszystko zacz\u0119\u0142o si\u0119 w roku 1979\u00a0&#8211; w spraw\u0119 wpl\u0105tano Bogu ducha winnego XVIII-wiecznego matematyka Leonharda Eulera, a niekt\u00f3rzy pr\u00f3bowali nawet &#8222;oskar\u017ca\u0107&#8221; Arab\u00f3w, oczywi\u015bcie tych ze \u015bredniowiecza. Wreszcie o pierwsze\u0144stwo upomnieli si\u0119 Francuzi, og\u0142aszaj\u0105c, \u017ce odnale\u017ali u siebie sodoku w gazecie z roku <a target=\"_blank\" href=\"http:\/\/fr.wikipedia.org\/wiki\/Sudoku\">1895<\/a>.<\/p>\n<p>Okazuje si\u0119 jednak, \u017ce na tym nie koniec. Ujawniane s\u0105 kolejne arcyciekawe, a nawet bulwersuj\u0105ce fakty. Ostatnio rosyjsk\u0105 pras\u0119 obieg\u0142a sensacyjna wiadomo\u015b\u0107, \u017ce sudoku wymy\u015bli\u0142 przed 250 laty niejaki Iwan Iwanowicz Sudokow, ch\u0142op z guberni tulskiej, samouk. Jedn\u0105 ze swoich prac wys\u0142a\u0142 do cara, ale poniewa\u017c ten zadania rozwi\u0105za\u0107 nie umia\u0142, kaza\u0142 autora uwi\u0119zi\u0107 w twierdzy szlisselburskiej, a potem zes\u0142a\u0142 na Sybir. Ruch sudokolnik\u00f3w w obronie Iwana Iwanowicza zosta\u0142 brutalnie st\u0142umiony, a wszelkie informacje na temat sudoku zatrzymywa\u0142a carska cenzura. Podobno Sudokowowi uda\u0142o si\u0119 zbiec z zes\u0142ania i przedosta\u0107 wp\u0142aw przez Cie\u015bnin\u0119 Beringa do pod\u00f3wczas rosyjskiej Alaski, sk\u0105d ruszy\u0142 na po\u0142udnie. P\u00f3\u017aniej walczy\u0142 o niepodleg\u0142o\u015b\u0107 Stan\u00f3w Zjednoczonych u boku sier\u017canta Garnsa, przodka autora pierwszego, zdaniem Jankes\u00f3w,\u00a0\u00a0sudoku. Ranny w bitwie na wzg\u00f3rzach Harlemu pl\u00f3t\u0142 w malignie swemu ameryka\u0144skiemu towarzyszowi trzy po trzy, nie zdaj\u0105c sobie sprawy, \u017ce m\u00f3wi dziewi\u0119\u0107 po dziewi\u0119\u0107. Kiedy wyliza\u0142 si\u0119 z ran i u\u015bwiadomi\u0142 sobie, \u017ce zdradzi\u0142 pomys\u0142 \u0142amig\u0142\u00f3wki, bardzo tego \u017ca\u0142owa\u0142.<br \/>\nPotwierdzeniem odkrycia Sudokowa s\u0105 kawa\u0142ki podartej przez cara kartki z sudoku, znalezione przed wielu laty w k\u0105cie Bursztynowej Komnaty, d\u0142ugo i z nara\u017ceniem \u017cycia\u00a0przechowywane przez sprz\u0105taczk\u0119 sympatyzuj\u0105c\u0105 z ruchem sudokolnik\u00f3w. Oto u\u0142o\u017cony z tych kawa\u0142k\u00f3w prawie ca\u0142y diagram:<\/p>\n<p><img loading=\"lazy\" decoding=\"async\" border=\"0\" width=\"400\" src=\"http:\/\/penszko.blog.polityka.pl\/wp-content\/uploads\/2008\/Iwan_2.JPG\" alt=\"Iwan_2.JPG\" height=\"460\" title=\"Iwan_2.JPG\" \/>\u00a0<\/p>\n<p>Jak wida\u0107, niestety, jednego kawa\u0142ka brak\u00a0&#8211; zosta\u0142 przechwycony przez carsk\u0105 ochran\u0119 w epoce fin de siecle&#8217;u, cho\u0107 niekt\u00f3rzy rewolucjoni\u015bci\u00a0twierdzili,\u00a0\u017ce to sprawka szczur\u00f3w.\u00a0Wiadomo jednak, \u017ce rozmieszczenie cyfr w diagramie by\u0142o symetryczne (symetria \u015brodkowa), a zadanie mia\u0142o dok\u0142adnie jedno rozwi\u0105zanie.\u00a0Zakrojone na szerok\u0105 skal\u0119 badania zmierzajace do ustalenia, jakie dwie cyfry znajdowa\u0142y si\u0119 na zarekwirowanym kawa\u0142ku,\u00a0zosta\u0142y na skutek niedoinwestowania nauki wstrzymane. Pomo\u017cecie uczonym?<\/p>\n<p><em>Dzi\u0119kuj\u0119 Micha\u0142owi za sensacyjn\u0105 historyjk\u0119, kt\u00f3r\u0105 pozwoli\u0142em sobie nieco podkolorowa\u0107. Inne, podobne informacje dotycz\u0105ce sudoku mo\u017cna znale\u017a\u0107 w angielskiej <\/em><a target=\"_blank\" href=\"http:\/\/uncyclopedia.org\/wiki\/Sudoku\"><em>uncyclopedii<\/em><\/a><em> oraz jej innoj\u0119zycznych odpowiednikach. W polskiej <\/em><a target=\"_blank\" href=\"http:\/\/nonsensopedia.wikia.com\/wiki\/Strona_g%C5%82%C3%B3wna\"><em>nonsensopedii<\/em><\/a><em> jak dot\u0105d nikt jeszcze sudoku nie \u015bmia\u0142 ob\u015bmia\u0107<\/em>.<\/p>\n","protected":false},"excerpt":{"rendered":"<p>Bezpo\u015brednim ogniskiem sudokowej zarazy by\u0142a przed trzema laty Anglia, ale wyspiarze ujawnili natychmiast i z przyjemno\u015bci\u0105, \u017ce wirusa przywlekli z Japonii. Z kolei Japo\u0144czyk\u00f3w trzeba by\u0142o troch\u0119 przycisn\u0105\u0107 zanim przyznali si\u0119, \u017ce pomys\u0142 \u015bci\u0105gn\u0119li od Amerykan\u00f3w. W mi\u0119dzyczasie &#8211; zanim Amerykanie zg\u0142\u0119bili pradzieje tej zabawy\u00a0na swoim podw\u00f3rku i ustalili, \u017ce wszystko zacz\u0119\u0142o si\u0119 w roku [&hellip;]<\/p>\n","protected":false},"author":3,"featured_media":0,"comment_status":"open","ping_status":"open","sticky":false,"template":"","format":"standard","meta":{"footnotes":""},"categories":[1],"tags":[],"_links":{"self":[{"href":"https:\/\/blog.polityka.pl\/penszko\/wp-json\/wp\/v2\/posts\/206"}],"collection":[{"href":"https:\/\/blog.polityka.pl\/penszko\/wp-json\/wp\/v2\/posts"}],"about":[{"href":"https:\/\/blog.polityka.pl\/penszko\/wp-json\/wp\/v2\/types\/post"}],"author":[{"embeddable":true,"href":"https:\/\/blog.polityka.pl\/penszko\/wp-json\/wp\/v2\/users\/3"}],"replies":[{"embeddable":true,"href":"https:\/\/blog.polityka.pl\/penszko\/wp-json\/wp\/v2\/comments?post=206"}],"version-history":[{"count":0,"href":"https:\/\/blog.polityka.pl\/penszko\/wp-json\/wp\/v2\/posts\/206\/revisions"}],"wp:attachment":[{"href":"https:\/\/blog.polityka.pl\/penszko\/wp-json\/wp\/v2\/media?parent=206"}],"wp:term":[{"taxonomy":"category","embeddable":true,"href":"https:\/\/blog.polityka.pl\/penszko\/wp-json\/wp\/v2\/categories?post=206"},{"taxonomy":"post_tag","embeddable":true,"href":"https:\/\/blog.polityka.pl\/penszko\/wp-json\/wp\/v2\/tags?post=206"}],"curies":[{"name":"wp","href":"https:\/\/api.w.org\/{rel}","templated":true}]}}